{"id":3915,"date":"2024-04-18T11:52:16","date_gmt":"2024-04-18T14:52:16","guid":{"rendered":"https:\/\/paginacero.com.uy\/?p=3915"},"modified":"2024-04-18T11:52:16","modified_gmt":"2024-04-18T14:52:16","slug":"jornales-solidarios-necesita-un-manejo-de-los-sorteos-en-forma-mas-transparente","status":"publish","type":"post","link":"https:\/\/paginacero.com.uy\/?p=3915","title":{"rendered":"\u201cJornales Solidarios necesita un manejo de los sorteos en forma m\u00e1s transparente\u201d"},"content":{"rendered":"<p><strong>Yeny Niche del Frente Amplio se mostr\u00f3 desconfiada por el manejo de los sorteos en el programa Jornales Solidarios y mencion\u00f3 un caso concreto que llam\u00f3 su atenci\u00f3n, sucedido en el departamento.<\/strong><!--more--><\/p>\n<p>La edila se mostr\u00f3 preocupada por este tema y dio a conocer algunas irregularidades ocurridas en la localidad de Blanquillo.<\/p>\n<p>\u201cMe quiero referir al programa de Jornales Solidarios que en realidad lo veo como una oportunidad muy bien pensada para ayudar a muchos ciudadanos que est\u00e1n pasando por una situaci\u00f3n complicada econ\u00f3mica o laboral. Tambi\u00e9n entiendo que se ha actuado con algo de desprolijidad y quiz\u00e1s hasta cometiendo algunas irregularidades, porque he visto y vivido en mi pueblo esta situaci\u00f3n, en Blanquillo\u201d dijo.<\/p>\n<p>\u201cQuiero destacar y puntualizar lo que alli he podido observar, esta desprolijidad quiz\u00e1s se maneja desde antes de que comiencen las inscripciones, porque muchas personas que se anotan necesitando de ese sueldito, que muchas veces son mujeres jefas de hogar o j\u00f3venes que no tienen oportunidades laborales, piensan en anotarse, pero luego conversando con otros vecinos que tambi\u00e9n quieren anotarse, se desaniman por escuchar aquel que les dice que se anotan porque le dijeron que seguramente le van a dar una mano para que salga favorecido en ese sorteo\u201d agreg\u00f3.<\/p>\n<p>\u201cEntoces, como que empieza a hacer ruido eso y luego, cuando uno ve el sorteo, que no se si todas las personas inscriptas est\u00e1n dentro de esa urna, porque viene un sobre con todos los papelitos y se vuelca en la urna, me surge el bichito de la desconfianza, me taladra y no solo eso, porque cuando vemos la lista de titulares y suplentes es peor a\u00fan\u201d agreg\u00f3.<\/p>\n<p>\u201cEn esta lista vemos varios nombres, vaya casualidad, que corresponde a quienes estuvieron en el comit\u00e9 de uno u otro, el que estuvo colgando carteles, los que anduvieron atr\u00e1s de caudillitos, quienes estuvieron trabajando por un pol\u00edtico y hasta familiares de funcionarios municipales. eso me hace mucho ruido y por eso digo que se ha actuado con desprolijidad y con un dejo de irregularidad\u201d indic\u00f3.<\/p>\n<p>El problema vivido de cerca por una beneficiaria de la localidad de Blanquillo fue el detonante para que la edila mostrara sus reservas con respecto al manejo de los sorteos.<\/p>\n<p>\u201cSurgio en una de las \u00faltimas etapas una muchacha que sali\u00f3 suplente, conversa con la titular para ver si iba a ingresar a los Jornales, \u00e9sta le dijo que iba a renunciar, el segundo suplente tambi\u00e9n iba a renunciar y ella estaba ilusionada con llevar esos pesitos a fin de mes para su casa. Sin embargo el llamado nunca lleg\u00f3, se entera que el suplente que estaba despu\u00e9s de ella si entr\u00f3 y comenz\u00f3 a averiguar por qu\u00e9 no la llamaron, le hicieron una serie de planteos, le dijeron que se les traspapelo el nombre, finalmente logran que la muchacha ocupe ese lugar, que era a quien realmente le correspond\u00eda\u201d dijo.<\/p>\n<p>\u201cSurge la casualidad de que quien renuncia para darle el lugar que le corresponde a esta muchacha, en la etapa siguiente sale sorteada como titular, por eso es que digo, que hay irregularidades, asi que pido que mis palabras pasen al Intendente y a la Comis\u00f3nd de Derechos Humanos de esta Junta\u201d agreg\u00f3.<\/p>\n<p>Este programa de oportunidades laborales est\u00e1 dirigido a personas desocupadas de entre 18 y 65 a\u00f1os, que no reciban ninguna prestaci\u00f3n salarial, ni p\u00fablica ni privada, ni subsidio por desempleo, por enfermedad, jubilaci\u00f3n, pensi\u00f3n u otra retribuci\u00f3n de car\u00e1cter personal.<\/p>\n<p>Las personas beneficiarias del programa realizar\u00e1n tareas desde mayo hasta agosto del 2024.<\/p>\n<p>En relaci\u00f3n al acompa\u00f1amiento que se realiza a las personas sorteadas, se atiende la situaci\u00f3n a partir de la persona y su contexto, a trav\u00e9s de la capacitaci\u00f3n y las condiciones de trabajo. Sobre el objetivo final del programa se busca que en esos cuatro meses, se generen herramientas de trabajo de forma definitiva.<\/p>\n","protected":false},"excerpt":{"rendered":"<p>Yeny Niche del Frente Amplio se mostr\u00f3 desconfiada por el manejo de los sorteos en el programa Jornales Solidarios y mencion\u00f3 un caso concreto que llam\u00f3 su atenci\u00f3n, sucedido en el departamento.<\/p>\n","protected":false},"author":4,"featured_media":3916,"comment_status":"closed","ping_status":"closed","sticky":false,"template":"","format":"standard","meta":{"footnotes":""},"categories":[5],"tags":[],"class_list":["post-3915","post","type-post","status-publish","format-standard","has-post-thumbnail","hentry","category-durazno"],"_links":{"self":[{"href":"https:\/\/paginacero.com.uy\/index.php?rest_route=\/wp\/v2\/posts\/3915","targetHints":{"allow":["GET"]}}],"collection":[{"href":"https:\/\/paginacero.com.uy\/index.php?rest_route=\/wp\/v2\/posts"}],"about":[{"href":"https:\/\/paginacero.com.uy\/index.php?rest_route=\/wp\/v2\/types\/post"}],"author":[{"embeddable":true,"href":"https:\/\/paginacero.com.uy\/index.php?rest_route=\/wp\/v2\/users\/4"}],"replies":[{"embeddable":true,"href":"https:\/\/paginacero.com.uy\/index.php?rest_route=%2Fwp%2Fv2%2Fcomments&post=3915"}],"version-history":[{"count":1,"href":"https:\/\/paginacero.com.uy\/index.php?rest_route=\/wp\/v2\/posts\/3915\/revisions"}],"predecessor-version":[{"id":3917,"href":"https:\/\/paginacero.com.uy\/index.php?rest_route=\/wp\/v2\/posts\/3915\/revisions\/3917"}],"wp:featuredmedia":[{"embeddable":true,"href":"https:\/\/paginacero.com.uy\/index.php?rest_route=\/wp\/v2\/media\/3916"}],"wp:attachment":[{"href":"https:\/\/paginacero.com.uy\/index.php?rest_route=%2Fwp%2Fv2%2Fmedia&parent=3915"}],"wp:term":[{"taxonomy":"category","embeddable":true,"href":"https:\/\/paginacero.com.uy\/index.php?rest_route=%2Fwp%2Fv2%2Fcategories&post=3915"},{"taxonomy":"post_tag","embeddable":true,"href":"https:\/\/paginacero.com.uy\/index.php?rest_route=%2Fwp%2Fv2%2Ftags&post=3915"}],"curies":[{"name":"wp","href":"https:\/\/api.w.org\/{rel}","templated":true}]}}