{"id":3912,"date":"2024-04-18T11:50:50","date_gmt":"2024-04-18T14:50:50","guid":{"rendered":"https:\/\/paginacero.com.uy\/?p=3912"},"modified":"2024-04-18T11:50:50","modified_gmt":"2024-04-18T14:50:50","slug":"sarandi-del-yi-no-puede-atender-a-sus-ninos-y-jovenes-con-autismo-por-falta-de-fonoaudiologo","status":"publish","type":"post","link":"https:\/\/paginacero.com.uy\/?p=3912","title":{"rendered":"\u201cSarand\u00ed del Yi no puede atender a sus ni\u00f1os y j\u00f3venes con autismo por falta de fonoaudi\u00f3logo\u201d"},"content":{"rendered":"<p><strong>Andr\u00e9s Pereyra, edil del Partido Nacional hizo una propuesta, en el marco de la campa\u00f1a preelectoral, referida al aumento de la licencia maternal y paternal, con el objetivo de aumentar la tasa de natalidad del pa\u00eds. Tambi\u00e9n se mostr\u00f3 preocupado por la falta de profesionales que atienden directamente a personas con TEA.<\/strong><!--more--><\/p>\n<p>\u201cEn primer lugar, hace unos d\u00edas, el 2 de abril se celebr\u00f3 el D\u00eda Mundial de Concientizaci\u00f3n del Autismo hicimos una publicaci\u00f3n en las redes sociales y eso despert\u00f3 una catarata de mensajes de madres, de docentes, mostr\u00e1ndonos las realidades que tienen a la hora de poder atender a sus hijos y a sus seres queridos en el interior del departamento, de esta manera empezamos a conocer una realidad de algo que fue muy requerido en esos mensajes y una voz muy repetitiva, que es la falta de fonoaudi\u00f3logo en Sarand\u00ed del Y\u00ed\u201d dijo.<\/p>\n<p>\u201cSi bien Cempadi ha tenido y tiene la vocaci\u00f3n de ayudar en eso, por momentos no han encontrado la persona indicada y hasta el lunes no ten\u00edan ese profesional disponible. Tambi\u00e9n en el Centro Auxiliar por una licencia maternal estaba pasando la misma situaci\u00f3n. Muchas maestras nos han indicado que es necesario contar con un fonoaudi\u00f3logo para tratar a escolares con esa problem\u00e1tica. Parece que es un tema de suma importancia y otra vez se ve la diferencia entre el interior y la capital. En la capital hay esas posibilidades, esos profesionales y en el interior a veces tienen que ocupar todo el d\u00eda en ir a Durazno para lograr la atenci\u00f3n. A los profesionales se le paga el laudo, se le da alimentaci\u00f3n, pero no alcanza para tratar de convener al especialista de que vaya a las localidades del interior\u201d agreg\u00f3.<\/p>\n<p>\u201cEntonces quisiera que estas palabras pasaran a la Comisi\u00f3n de Salud, ya que es un tema que quiz\u00e1s no tenga soluci\u00f3n a corto plazo pero se debe visibilizar y de una manera u otra buscar el apoyo econ\u00f3mico para incentivar a esos especialistas que vayan a darle una ayuda a esos ni\u00f1os y esos j\u00f3venes que sufren o tienen un determinado tipo de calidad de vida que con un fonoaudiologo podria cambiar\u201d dijo.<\/p>\n<p>El edil tambi\u00e9n se lanz\u00f3 de lleno a una propuesta con miras a la campa\u00f1a electoral, relacionada a las licencias por maternidad y paternidad.<\/p>\n<p>\u201cHemos estado estudiando, visto, hemos analizado por derecho comparado y tambi\u00e9n por alg\u00fan organismo estatal a raiz del \u00faltimo n\u00famero que hay en Uruguay de la baja natalidad, eso a nosotros nos preocupa y nos demuestra que la gente hoy, por m\u00e1s que lo veamos en los vecinos, no tienen hijos, no crece la natalidad. Ese tema ocupa a la seguridad social, a los centros de ense\u00f1anza, tambi\u00e9n a la productividad del pa\u00eds, ocupa a todos. Hemo visto con agrado en algunos pa\u00edses que han extendido la ayuda a la mam\u00e1 y al pap\u00e1, aquellos que se ocupan de los hijos, aumentando la extensi\u00f3n de la licencia maternal. Sabemos que estamos en etapa electoral, es una etapa donde uno lanza las propuestas y ahora estamos lanzando una propuesta sumamente concreta, que la vamos a extender a ADEOM Durazno, al gremio de los funcionarios municipales, de ver en el pr\u00f3ximo per\u00edodo una extensi\u00f3n de la licencia maternal para aquellas mam\u00e1s, que ahora es de tres meses con un medio horario, vamos a pensar en seis meses, tambi\u00e9n pensar en el padre ya que son se\u00f1ales de que la familia no crece, que necesitamos contenci\u00f3n, los \u00edndices de pobreza infantil son los m\u00e1s altos\u201d agreg\u00f3.<\/p>\n<p>\u201cLos pa\u00edses que han extendido en la actualidad la licencia maternal a dos a\u00f1os, nosotros tenemos solamente tres meses, han tenido buenos resultados. Nos parece adecuado dar apoyo a las familias para que se integren. Como dice la Constituci\u00f3n uruguaya, la familia debe ser el centro de la sociedad, nos parece sumamente importante y gratificante que esa idea haya dado buenos resultados en otros pa\u00edses. Por supuesto no estamos hablando de dos a\u00f1os como Noruega, o un a\u00f1o como algunas Universidades de este pa\u00eds, algunos trabajos que dan extensi\u00f3n de cuatro meses y dos meses m\u00e1s de medio horario, estamos queriendo entablar el tema, nos parece que hay que discutir pol\u00edticas reales para aumentar la natalidad en el Uruguay, pol\u00edticas reales que ayuden a la familia, que dignifiquen la tarea de mam y pap\u00e1 y la licencia maternal, ya que tambi\u00e9n los m\u00e9dicos, neonat\u00f3logos y pediatras aconsejan solo el pecho materno en os primeros meses. Hay que hacer una campa\u00f1a de propuestas en estos momentos, queremos que este tema pase tambi\u00e9n a la Comisi\u00f3n de Salud y a la C\u00e1mrara de Representantes y Senadores\u201d finaliz\u00f3 diciendo.<\/p>\n","protected":false},"excerpt":{"rendered":"<p>Andr\u00e9s Pereyra, edil del Partido Nacional hizo una propuesta, en el marco de la campa\u00f1a preelectoral, referida al aumento de la licencia maternal y paternal, con el objetivo de aumentar la tasa de natalidad del pa\u00eds. Tambi\u00e9n se mostr\u00f3 preocupado por la falta de profesionales que atienden directamente a personas con TEA.<\/p>\n","protected":false},"author":4,"featured_media":3913,"comment_status":"closed","ping_status":"closed","sticky":false,"template":"","format":"standard","meta":{"footnotes":""},"categories":[5],"tags":[],"class_list":["post-3912","post","type-post","status-publish","format-standard","has-post-thumbnail","hentry","category-durazno"],"_links":{"self":[{"href":"https:\/\/paginacero.com.uy\/index.php?rest_route=\/wp\/v2\/posts\/3912","targetHints":{"allow":["GET"]}}],"collection":[{"href":"https:\/\/paginacero.com.uy\/index.php?rest_route=\/wp\/v2\/posts"}],"about":[{"href":"https:\/\/paginacero.com.uy\/index.php?rest_route=\/wp\/v2\/types\/post"}],"author":[{"embeddable":true,"href":"https:\/\/paginacero.com.uy\/index.php?rest_route=\/wp\/v2\/users\/4"}],"replies":[{"embeddable":true,"href":"https:\/\/paginacero.com.uy\/index.php?rest_route=%2Fwp%2Fv2%2Fcomments&post=3912"}],"version-history":[{"count":1,"href":"https:\/\/paginacero.com.uy\/index.php?rest_route=\/wp\/v2\/posts\/3912\/revisions"}],"predecessor-version":[{"id":3914,"href":"https:\/\/paginacero.com.uy\/index.php?rest_route=\/wp\/v2\/posts\/3912\/revisions\/3914"}],"wp:featuredmedia":[{"embeddable":true,"href":"https:\/\/paginacero.com.uy\/index.php?rest_route=\/wp\/v2\/media\/3913"}],"wp:attachment":[{"href":"https:\/\/paginacero.com.uy\/index.php?rest_route=%2Fwp%2Fv2%2Fmedia&parent=3912"}],"wp:term":[{"taxonomy":"category","embeddable":true,"href":"https:\/\/paginacero.com.uy\/index.php?rest_route=%2Fwp%2Fv2%2Fcategories&post=3912"},{"taxonomy":"post_tag","embeddable":true,"href":"https:\/\/paginacero.com.uy\/index.php?rest_route=%2Fwp%2Fv2%2Ftags&post=3912"}],"curies":[{"name":"wp","href":"https:\/\/api.w.org\/{rel}","templated":true}]}}