{"id":3907,"date":"2024-04-17T15:38:07","date_gmt":"2024-04-17T18:38:07","guid":{"rendered":"https:\/\/paginacero.com.uy\/?p=3907"},"modified":"2024-04-17T15:38:07","modified_gmt":"2024-04-17T18:38:07","slug":"la-produccion-del-interior-debe-salir-y-tienen-que-mejorarse-los-caminos","status":"publish","type":"post","link":"https:\/\/paginacero.com.uy\/?p=3907","title":{"rendered":"\u201cLa producci\u00f3n del interior debe salir y tienen que mejorarse los caminos\u201d"},"content":{"rendered":"<p><strong>Fernando Parodi del Partido Colorado present\u00f3 las malas condiciones en que se encuentran calles en nuestra ciudad, concretamente en barrio La Cantera, adem\u00e1s de caminos del interior que se han visto malogrados con las lluvias.<\/strong><!--more--><\/p>\n<p>\u201cVemos el barrio La Cantera, calle H\u00e9ctor Guti\u00e9rrez Ruiz pegado a calle continuaci\u00f3n Batlle, un vecino se nos acerc\u00f3 para que vi\u00e9ramos la situaci\u00f3n luego de las inundaciones. El video que podemos ver es cedido por este vecino durante las inundaciones, lamentablemente cada lluvia fuerte estos vecinos est\u00e1n sufriendo la situaci\u00f3n, nos cuentan que en la esquina de la misma calle hay un saneamiento roto desde hace quince a\u00f1os, por lo que queremos pedir que las autoridades se arrimen. Sabemos que el Director de Obras prometi\u00f3 dar soluci\u00f3n a esta situaci\u00f3n, esperemos que sea pronto porque la verdad que el transitar y vivir en esas calles que no tienen vereda la gran mayor\u00eda, se hace imposible y los vecinos est\u00e1n cansados de estar as\u00ed\u201d dijo.<\/p>\n<p>\u201cPor otro lado tambi\u00e9n piden los vecinos de este barrio que al menos pasen una o dos veces al a\u00f1o y limpien la parte de la zanja de los costados de la calle que tambi\u00e9n se llena de material, de mugre, se desborda y entra a la casa de estos vecinos. Estamos hablando de barrio La Cantera\u201d agreg\u00f3.<\/p>\n<p>Adem\u00e1s, hizo referencia al estado de los caminos en el interior.<\/p>\n<p>\u201cTuve la posibilidad la semana pasada de andar en algunos caminos rurales por temas laborales y teniendo en cuenta que el pr\u00f3ximo mes va a salir lo que son las semillas de diferentes lugares la verdad que los caminos, sabemos que llovi\u00f3 mucho y las grandes lluvias dejaron en muy mal estado y queremos pedirle al Ejecutivo o a la gente de Obras de la Intendencia que traten de arreglarlo, lo hemos pedido muchas veces, no vemos que se de resultado. Para los productores, para la producci\u00f3n es indispensable, este pedido es reiterativo pero tengamos en cuenta que Durazno es un departamento ganadero tambi\u00e9n y est\u00e1 continuamente todo el a\u00f1o saliendo la producci\u00f3n por estos caminos, as\u00ed que pedimos que estas palabras pasen al Ejecutivo, a la Comisi\u00f3n de Obras y a la Direcci\u00f3n de Obras\u201d finaliz\u00f3.<\/p>\n<p>El plan de Huertas Familiares, impulsado por la Intendencia de Durazno a trav\u00e9s del Departamento de Desarrollo, dio comienzo a la entrega de kits de semillas en Blanquillo, La Paloma, Cerro Chato, Sarand\u00ed del Y\u00ed, Carlos Reyles, Centenario, San Jorge, Feliciano, Cuchilla de Ram\u00edrez y Las Palmas. Durante la entrega, el T\u00e9cnico Marcelo Irigoin impartir\u00e1 charla instructiva.<\/p>\n<p>El cultivo, utilizaci\u00f3n y consumo de hortalizas frescas, junto al desarrollo de buenos h\u00e1bitos de vida contribuyen a mejorar la salud y calidad de vida de las personas.<\/p>\n<p>El desarrollo de las huertas org\u00e1nicas familiares permite contribuir a la seguridad alimentaria y nutricional de las personas, mediante una actividad econ\u00f3mica, social y ambientalmente viable, digna e integradora.<\/p>\n<p>El Plan de Huertas Familiares llega cada a\u00f1o a todos los rincones del departamento. Entre sus objetivos busca contribuir a las necesidades de la gente, promoviendo la producci\u00f3n de alimentos sanos y naturales, apoyando familias, barrios y escuelas, apostando al cuidado del medio ambiente y el bienestar de la comunidad.<\/p>\n<p>Cada vez m\u00e1s en nuestro pa\u00eds las huertas familiares, educativas, urbanas y comunitarias representan una forma de paliar la crisis econ\u00f3mica, un espacio de aprendizaje vivencial, un un lugar para la recreaci\u00f3n y un momento de contacto con la naturaleza. A su vez, y sobre todo en el caso de los ni\u00f1os, cultivar alimentos, abre las puertas a conocer nuevos frutos y vegetales para mejorar la alimentaci\u00f3n. No menos importante, es la toma de conciencia sobre el cuidado del ambiente a trav\u00e9s del reciclaje y el compostaje de residuos org\u00e1nicos, para utilizar como abono en las huertas.<\/p>\n","protected":false},"excerpt":{"rendered":"<p>Fernando Parodi del Partido Colorado present\u00f3 las malas condiciones en que se encuentran calles en nuestra ciudad, concretamente en barrio La Cantera, adem\u00e1s de caminos del interior que se han visto malogrados con las lluvias.<\/p>\n","protected":false},"author":4,"featured_media":3908,"comment_status":"closed","ping_status":"closed","sticky":false,"template":"","format":"standard","meta":{"footnotes":""},"categories":[5],"tags":[],"class_list":["post-3907","post","type-post","status-publish","format-standard","has-post-thumbnail","hentry","category-durazno"],"_links":{"self":[{"href":"https:\/\/paginacero.com.uy\/index.php?rest_route=\/wp\/v2\/posts\/3907","targetHints":{"allow":["GET"]}}],"collection":[{"href":"https:\/\/paginacero.com.uy\/index.php?rest_route=\/wp\/v2\/posts"}],"about":[{"href":"https:\/\/paginacero.com.uy\/index.php?rest_route=\/wp\/v2\/types\/post"}],"author":[{"embeddable":true,"href":"https:\/\/paginacero.com.uy\/index.php?rest_route=\/wp\/v2\/users\/4"}],"replies":[{"embeddable":true,"href":"https:\/\/paginacero.com.uy\/index.php?rest_route=%2Fwp%2Fv2%2Fcomments&post=3907"}],"version-history":[{"count":1,"href":"https:\/\/paginacero.com.uy\/index.php?rest_route=\/wp\/v2\/posts\/3907\/revisions"}],"predecessor-version":[{"id":3909,"href":"https:\/\/paginacero.com.uy\/index.php?rest_route=\/wp\/v2\/posts\/3907\/revisions\/3909"}],"wp:featuredmedia":[{"embeddable":true,"href":"https:\/\/paginacero.com.uy\/index.php?rest_route=\/wp\/v2\/media\/3908"}],"wp:attachment":[{"href":"https:\/\/paginacero.com.uy\/index.php?rest_route=%2Fwp%2Fv2%2Fmedia&parent=3907"}],"wp:term":[{"taxonomy":"category","embeddable":true,"href":"https:\/\/paginacero.com.uy\/index.php?rest_route=%2Fwp%2Fv2%2Fcategories&post=3907"},{"taxonomy":"post_tag","embeddable":true,"href":"https:\/\/paginacero.com.uy\/index.php?rest_route=%2Fwp%2Fv2%2Ftags&post=3907"}],"curies":[{"name":"wp","href":"https:\/\/api.w.org\/{rel}","templated":true}]}}