{"id":3904,"date":"2024-04-17T15:33:21","date_gmt":"2024-04-17T18:33:21","guid":{"rendered":"https:\/\/paginacero.com.uy\/?p=3904"},"modified":"2024-04-17T15:33:21","modified_gmt":"2024-04-17T18:33:21","slug":"la-unidad-ejecutora-de-sarandi-del-yi-necesita-recursos-para-funcionar-adecuadamente","status":"publish","type":"post","link":"https:\/\/paginacero.com.uy\/?p=3904","title":{"rendered":"\u201cLa Unidad Ejecutora de Sarand\u00ed del Y\u00ed necesita recursos para funcionar adecuadamente\u201d"},"content":{"rendered":"<p><strong>El edil frenteamplista Jos\u00e9 Rizzo destac\u00f3 las problem\u00e1ticas que conserva a\u00fan la Unidad Ejecutora del MSP en Sarand\u00ed del Y\u00ed, a la cual le est\u00e1n faltando recursos.<\/strong><!--more--><\/p>\n<p>El edil hizo referencia al compromiso del actual presidente Luis Lacalle con respecto a la autonom\u00eda que se estar\u00eda brindando a la ciudad, espec\u00edficamente por la actualmente nominada Unidad Ejecutora del MSP.<\/p>\n<p>\u201cHace 5 a\u00f1os atr\u00e1s en la plaza doctor Alberto Enamorado de Sarand\u00ed del Y\u00ed, el entonces precandidato a la presidencia de la Rep\u00fablica Luis Lacalle Pou dec\u00eda textual y cito \u201chay un componente que tiene que tener una ciudad, una ciudad no es solo decirse ciudad, una ciudad es tener entre otras cosas poder nacer en tu pueblo y nosotros estamos comprometidos en eso\u201d, cinco a\u00f1os tiene esa frase, hace unas semanas atr\u00e1s, hace quince d\u00edas atr\u00e1s, la Comisi\u00f3n de Funcionarios del Centro Auxiliar de Sarand\u00ed del Y\u00ed hicieron p\u00fablico una serie de reclamos que son los mismos que hicieron hace dos a\u00f1os atr\u00e1s cuando nos citaron a ediles radicados en la ciudad de Sarand\u00ed del Y\u00ed\u201d dijo.<\/p>\n<p>\u201cSe sigue pidiendo por trabajador social, por psiquiatra, por nutricionista, m\u00e9dico de familia, auxiliares de enfermer\u00eda, encargaturas de choferes, se siguen esperando dos ambulancias que no se repusieron y a esas dos ambulancias vamos a agregarle tambi\u00e9n la ambulancia que est\u00e1 faltando en la ciudad del Carmen, que esperemos y dicen ahora para su 150 aniversario podr\u00eda estar nuevamente all\u00ed. todas las cosas que hab\u00edan prometido que iban a solucionar, el ser unidad ejecutora no quiere decir que esto se fuera a solucionar, para eso hay que agregarle presupuesto, pero no para agregar contador y funcionarios de inform\u00e1tica\u201d agreg\u00f3.<\/p>\n<p>\u201cSe fue a la ciudad de Sarand\u00ed del Y\u00ed hace un par de a\u00f1os a inaugurar una sala de Telemedicina, hoy es un consultorio com\u00fan y corriente, seguimos sin la instalaci\u00f3n de una sala de Telemedicina, que se hablaba de las conexiones de fibra \u00f3ptica, hay fibra \u00f3ptica, pero la sala de Telemedicina sigue sin ser inaugurada como deber\u00eda ser, simplemente se hizo una reforma que se festej\u00f3 con bombos y platillos, la obra que se hizo financiada por la Embajada de Jap\u00f3n\u201d indic\u00f3.<\/p>\n<p>En dicho centro asistencial, se implementa el servicio de Telemedicina, que tiene como objetivo realizar diagn\u00f3sticos, tratamientos y prevenci\u00f3n de enfermedades, as\u00ed como tambi\u00e9n la formaci\u00f3n permanente de profesionales en actividades de investigaci\u00f3n y evaluaci\u00f3n. Algunos de los detalles de la obra de reforma y ampliaci\u00f3n incluye el \u00e1rea de Policl\u00ednicas, con un total de 90 m\u00b2, incorpora 3 consultorios, sala de espera y sala de reuniones.<\/p>\n<p>Se reacondicion\u00f3, adem\u00e1s, el sector de ingreso al Centro, incluyendo veredas, se recuper\u00f3 el sector de azoteas, se realiz\u00f3 pintura interior y exterior y nuevo tendido el\u00e9ctrico.<\/p>\n<p>El costo total de la obra lleg\u00f3 a casi 5 millones de pesos uruguayos. La inversi\u00f3n fue realizada por ASSE en colaboraci\u00f3n con el gobierno de Jap\u00f3n. Al respecto, cabe recordar que, en junio de 2021, la Embajada de ese pa\u00eds y ASSE firmaron un contrato de donaci\u00f3n, para la renovaci\u00f3n y ampliaci\u00f3n de centros de salud y adquisici\u00f3n de equipos m\u00e9dicos.<\/p>\n<p>Actualmente, la sala no est\u00e1 funcionando correctamente.<\/p>\n<p>Destac\u00f3 que pr\u00f3ximo a celebrarse el D\u00eda de los Municipios, estar\u00e1 pidiendo en un informe datos sobre las acciones que la Intendencia ha tenido hacia funcionarios damnificados por distintos temas.<\/p>\n<p>\u201cEstamos a pocos d\u00edas que se celebre un dia m\u00e1s de los Municipios de Am\u00e9rica, en Sarand\u00ed del Y\u00ed y al respecto vamos a hacer un pedido de informes sobre la colaboraci\u00f3n que haya hecho el Municipio de Sarand\u00ed del Yi en estos \u00faltimos meses con viviendas que hayan tenido alg\u00fan tipo de siniestro, ya sean clim\u00e1ticos o por ejemplo incendios. Si se ha colaborado con propietarios que tienen viviendas humildes y hayan tenido alg\u00fan inconveniente o se ha intervenido en viviendas que est\u00e1n siendo alquiladas, que tienen un propietario y tienen esas viviendas como negocio. Ese pedido de informes ser\u00e1 enviado en pocos d\u00edas\u201d agreg\u00f3.<\/p>\n<p>\u201cEst\u00e1n faltando pocos d\u00edas para el D\u00eda de los Municipios de Am\u00e9rica, muchas de las personas damnificadas con estos eventos clim\u00e1ticos son funcionarios municipales de la Intendencia Departamental y diferentes municipios, puntualmente en Sarand\u00ed del Y\u00ed hay un funcionario y su<\/p>\n<p>familia que hace tiempo est\u00e1n pidiendo colaboraci\u00f3n y apenas llegaron unas chapas que por lo que me lleg\u00f3 de informaci\u00f3n no es suficiente para sus necesidades. Ha ido pidiendo madera, para poner ese techo, estar\u00eda bueno que la Intendencia Departamental tuviese alg\u00fan fondo para ayudar sobre todo a sus funcionarios cuando tengan este tipo de inconvenientes. Con respecto a este tema quisiera que mis palabras pasen al Intendente Municipal\u201d finaliz\u00f3.<\/p>\n","protected":false},"excerpt":{"rendered":"<p>El edil frenteamplista Jos\u00e9 Rizzo destac\u00f3 las problem\u00e1ticas que conserva a\u00fan la Unidad Ejecutora del MSP en Sarand\u00ed del Y\u00ed, a la cual le est\u00e1n faltando recursos.<\/p>\n","protected":false},"author":4,"featured_media":3905,"comment_status":"closed","ping_status":"closed","sticky":false,"template":"","format":"standard","meta":{"footnotes":""},"categories":[5],"tags":[],"class_list":["post-3904","post","type-post","status-publish","format-standard","has-post-thumbnail","hentry","category-durazno"],"_links":{"self":[{"href":"https:\/\/paginacero.com.uy\/index.php?rest_route=\/wp\/v2\/posts\/3904","targetHints":{"allow":["GET"]}}],"collection":[{"href":"https:\/\/paginacero.com.uy\/index.php?rest_route=\/wp\/v2\/posts"}],"about":[{"href":"https:\/\/paginacero.com.uy\/index.php?rest_route=\/wp\/v2\/types\/post"}],"author":[{"embeddable":true,"href":"https:\/\/paginacero.com.uy\/index.php?rest_route=\/wp\/v2\/users\/4"}],"replies":[{"embeddable":true,"href":"https:\/\/paginacero.com.uy\/index.php?rest_route=%2Fwp%2Fv2%2Fcomments&post=3904"}],"version-history":[{"count":1,"href":"https:\/\/paginacero.com.uy\/index.php?rest_route=\/wp\/v2\/posts\/3904\/revisions"}],"predecessor-version":[{"id":3906,"href":"https:\/\/paginacero.com.uy\/index.php?rest_route=\/wp\/v2\/posts\/3904\/revisions\/3906"}],"wp:featuredmedia":[{"embeddable":true,"href":"https:\/\/paginacero.com.uy\/index.php?rest_route=\/wp\/v2\/media\/3905"}],"wp:attachment":[{"href":"https:\/\/paginacero.com.uy\/index.php?rest_route=%2Fwp%2Fv2%2Fmedia&parent=3904"}],"wp:term":[{"taxonomy":"category","embeddable":true,"href":"https:\/\/paginacero.com.uy\/index.php?rest_route=%2Fwp%2Fv2%2Fcategories&post=3904"},{"taxonomy":"post_tag","embeddable":true,"href":"https:\/\/paginacero.com.uy\/index.php?rest_route=%2Fwp%2Fv2%2Ftags&post=3904"}],"curies":[{"name":"wp","href":"https:\/\/api.w.org\/{rel}","templated":true}]}}