{"id":3901,"date":"2024-04-17T15:31:49","date_gmt":"2024-04-17T18:31:49","guid":{"rendered":"https:\/\/paginacero.com.uy\/?p=3901"},"modified":"2024-04-17T15:31:49","modified_gmt":"2024-04-17T18:31:49","slug":"queremos-que-el-nombre-de-elsa-casas-integre-el-nomenclator-carmense","status":"publish","type":"post","link":"https:\/\/paginacero.com.uy\/?p=3901","title":{"rendered":"\u201cQueremos que el nombre de Elsa Casas integre el nomenclator carmense\u201d"},"content":{"rendered":"<p><strong>Sebasti\u00e1n Charlo edil del partido Nacional pidi\u00f3 porque las actividades vuelvan a la sede de Artigas, donde los vecinos tienen instalada la infraestructura para que se dicten diferentes propuestas.<\/strong><!--more--><\/p>\n<p>\u201cHoy venimos a plantear la inquietud de los vecinos de la Sede de Artigas, relacionada a la apertura del local donde daban clases de costura, cocina, computaci\u00f3n y desde este \u00faltimo periodo se ha cerrado y no se han desarrollado m\u00e1s actividades, por m\u00e1s que cuentan con todas las herramientas con las cuales se nutr\u00edan para hacer todos esos cursos. Han tenido la negativa del Ejecutivo para abrir ese centro, o aunque sea para dar alguna clase en lo que es la sede, dirigida a vecinos de todos los alrededores\u201d dijo.<\/p>\n<p>\u201cAll\u00ed se generaba una linda actividad para los vecinos. Quiero que esto pase al Intendente Vidal\u00edn y al director de Desarrollo porque todos nos llenamos la boca hablando de generar actividades para los vecinos pero despu\u00e9s no se concretan\u201d agreg\u00f3.<\/p>\n<p>Tambi\u00e9n pidi\u00f3 que el nombre de la carmense Elsa Casas fuera inclu\u00eddo en el nomenclator de la ciudad.<\/p>\n<p>\u201cUn pedido de vecinos de la ciudad del Carmen es que alguna calle de la ciudad tenga el nombre de la carmense Elsa Casas, lo ped\u00edan para que se concrete antes del 10 de junio, para que est\u00e9 presente cuando se cumplan los 150 a\u00f1os de la ciudad. Pido que estas palabras pasen al ejecutivo y a la Comisi\u00f3n de Nomenclatura\u201d indic\u00f3.<\/p>\n<p>Elsa Casas naci\u00f3 el 7 de junio de 1934 y falleci\u00f3 el 29 de diciembre de 2014, fue una activa integrante de la comunidad de la ciudad del Carmen,integrante durante tres per\u00edodos consecutivos de la Junta Departamental. Tuvo durante su vida un compromiso permanente con la vocaci\u00f3n de servicio.<\/p>\n<p>Fue funcionaria p\u00fablica del Banco de Previsi\u00f3n Social y brind\u00f3 sus m\u00e1ximos esfuerzos para que todos los contribuyentes tuvieran una atenci\u00f3n humana y no engrosar expedientes burocr\u00e1ticos, incansable luchadora para que quienes hab\u00edan trabajado pudieran tener el derecho a una jubilaci\u00f3n.<\/p>\n<p>Integr\u00f3 la Asociaci\u00f3n de Residentes Carmenses en la capital del pa\u00eds, realizando una labor de ayuda social a Villa del Carmen. Luego de jubilada trabaj\u00f3 intensamente en la Asociaci\u00f3n de Jubilados y Pensionistas de Villa del Carmen junto a distinguidos vecinos de esa localidad, como Astur Rivero, Nancy de la Quintana, Ariel Acevedo, Petrona Remedios, para citar s\u00f3lo algunos.<\/p>\n<p>En 1998 invitada por Carmelo Vidal\u00edn integra la agrupaci\u00f3n Alianza Departamental Nacionalista y en mayo del 2000 resulta electa edil por el Partido Nacional, lista 41, la cual se repetir\u00eda en las elecciones de los a\u00f1os 2005 y 2010 y lleg\u00f3 a presidir la Junta Departamental.<\/p>\n<p>Elsa Casas era una persona sencilla, respetuosa y tolerante con las ideas ajenas. Su preocupaci\u00f3n social la marc\u00f3 siempre, poniendo \u00e9nfasis en la ni\u00f1ez y en el adulto mayor, enalteci\u00f3 la funci\u00f3n p\u00fablica, su trato humano y servicial la caracterizaron como una edila a quien se pod\u00eda recurrir con facilidad y a trav\u00e9s de ella ser el conducto para propuestas, iniciativas, e incluso el aporte con soluciones a diferentes problemas de los habitantes del interior.<\/p>\n","protected":false},"excerpt":{"rendered":"<p>Sebasti\u00e1n Charlo edil del partido Nacional pidi\u00f3 porque las actividades vuelvan a la sede de Artigas, donde los vecinos tienen instalada la infraestructura para que se dicten diferentes propuestas.<\/p>\n","protected":false},"author":4,"featured_media":3902,"comment_status":"closed","ping_status":"closed","sticky":false,"template":"","format":"standard","meta":{"footnotes":""},"categories":[5],"tags":[],"class_list":["post-3901","post","type-post","status-publish","format-standard","has-post-thumbnail","hentry","category-durazno"],"_links":{"self":[{"href":"https:\/\/paginacero.com.uy\/index.php?rest_route=\/wp\/v2\/posts\/3901","targetHints":{"allow":["GET"]}}],"collection":[{"href":"https:\/\/paginacero.com.uy\/index.php?rest_route=\/wp\/v2\/posts"}],"about":[{"href":"https:\/\/paginacero.com.uy\/index.php?rest_route=\/wp\/v2\/types\/post"}],"author":[{"embeddable":true,"href":"https:\/\/paginacero.com.uy\/index.php?rest_route=\/wp\/v2\/users\/4"}],"replies":[{"embeddable":true,"href":"https:\/\/paginacero.com.uy\/index.php?rest_route=%2Fwp%2Fv2%2Fcomments&post=3901"}],"version-history":[{"count":1,"href":"https:\/\/paginacero.com.uy\/index.php?rest_route=\/wp\/v2\/posts\/3901\/revisions"}],"predecessor-version":[{"id":3903,"href":"https:\/\/paginacero.com.uy\/index.php?rest_route=\/wp\/v2\/posts\/3901\/revisions\/3903"}],"wp:featuredmedia":[{"embeddable":true,"href":"https:\/\/paginacero.com.uy\/index.php?rest_route=\/wp\/v2\/media\/3902"}],"wp:attachment":[{"href":"https:\/\/paginacero.com.uy\/index.php?rest_route=%2Fwp%2Fv2%2Fmedia&parent=3901"}],"wp:term":[{"taxonomy":"category","embeddable":true,"href":"https:\/\/paginacero.com.uy\/index.php?rest_route=%2Fwp%2Fv2%2Fcategories&post=3901"},{"taxonomy":"post_tag","embeddable":true,"href":"https:\/\/paginacero.com.uy\/index.php?rest_route=%2Fwp%2Fv2%2Ftags&post=3901"}],"curies":[{"name":"wp","href":"https:\/\/api.w.org\/{rel}","templated":true}]}}