{"id":3894,"date":"2024-04-16T10:47:21","date_gmt":"2024-04-16T13:47:21","guid":{"rendered":"https:\/\/paginacero.com.uy\/?p=3894"},"modified":"2024-04-16T10:47:21","modified_gmt":"2024-04-16T13:47:21","slug":"hay-vecinos-de-primera-y-vecinos-de-segunda","status":"publish","type":"post","link":"https:\/\/paginacero.com.uy\/?p=3894","title":{"rendered":"\u201cHay vecinos de primera y vecinos de segunda\u201d"},"content":{"rendered":"<p><strong>Pablo Acosta del partido Cabildo Abierto hizo una presentaci\u00f3n donde destac\u00f3 el mal estado en que se encuentran las calles de varios barrios y consider\u00f3 que algunos vecinos, son considerados de segunda.<\/strong><!--more--><\/p>\n<p>El edil hizo su intervenci\u00f3n bas\u00e1ndose en las m\u00faltiples quejas de vecinos de algunos barrios que tienen sus calles en condiciones intransitables, ya sea debido a las lluvias ca\u00eddas recientemente o a situaciones que se vienen postergando en el tiempo.<\/p>\n<p>\u201cNo quiero ser reiterativo pero siempre estoy tocando temas que incumben a nuestra sociedad, como ser el tema de calles y lugares que est\u00e1n olvidados. Como ven en la foto, la calle Atahualpa Rodr\u00edguez y Celio Faira, para que se ubiquen esa calle termina en el cementerio, en el muro del cementerio, con las lluvias y no tanto con las lluvias, sino todo el a\u00f1o, est\u00e1 en muy malas condiciones. Podr\u00eda decir que los vecinos de la zona viven en un chiquero y capaz que no en un chiquero, porque los chiqueros de ahora tienen material, son de hormig\u00f3n, esa gente tiene que salir muchas veces caminando, en moto, en bicicleta, pocos tienen auto en esa zona, y se les hace imposible\u201d dijo.<\/p>\n<p>Destac\u00f3 que es necesario la colocaci\u00f3n aunque sea de otros materiales, balastro por ejemplo, para dar mayor firmeza a los terrenos y permitir una salida m\u00e1s adecuada de los vecinos de sus hogares.<\/p>\n<p>\u201cHace mucho tiempo vienen reclamando los vecinos de esa zona que se los tenga en cuenta y que por lo menos se le hagan un tratamiento a la calle, as\u00ed sea con balastro, ya que si no alcanza para otro tipo de material para esa zona, no quiero entrar en pol\u00e9mica entre sociedades, pero creo firmemente que en este momento estamos frente a una situaci\u00f3n que me costaba creer en su momento pensarlo, pero ahora lo afirmo, hay ciudadanos de primera y ciudadanos de segunda. Y esa gente son ciudadanos de segunda\u201d agreg\u00f3.<\/p>\n<p>\u201cSon ciudadanos de segunda que sufren d\u00eda a d\u00eda tener que andar dentro del barro, muchas veces caminando como lo dije anteriormente, en bicicleta o en moto. Me gustar\u00eda que las autoridades pasaran por ah\u00ed, eso s\u00ed, les recomiendo que lleven botas de goma, la verdad es lamentable porque se le ha pedido, porque me lo han dicho los vecinos en m\u00e1s de una oportunidad a las autoridades, y no han tenido respuesta. Hace unos d\u00edas pasaron una m\u00e1quina, prometieron llevarle balastro y hasta ahora est\u00e1n esperando, ahora se viene la lluvia nuevamente, van a tener que salir como les dije, con botas de goma. Me gustar\u00eda que esto pasara al Director de Obras y al Se\u00f1or Intendente\u201d indic\u00f3.<\/p>\n<p>Tambi\u00e9n hizo referencia a la problem\u00e1tica que presenta OSE en la ciudad, donde son muchas las calles que se ven afectadas por roturas de ca\u00f1os, luego de que la Intendencia interviene haciendo las reparaciones necesarias en la carpeta asf\u00e1ltica o tratamiento.<\/p>\n<p>\u201cPor otro lado tambi\u00e9n quiero hablar sobre lo que son los tantos barrios que han sido arreglados tambi\u00e9n por la intendencia, pero tenemos la problem\u00e1tica de OSE que no sabemos si es que no tienen recursos, si no tienen dinero, pero la Intendencia arregla y revientan los ca\u00f1os. Me refiero a barrio Vista Linda, a Sanducito, hay calles que son casi intransitables y le digo una de ellas, Polero y van a ver c\u00f3mo est\u00e1 esa calle. Quiero que esto tambi\u00e9n pase al Directorio de OSE\u201d agreg\u00f3 el edil.<\/p>\n<p>Tambi\u00e9n hizo referencia a otros problemas, en este caso la situaci\u00f3n con la p\u00e9rdida de una volqueta en la zona de La Amarilla.<\/p>\n<p>\u201cEn Ansina y Castellanos la creciente se llev\u00f3 una volqueta, los vecinos est\u00e1n pidiendo que se coloque otra para reemplazarla ya que no tienen donde desechar su basura, ser\u00eda bueno volver a instalarla\u201d finaliz\u00f3 diciendo.<\/p>\n","protected":false},"excerpt":{"rendered":"<p>Pablo Acosta del partido Cabildo Abierto hizo una presentaci\u00f3n donde destac\u00f3 el mal estado en que se encuentran las calles de varios barrios y consider\u00f3 que algunos vecinos, son considerados de segunda.<\/p>\n","protected":false},"author":4,"featured_media":3895,"comment_status":"closed","ping_status":"closed","sticky":false,"template":"","format":"standard","meta":{"footnotes":""},"categories":[5],"tags":[],"class_list":["post-3894","post","type-post","status-publish","format-standard","has-post-thumbnail","hentry","category-durazno"],"_links":{"self":[{"href":"https:\/\/paginacero.com.uy\/index.php?rest_route=\/wp\/v2\/posts\/3894","targetHints":{"allow":["GET"]}}],"collection":[{"href":"https:\/\/paginacero.com.uy\/index.php?rest_route=\/wp\/v2\/posts"}],"about":[{"href":"https:\/\/paginacero.com.uy\/index.php?rest_route=\/wp\/v2\/types\/post"}],"author":[{"embeddable":true,"href":"https:\/\/paginacero.com.uy\/index.php?rest_route=\/wp\/v2\/users\/4"}],"replies":[{"embeddable":true,"href":"https:\/\/paginacero.com.uy\/index.php?rest_route=%2Fwp%2Fv2%2Fcomments&post=3894"}],"version-history":[{"count":1,"href":"https:\/\/paginacero.com.uy\/index.php?rest_route=\/wp\/v2\/posts\/3894\/revisions"}],"predecessor-version":[{"id":3896,"href":"https:\/\/paginacero.com.uy\/index.php?rest_route=\/wp\/v2\/posts\/3894\/revisions\/3896"}],"wp:featuredmedia":[{"embeddable":true,"href":"https:\/\/paginacero.com.uy\/index.php?rest_route=\/wp\/v2\/media\/3895"}],"wp:attachment":[{"href":"https:\/\/paginacero.com.uy\/index.php?rest_route=%2Fwp%2Fv2%2Fmedia&parent=3894"}],"wp:term":[{"taxonomy":"category","embeddable":true,"href":"https:\/\/paginacero.com.uy\/index.php?rest_route=%2Fwp%2Fv2%2Fcategories&post=3894"},{"taxonomy":"post_tag","embeddable":true,"href":"https:\/\/paginacero.com.uy\/index.php?rest_route=%2Fwp%2Fv2%2Ftags&post=3894"}],"curies":[{"name":"wp","href":"https:\/\/api.w.org\/{rel}","templated":true}]}}