{"id":3891,"date":"2024-04-16T10:45:11","date_gmt":"2024-04-16T13:45:11","guid":{"rendered":"https:\/\/paginacero.com.uy\/?p=3891"},"modified":"2024-04-16T10:45:11","modified_gmt":"2024-04-16T13:45:11","slug":"nuevo-barrio-la-union-precisa-atencion-a-servicios-basicos","status":"publish","type":"post","link":"https:\/\/paginacero.com.uy\/?p=3891","title":{"rendered":"\u201cNuevo barrio La Uni\u00f3n precisa atenci\u00f3n a servicios b\u00e1sicos\u201d"},"content":{"rendered":"<p><strong>Rosana Bidegaimberry, edila del Partido Colorado present\u00f3 su inquietud por la situaci\u00f3n de las calles en barrio La Uni\u00f3n.<\/strong><!--more--><\/p>\n<p>\u201cEn la noche de hoy quiero referirme a una inquietud de vecinos de la Cooperativa de Viviendas Covidur, Cotradur, nuevo barrio de La Uni\u00f3n, pegado al barrio La Higuera, los cuales nos hacen llegar quejas del mal estado de las calles que tienen grandes pozos que hacen imposible transitar en ellas\u201d dijo.<\/p>\n<p>\u201cA\u00fan m\u00e1s los d\u00edas de lluvia, los vecinos no pueden salir de sus domicilios, las motos y autos quedan empantanados en el barrio, hay personas que han tenido accidentes por el mal estado de las calles. Adem\u00e1s, nos expresan que las nuevas calles de la zona carecen de alumbrado p\u00fablico, que se va alargando con promesas que una semana van a quedar prontas y pasan la semana y no han recibido luz en las calles\u201d agreg\u00f3.<\/p>\n<p>\u201cQuiero que mis palabras pasen a la Comisi\u00f3n de Obras y a la Direcci\u00f3n de Obras, adem\u00e1s del Intendente\u201d finaliz\u00f3 diciendo.<\/p>\n","protected":false},"excerpt":{"rendered":"<p>Rosana Bidegaimberry, edila del Partido Colorado present\u00f3 su inquietud por la situaci\u00f3n de las calles en barrio La Uni\u00f3n.<\/p>\n","protected":false},"author":4,"featured_media":3892,"comment_status":"closed","ping_status":"closed","sticky":false,"template":"","format":"standard","meta":{"footnotes":""},"categories":[5],"tags":[],"class_list":["post-3891","post","type-post","status-publish","format-standard","has-post-thumbnail","hentry","category-durazno"],"_links":{"self":[{"href":"https:\/\/paginacero.com.uy\/index.php?rest_route=\/wp\/v2\/posts\/3891","targetHints":{"allow":["GET"]}}],"collection":[{"href":"https:\/\/paginacero.com.uy\/index.php?rest_route=\/wp\/v2\/posts"}],"about":[{"href":"https:\/\/paginacero.com.uy\/index.php?rest_route=\/wp\/v2\/types\/post"}],"author":[{"embeddable":true,"href":"https:\/\/paginacero.com.uy\/index.php?rest_route=\/wp\/v2\/users\/4"}],"replies":[{"embeddable":true,"href":"https:\/\/paginacero.com.uy\/index.php?rest_route=%2Fwp%2Fv2%2Fcomments&post=3891"}],"version-history":[{"count":1,"href":"https:\/\/paginacero.com.uy\/index.php?rest_route=\/wp\/v2\/posts\/3891\/revisions"}],"predecessor-version":[{"id":3893,"href":"https:\/\/paginacero.com.uy\/index.php?rest_route=\/wp\/v2\/posts\/3891\/revisions\/3893"}],"wp:featuredmedia":[{"embeddable":true,"href":"https:\/\/paginacero.com.uy\/index.php?rest_route=\/wp\/v2\/media\/3892"}],"wp:attachment":[{"href":"https:\/\/paginacero.com.uy\/index.php?rest_route=%2Fwp%2Fv2%2Fmedia&parent=3891"}],"wp:term":[{"taxonomy":"category","embeddable":true,"href":"https:\/\/paginacero.com.uy\/index.php?rest_route=%2Fwp%2Fv2%2Fcategories&post=3891"},{"taxonomy":"post_tag","embeddable":true,"href":"https:\/\/paginacero.com.uy\/index.php?rest_route=%2Fwp%2Fv2%2Ftags&post=3891"}],"curies":[{"name":"wp","href":"https:\/\/api.w.org\/{rel}","templated":true}]}}