{"id":3888,"date":"2024-04-16T10:43:47","date_gmt":"2024-04-16T13:43:47","guid":{"rendered":"https:\/\/paginacero.com.uy\/?p=3888"},"modified":"2024-04-16T10:43:47","modified_gmt":"2024-04-16T13:43:47","slug":"varias-calles-generan-preocupacion-en-los-vecinos-y-afectan-el-transito","status":"publish","type":"post","link":"https:\/\/paginacero.com.uy\/?p=3888","title":{"rendered":"\u201cVarias calles generan preocupaci\u00f3n en los vecinos y afectan el tr\u00e1nsito\u201d"},"content":{"rendered":"<p><strong>La edila Laura Baldenegro present\u00f3 varias problem\u00e1ticas en su intervenci\u00f3n en la Junta Departamental, entre ellas el estado de calles en varias zonas de mucha circulaci\u00f3n vial.<\/strong><!--more--><\/p>\n<p>\u201cHoy me voy a referir a una zona de Durazno que est\u00e1 comprendida entre lo que es la Casa de los Vascos o la punta de lo que es la Plaza Rod\u00f3 y el Puente Seco. Quiero que mis palabras pasen al Departamento de Obras y me refiero al deterioro importante que tiene la calle donde comienza, vamos a decir donde termina Plaza Rod\u00f3 hacia el Puente Seco, dos cuadras antes de la calle San Mart\u00edn. Deterioro impresionante donde transitan hoy much\u00edsima gente dada las diferentes partes cerradas que hay debido a las obras que se est\u00e1n realizando en la zona, principalmente la gente que transita en moto y en bicicleta me gustar\u00eda que el Departamento de Obras lo pudiera ver\u201d dijo.<\/p>\n<p>Mencion\u00f3 en su intervenci\u00f3n otras calles que est\u00e1n precisando que sean reacondicionadas.<\/p>\n<p>\u201cTambi\u00e9n a la calle Alcides Burgues que debido a la construcci\u00f3n realizada por el Ferrocarril Central, el barrio perdi\u00f3 un lugar importante que los vecinos ten\u00edan, lo usaban como espacio libre, como recreaci\u00f3n y de vereda. Hoy no se encuentra esa vereda, hay un tejido por el cual se utiliz\u00f3 para las v\u00edas, pero est\u00e1 con mucho deterioro. Cuando ven\u00eda hacia la sesi\u00f3n paspe y vi que hab\u00edan comenzado la limpieza, pero es importante que eso se mantenga limpio, porque afea y da un aspecto de desprolijidad total a la zona\u201d agreg\u00f3.<\/p>\n<p>Indic\u00f3 que tambi\u00e9n en la zona deber\u00eda colocarse un resguardo para las personas que esperan el \u00f3mnibus, ya que en los tiempos que vienen, con las inclemencias meteorol\u00f3gicas, es importante que puedan hacerlo de la mejor manera.<\/p>\n<p>\u201cTambi\u00e9n en esa zona es importante ver la posibilidad de que coloque una garita, all\u00ed en la calle Apolo y San Mart\u00edn, que es una parada de \u00f3mnibus y que actualmente hay mucha gente, entre ellos estudiantes, quienes van a trabajar a Montevideo, que toman el \u00f3mnibus en ese lugar. Ser\u00eda bueno que el Departamento de Obras pudiera rever la colocaci\u00f3n de un resguardo o una garita, que para el tiempo que viene ser\u00eda importante\u201d dijo.<\/p>\n<p>\u201cTambi\u00e9n la posibilidad de rever la calle que est\u00e1 en combinaci\u00f3n de Alcides Burgues con la calle que va hacia el barrio contiguo a ese, que hay un tramo bastante importante en el cual las motos y bicicletas dificultan el pasaje debido al estado en que se encuentra\u201d agreg\u00f3.<\/p>\n<p>Recordo tambi\u00e9n el genocidio de Salsipuedes.<\/p>\n<p>\u201cEn otro orden, hoy hace 193 a\u00f1os de la matanza de Salsipuedes, creo que para nosotros mantener en la memoria ese genocidio que fue realizado por el Gral. Rivera es importante recordarlo. Si bien es un d\u00eda de luto para toda la raza charr\u00faa, tambi\u00e9n es un d\u00eda de reflexi\u00f3n y reconocimiento de sus derechos como los ind\u00edgenas de nuestro pa\u00eds\u201d dijo.<\/p>\n<p>El 11 de abril de 1831 los grandes terratenientes de nuestro pa\u00eds, decidieron llevar adelante el exterminio de una etnia originaria de nuestra tierra, los charr\u00faas. El hombre al mando en ese momento Bernab\u00e9 Rivera, re\u00fane a caciques y al pueblo charr\u00faa en las inmediaciones del arroyo Salsipuedes. Durante horas preparan comida que supuestamente van a compartir cuando a pedido de Rivera el confiado Venado, el cacique charr\u00faa, le tendi\u00f3 amistosamente al general Rivera el cuchillo que \u00e9ste le hab\u00eda pedido para picar su tabaco. Sin embargo, el militar reaccion\u00f3 inesperadamente; se ech\u00f3 hacia atr\u00e1s, fingiendo sorpresa, y en el mismo movimiento desenfund\u00f3 su rev\u00f3lver y le dispar\u00f3. Esa fue la se\u00f1al que el resto de sus tropas, unos mil doscientos hombres, estaba aguardando para comenzar el ataque sobre los poco m\u00e1s de cuatrocientos ind\u00edgenas charr\u00faas \u2013entre hombres, mujeres y ni\u00f1os\u2013 que se hab\u00edan reunido en las riberas del arroyo Salsipuedes.<\/p>\n<p>El General Fructuoso Rivera, primer presidente electo de la novel Rep\u00fablica Oriental del Uruguay, llevaba algunos meses planeando en secreto esa acci\u00f3n militar. Impulsado y presionado por los hacendados y terratenientes del noroeste del territorio, que denunciaban la presencia de los grupos semin\u00f3madas de ind\u00edgenas en \u201csus\u201d campos, Rivera decidi\u00f3, a principios de 1831, poner punto final al \u201cproblema charr\u00faa\u201d. Y la suya ser\u00eda una soluci\u00f3n dr\u00e1stica y definitiva.<\/p>\n<p>A poco de comenzada la operaci\u00f3n, otro de los caciques charr\u00faas llamado Vaimaca Pir\u00fa, le increp\u00f3 as\u00ed a su viejo conocido, el General, por el inesperado ataque que su gente estaba sufriendo. \u00abTus<\/p>\n<p>soldados matando amigos\u2026don Rivera\u00bb Aprovech\u00e1ndose de la larga relaci\u00f3n de camarader\u00eda y respeto que manten\u00eda con la naci\u00f3n charr\u00faa, alimentada por cientos de campamentos y tolder\u00edas compartidos durante las luchas revolucionarias, Rivera convoc\u00f3 a todos los caciques charr\u00faas para incorporarse a una nueva campa\u00f1a militar que supuestamente comandar\u00eda contra el sur de Brasil, con el objetivo de recuperar ganado y repartirlo posteriormente entre quienes participaran de la expedici\u00f3n. Confiados, los caciques acudieron a su llamada, llevando consigo a sus guerreros, sus mujeres y sus ni\u00f1os, tal como era su costumbre, bien conocida por Rivera. En resumen, la naci\u00f3n charr\u00faa entera respond\u00eda a la llamada de su viejo amigo, Don Frutos. El general Rivera, gran conocedor de la zona (baqueano), escogi\u00f3 el lugar de la emboscada con sumo cuidado. Sac\u00f3 a los charr\u00faas de la regi\u00f3n de sierras y montes en las que se hab\u00edan establecido y los cit\u00f3 en un lugar llano, que no ofrec\u00eda escondites naturales donde pudieran guarecerse. As\u00ed, recibi\u00f3 y agasaj\u00f3 a los charr\u00faas en ese lugar con abundante comida y bebida, y dio la se\u00f1al de atacar cuando estaban completamente desprevenidos.<\/p>\n<p>\u00abDespu\u00e9s de agotados todos los recursos de prudencia y humanidad, para atraer a la obediencia y a la vida tranquila y regular a las ind\u00f3mitas tribus charr\u00faas [\u2026] Se decidi\u00f3 poner en ejecuci\u00f3n el \u00fanico medio que ya restaba, de sujetarlos por la fuerza [\u2026] Fueron en consecuencia atacados y destruidos, quedando en el campo m\u00e1s de 40 cad\u00e1veres enemigos y el resto con 300 y m\u00e1s almas en poder de la divisi\u00f3n de operaciones\u00bb.<\/p>\n<p>Ese fue el comunicado oficial que el presidente Rivera envi\u00f3 al presidente del Senado al d\u00eda siguiente de la matanza. Sin embargo, las cifras reales fueron otras; entre los charr\u00faas muertos en el lugar de la emboscada, los que lograron escapar y fueron asesinados durante los meses siguientes, y los que murieron tras ser hechos prisioneros durante la larga marcha de m\u00e1s de 400 kil\u00f3metros a pie hasta Montevideo, m\u00e1s de la mitad de la naci\u00f3n charr\u00faa fue aniquilada como consecuencia de la acci\u00f3n militar de Rivera en Salsipuedes.<\/p>\n<p>S\u00f3lo unos pocos lograron escapar y perderse en los campos, evitando la muerte y la captura. Los que llegaron a Montevideo fueron repartidos entre los habitantes de la capital como servidumbre, desmembrando las familias charr\u00faas seg\u00fan la conveniencia de sus nuevos \u201camos\u201d, perdieron r\u00e1pidamente su identidad cultural, sus tradiciones y su forma de vida. Por lo tanto, la soluci\u00f3n final ideada por el general Fructuoso Rivera para el \u201cproblema charr\u00faa\u201d fue realmente efectiva. En 1833, el viejo cacique Vaimaca Pir\u00fa, su curandero Senaqu\u00e9, el guerrero Tacuab\u00e9 y la india Guyunusa fueron vendidos a un empresario franc\u00e9s que los embarc\u00f3 rumbo a Par\u00eds para exhibirlos como objetos ex\u00f3ticos. Los cuatro son conocidos como Los \u00daltimos Charr\u00faas.<\/p>\n<p>&nbsp;<\/p>\n","protected":false},"excerpt":{"rendered":"<p>La edila Laura Baldenegro present\u00f3 varias problem\u00e1ticas en su intervenci\u00f3n en la Junta Departamental, entre ellas el estado de calles en varias zonas de mucha circulaci\u00f3n vial.<\/p>\n","protected":false},"author":4,"featured_media":3889,"comment_status":"closed","ping_status":"closed","sticky":false,"template":"","format":"standard","meta":{"footnotes":""},"categories":[5],"tags":[],"class_list":["post-3888","post","type-post","status-publish","format-standard","has-post-thumbnail","hentry","category-durazno"],"_links":{"self":[{"href":"https:\/\/paginacero.com.uy\/index.php?rest_route=\/wp\/v2\/posts\/3888","targetHints":{"allow":["GET"]}}],"collection":[{"href":"https:\/\/paginacero.com.uy\/index.php?rest_route=\/wp\/v2\/posts"}],"about":[{"href":"https:\/\/paginacero.com.uy\/index.php?rest_route=\/wp\/v2\/types\/post"}],"author":[{"embeddable":true,"href":"https:\/\/paginacero.com.uy\/index.php?rest_route=\/wp\/v2\/users\/4"}],"replies":[{"embeddable":true,"href":"https:\/\/paginacero.com.uy\/index.php?rest_route=%2Fwp%2Fv2%2Fcomments&post=3888"}],"version-history":[{"count":1,"href":"https:\/\/paginacero.com.uy\/index.php?rest_route=\/wp\/v2\/posts\/3888\/revisions"}],"predecessor-version":[{"id":3890,"href":"https:\/\/paginacero.com.uy\/index.php?rest_route=\/wp\/v2\/posts\/3888\/revisions\/3890"}],"wp:featuredmedia":[{"embeddable":true,"href":"https:\/\/paginacero.com.uy\/index.php?rest_route=\/wp\/v2\/media\/3889"}],"wp:attachment":[{"href":"https:\/\/paginacero.com.uy\/index.php?rest_route=%2Fwp%2Fv2%2Fmedia&parent=3888"}],"wp:term":[{"taxonomy":"category","embeddable":true,"href":"https:\/\/paginacero.com.uy\/index.php?rest_route=%2Fwp%2Fv2%2Fcategories&post=3888"},{"taxonomy":"post_tag","embeddable":true,"href":"https:\/\/paginacero.com.uy\/index.php?rest_route=%2Fwp%2Fv2%2Ftags&post=3888"}],"curies":[{"name":"wp","href":"https:\/\/api.w.org\/{rel}","templated":true}]}}