{"id":3875,"date":"2024-04-15T11:29:36","date_gmt":"2024-04-15T14:29:36","guid":{"rendered":"https:\/\/paginacero.com.uy\/?p=3875"},"modified":"2024-04-15T11:29:36","modified_gmt":"2024-04-15T14:29:36","slug":"intendentes-de-varios-departamentos-se-reunieron-para-hablar-sobre-perjuicios-de-las-inundaciones","status":"publish","type":"post","link":"https:\/\/paginacero.com.uy\/?p=3875","title":{"rendered":"Intendentes de varios departamentos se reunieron para hablar sobre perjuicios de las inundaciones"},"content":{"rendered":"<p><strong>Intendentes de varios departamentos estuvieron en Durazno reuni\u00e9ndose para hablar sobre la evaluaci\u00f3n que se realiza luego de pasado el evento de las inundaciones de d\u00edas pasados, a la vez que recibieron una propuesta de UTEC para fortalecer el sistema de alerta temprana.<\/strong><!--more--><\/p>\n<p>En la reuni\u00f3n se valor\u00f3 las acciones que docentes de UTEC tuvieron al donar una serie de equipamientos para alertar tempranamente sobre eventos de estas caracter\u00edsticas.<\/p>\n<p>\u201cValorar y agradecer a los docentes de UTEC una donaci\u00f3n importante para lo que es la alerta temprana con el tema de la inundaciones que padecemos en varios departamentos. Ac\u00e1 est\u00e1 el Director Nacional del SINAE, el representante de la Intendencia de Artigas, R\u00edo Negro, Florida, la Intendencia de San Jos\u00e9, Paysand\u00fa, Soriano, estamos trabajando justamente en el tema del alerta temprano y otros referentes a lo que es la caminer\u00eda, que ha sido afectada por las lluvias en estos tiempos\u201d dijo el Intendente Vidal\u00edn durante la presentaci\u00f3n de los nuevos dispositivos que se estar\u00e1n instalando a futuro en el r\u00edo Y\u00ed.<\/p>\n<p>\u201cLos docentes de UTEC, a los cuales les agradezco el trabajo realizado, dos colombianos y un duraznense que hoy vienen con buenas noticias para nuestra regi\u00f3n, van a hacer un modelo que si anda bien lo vamos a implementar en otros departamentos\u201d dijo.<\/p>\n<p>Desde UTEC indicaron que \u201cllegando a la Utec y en vista de los fen\u00f3menos de inundaci\u00f3n que ten\u00edamos, fue un escenario ideal para empezar a paliar las situaciones aprovechando la especialidad de mi doctorado. Soy coordinador de la carrera de Ingenier\u00eda Agroambiental, estamos justamente ahora con el tema del monitoreo de niveles de r\u00edo, de caudal, porque recientemente la Universidad recibi\u00f3 un equipamiento de austria de \u00faltima tecnolog\u00eda para medir flujos sobre r\u00edos, el cual consideramos que va a aportar mucho a la situaci\u00f3n actual de la ciudad. Todos sabemos que las inundaciones son una gran problem\u00e1tica que afecta mucho a la sociedad, que tienen una gran incertidumbre a las personas que viven cercanas al r\u00edo\u201d.<\/p>\n<p>\u201cEn base a esta tecnolog\u00eda, el uso de la inteligencia artificial, son las nuevas propuestas que traemos desde la Universidad donde estamos desarrollando sistemas de bases de datos basados en la inteligencia artificial. Es ah\u00ed donde queremos sumar esfuerzos con el Sistema de Alerta Temprana, para favorecer a la sociedad. Complementando este equipamiento que lleg\u00f3 a la Utec nosotros tenemos tambi\u00e9n una l\u00ednea de bajo costo que utilizamos como patr\u00f3n, as\u00ed vamos a desarrollar unos equipos de bajo costo para densificar o instalar m\u00e1s equipos a lo largo de toda la cuencia, esto nos va a permitir tener una mayor cantidad de datos en tiempo real y poder modelar el alerta temprana\u201d agregaron.<\/p>\n<p>Estos dispositivos pueden ser colocados en forma m\u00f3vil en varios puntos, generando una informaci\u00f3n importante para la atenci\u00f3n a las inundaciones.<\/p>\n<p>\u201cEsto nos permitir\u00e1 tener mejor conocimiento sobre la cuenca. Sum\u00e1ndose al equipo queremos generar estrategias para ver como podemos mejorar esta situaci\u00f3n. Comenzamos con esta idea de implementar este tipo de sensores, una tecnolog\u00eda bastante nueva, aportar soluciones a la sociedad y a las econom\u00edas locales, ayudando desde nuestro lugar. Estas instancias de comunicaci\u00f3n con los Intendentes son buenas para generar proyectos para solucionar las tem\u00e1ticas problem\u00e1ticas\u201d dijeron.<\/p>\n<p>\u201cEl equipo estar\u00e1 colocado en la cuenca del Y\u00ed, estamos pensando un lugar estrat\u00e9gico, tenemos una idea pero vamos a hacer algunos recorridos para ver bien. Seguramente Polanco ser\u00eda el lugar ideal para la colocaci\u00f3n de estos sensores. El equipo tiene caracter\u00edsticas de que es m\u00f3vil, por lo cual puede relevar varios puntos que sean de inter\u00e9s del cauce del r\u00edo Y\u00ed, pensando en los puntos que sean mas estrat\u00e9gicos, se le suma a esto dise\u00f1ar una metodolog\u00eda de bajo costo que podamos dejar fijas all\u00ed o reglas confiables de muy buenas especificaciones que puedan generar un monitoreo continuo\u201d agregaron.<\/p>\n<p>\u201cDesde Utec vamos a comenzar a hacer los dise\u00f1os de prototipos que tengan la misma condici\u00f3n y calibr\u00e1ndolos para generar un equipamiento m\u00e1s amplio para disponer en varios puntos de la cuenca del r\u00edo Y\u00ed\u201d dijeron.<\/p>\n<p>Los Intendentes recibieron esta donaci\u00f3n en el marco de una reuni\u00f3n donde evaluaron la situaci\u00f3n<\/p>\n<p>luego de la inundaci\u00f3n, que afect\u00f3 a pr\u00e1cticamente todo el pa\u00eds.<\/p>\n<p>\u201cAprovecho que est\u00e1n los dem\u00e1s Intendentes, destacamos la actitud del Director del SINAE que ha estado escuchando nuestros planteos. La situaci\u00f3n de Durazno la han vivido todos los dem\u00e1s departamentos por igual, tambi\u00e9n hemos estado analizando otros temas que tienen que ver de que manera podremos recuperar nuestra caminer\u00eda rural, porque estas decenas de mil\u00edmetros de agua y las que esperamos para los pr\u00f3ximos d\u00edas, sin dudas nuestros caminos est\u00e1n en mal estado, algunos departamentos est\u00e1n sufriendo m\u00e1s que nosotros porque tienen que sacar la producci\u00f3n de manera inmediata, San Jos\u00e9 estaba sufriendo con el tema del arroz, el departamento de Rocha tambi\u00e9n, estas inquietudes son esenciales tratar cuanto antes\u201d agreg\u00f3 Vidal\u00edn.<\/p>\n<p>\u201cMientras se viven estas situaciones en cada departamento uno tiene que atender lo cotidiano, por eso era necesario encontrarnos, analizar los datos que tenemos cada uno, hacer algunas evaluaciones respecto a los recursos que normalmente tienen las Intendencias y en eso est\u00e1bamos trabajando, lo vamos a seguir haciendo. Queremos lograr primero hacer una buena lectura de la situaci\u00f3n, lograr un buen informe para presentar en el Congreso de Intendentes con la esperanza de que se decida desde el gobierno nacional acompa\u00f1ar estas vivencias y tenemos que estar atendiendo. Hoy en los diferentes departamentos se est\u00e1 sacando la producci\u00f3n, no hay tiempo para atender la caminer\u00eda rural y necesitamos recursos ya, los recursos que tenemos anualmente los estamos afectando a la recuperaci\u00f3n de la caminer\u00eda, tenemos la obligaci\u00f3n de mirar un poco m\u00e1s all\u00e1 y formalizar una respuesta para buscar esos apoyos\u201d dijeron los Intendentes presentes.<\/p>\n<p>La caminer\u00eda surgi\u00f3 como una de las principales prioridades para todos los departamentos.<\/p>\n<p>\u201cDe esa primera evaluaci\u00f3n, la comparaci\u00f3n con una situaci\u00f3n m\u00e1s normal y ver porcentualmente que significa en cada uno de los departamentos afectados. Lo primero y principal de la reuni\u00f3n de hoy es para tener una puesta en com\u00fan sobre la base que no son la suma de 19 realidades distintas lo que sucedi\u00f3 a partir de fen\u00f3menos clim\u00e1ticos que pas\u00f3 por arriba de cualquier pron\u00f3stico sobre la situaci\u00f3n, estamos hablando de que no son realidades diferentes, es una misma realidad nacional. El da\u00f1o de la caminer\u00eda no es diferente en todos los departamentos, es generalizado el da\u00f1o que se ha generado porque lo que hemos tenido es que en algunos casos se ha triplicado las lluvias ca\u00eddas, sobre los hist\u00f3ricos anuales, la realidad pa\u00eds es muy similar, sobre la base de eso y sobre la base de los m\u00e1s de 44 mil kil\u00f3metros de caminer\u00eda rural no pavimentada que tiene todo el pa\u00eds, sabemos que hay una afectaci\u00f3n importante\u201d agregaron.<\/p>\n<p>\u201cEntre el 15 y 25% de la caminer\u00eda est\u00e1 afectada, no es un problema solo de cada Intendencia, es un problema de todo el pa\u00eds. No podemos adelantar todav\u00eda las acciones que vamos a hacer, tenemos un n\u00famero general de cuanto nos cuenta esta realidad, hay un problema que tenemos las Intendencias que con nuestros dineros, con nuestros recursos, con nuestras maquinarias, podremos en un plazo mediano repararlas, pero el tiempo de quienes transitan por esos caminos no es el mismo, hay un plazo que es perentorio, porque hay una realidad productiva que nos sigue, entonces queremos definir los plazos de entrega de los recursos para cada intendencia con el fin de cumplir con eso\u201d dijeron.<\/p>\n<p>\u201cEstamos agradecidos a los recursos que nos ha dado el gobierno nacional en los casos de la emergencia, pero ahora seguimos trabajando por la caminer\u00eda\u201d indicaron.<\/p>\n<p>\u201cEste a\u00f1o va a ser un muy buen a\u00f1o de cosechas, el a\u00f1o pasado con la sequ\u00eda tuvimos graves consecuencias. Ahora, la cosecha de granos no es como un \u00e1rbol, la forestal tiene un acopio de madera cuando no puede entrar a la chacra. En estos casos debemos tener la caminer\u00eda en estado excelente para sacar la producci\u00f3n en cuanto est\u00e9, al igual que sucede en la lecher\u00eda. Quer\u00eda agregar que este tema vamos a verlo como arreglar, precisamos soluciones para el pa\u00eds, no solamente para nosotros\u201d agregaron.<\/p>\n<p>\u201cEstamos apostando a un plazo de dos o tres meses para que se pueda resolver esto, que se tenga una caminer\u00eda que est\u00e9 adecuada para la extracci\u00f3n de las producciones de departamentos que est\u00e1n viendo por cierto perjudicados a sus productores\u201d finalizaron.<\/p>\n","protected":false},"excerpt":{"rendered":"<p>Intendentes de varios departamentos estuvieron en Durazno reuni\u00e9ndose para hablar sobre la evaluaci\u00f3n que se realiza luego de pasado el evento de las inundaciones de d\u00edas pasados, a la vez que recibieron una propuesta de UTEC para fortalecer el sistema de alerta temprana.<\/p>\n","protected":false},"author":4,"featured_media":3876,"comment_status":"closed","ping_status":"closed","sticky":false,"template":"","format":"standard","meta":{"footnotes":""},"categories":[5],"tags":[],"class_list":["post-3875","post","type-post","status-publish","format-standard","has-post-thumbnail","hentry","category-durazno"],"_links":{"self":[{"href":"https:\/\/paginacero.com.uy\/index.php?rest_route=\/wp\/v2\/posts\/3875","targetHints":{"allow":["GET"]}}],"collection":[{"href":"https:\/\/paginacero.com.uy\/index.php?rest_route=\/wp\/v2\/posts"}],"about":[{"href":"https:\/\/paginacero.com.uy\/index.php?rest_route=\/wp\/v2\/types\/post"}],"author":[{"embeddable":true,"href":"https:\/\/paginacero.com.uy\/index.php?rest_route=\/wp\/v2\/users\/4"}],"replies":[{"embeddable":true,"href":"https:\/\/paginacero.com.uy\/index.php?rest_route=%2Fwp%2Fv2%2Fcomments&post=3875"}],"version-history":[{"count":1,"href":"https:\/\/paginacero.com.uy\/index.php?rest_route=\/wp\/v2\/posts\/3875\/revisions"}],"predecessor-version":[{"id":3877,"href":"https:\/\/paginacero.com.uy\/index.php?rest_route=\/wp\/v2\/posts\/3875\/revisions\/3877"}],"wp:featuredmedia":[{"embeddable":true,"href":"https:\/\/paginacero.com.uy\/index.php?rest_route=\/wp\/v2\/media\/3876"}],"wp:attachment":[{"href":"https:\/\/paginacero.com.uy\/index.php?rest_route=%2Fwp%2Fv2%2Fmedia&parent=3875"}],"wp:term":[{"taxonomy":"category","embeddable":true,"href":"https:\/\/paginacero.com.uy\/index.php?rest_route=%2Fwp%2Fv2%2Fcategories&post=3875"},{"taxonomy":"post_tag","embeddable":true,"href":"https:\/\/paginacero.com.uy\/index.php?rest_route=%2Fwp%2Fv2%2Ftags&post=3875"}],"curies":[{"name":"wp","href":"https:\/\/api.w.org\/{rel}","templated":true}]}}