{"id":3872,"date":"2024-04-15T11:27:56","date_gmt":"2024-04-15T14:27:56","guid":{"rendered":"https:\/\/paginacero.com.uy\/?p=3872"},"modified":"2024-04-15T11:27:56","modified_gmt":"2024-04-15T14:27:56","slug":"ciclo-de-charlas-utu-en-movimiento","status":"publish","type":"post","link":"https:\/\/paginacero.com.uy\/?p=3872","title":{"rendered":"Ciclo de charlas \u201cUtu en Movimiento\u201d"},"content":{"rendered":"<p><strong>Este Ciclo de charlas llamado \u201cUTU EN MOVIMIENTO\u201d organizado por la Direcci\u00f3n General de Educaci\u00f3n T\u00e9cnico Profesional, UTU- DGETP, a trav\u00e9s de la Direcci\u00f3n T\u00e9cnica de Gesti\u00f3n Educativa, se llevar\u00e1 a cabo a partir del 19 de abril al 24 de julio, con actores culturales del R\u00edo de la Plata. Se enmarca en la difusi\u00f3n de la educaci\u00f3n y la cultura, en la importancia que tiene la formaci\u00f3n educativa para los estudiantes y tem\u00e1ticas que le circundan.<\/strong><!--more--><\/p>\n<p>Los estudiantes de todas las UTU del Uruguay pueden participar agend\u00e1ndose a las mismas a trav\u00e9s de la p\u00e1gina Utu en Movimiento.<\/p>\n<p>Tiene como objetivos: difundir tem\u00e1ticas de inter\u00e9s general, dirigidas no solo a la comunidad educativa sino al p\u00fablico en general; concientizar, motivar y demostrar la importancia que tiene valores como la perseverancia, la voluntad, la disciplina y la constancia tanto en la educaci\u00f3n como en la vida cotidiana, en la formaci\u00f3n de ciudadanos conscientes e integrales.<\/p>\n<p>El ciclo iniciar\u00e1 el 19 de abril, a las 15 horas con la participaci\u00f3n del actor y m\u00fasico Facundo Arana, hasta el 24 de julio 2024, con el reconocido M\u00e9dico Pediatra y m\u00fasico Gabriel Peluffo. Durante este per\u00edodo se contar\u00e1n con exponentes culturales que contar\u00e1n en primera persona c\u00f3mo han superado obst\u00e1culos para llegar a hoy en d\u00eda a ser reconocidos.<\/p>\n<p>Se llevar\u00e1 a cabo mediante un di\u00e1logo mano a mano con la Comunicadora y Periodista Claudia Garc\u00eda, anfitriona del Ciclo \u201cUTU EN MOVIMIENTO\u201d. En el Ciclo de charlas, participar\u00e1n: Chef reconocido Aldo Cauteruccio, el Periodista y Presidente de TNU Gerardo Sotelo, la aclamada ex bailarina y Directora art\u00edstica del SODRE, Sra. Mar\u00eda Noel Riccetto, el activista por la concientizaci\u00f3n y los derechos de las personas con TEA Ian Moche, el Ps. Alejandro De Barbieri, entre otras personalidades sorpresas.<\/p>\n<p>Estas charlas son gratuitas, en la Sala Nelly Goiti\u00f1o, con capacidad limitada. Los interesados en participar presencialmente de dichas charlas deber\u00e1n inscribirse por el mail utuenmovimiento.2024@gmail.com y adem\u00e1s se transmitir\u00e1 en vivo por Youtube de UTU https:\/\/www.youtube.com\/utuoficial<\/p>\n<p>El ciclo de charlas \u201cUTU EN MOVIMIENTO\u201d contar\u00e1 con cuatro bloques especiales, con diversas tem\u00e1ticas cada uno. Cada mes expondr\u00e1n tres participantes, 1 por semana, en una charla moderada por Claudia Garc\u00eda, donde podr\u00e1n contar en primera persona sus vivencias personales en distintos temas en los que est\u00e1n embanderados. En primer lugar recibir\u00e1n a: Facundo Arana: viernes 19 de abril- 15 horas sala Nelly Goiti\u00f1o, Montevideo. Tem\u00e1tica: Superaci\u00f3n personal. Activista por la donaci\u00f3n de sangre. Este nos hablar\u00e1 de las dif\u00edciles situaciones por las que ha pasado a nivel personal, atravesando un diagn\u00f3stico de c\u00e1ncer a sus 17 a\u00f1os, en el cu\u00e1l la donaci\u00f3n de sangre fue sustancial para salvarle la vida, algo que lo ha convertido en un ac\u00e9rrimo activista para esta causa. Al punto de intentar escalar a la cima del Everest para que el mundo entero comprenda la importancia de esto para salvar vidas, lugar en el que casi pierde la vida.<\/p>\n<p>Gast\u00f3n Pauls: mi\u00e9rcoles 24 de abril \u2013 19 horas, sala Nelly Goiti\u00f1o, Montevideo. Tem\u00e1tica: Concientizaci\u00f3n del consumo de drogas. Gast\u00f3n Pauls es un reconocido actor, conductor, productor, guionista argentino con m\u00e1s de 30 a\u00f1os de profesi\u00f3n. A partir de su propia historia de vida, se ha transformado en un referente ineludible a la hora de hablar de prevenci\u00f3n y rehabilitaci\u00f3n de adicciones. Gast\u00f3n preside desde hace 20 a\u00f1os la asociaci\u00f3n civil Casa de la Cultura de la Calle, desde donde se desarrollan diferentes programas, herramientas y contenidos orientados a la prevenci\u00f3n de adicciones, h\u00e1bitos y trastornos vinculados con la cultura del consumo a partir del posicionamiento de estos t\u00f3picos en la agenda p\u00fablica, realizando as\u00ed charlas testimoniales y proyectos vinculados con la tem\u00e1tica destinada a ni\u00f1a, ni\u00f1os y adolescentes.<\/p>\n<p>Ian Moche: lunes 29 de abril- 19 horas, sal\u00f3n de Actos UTU central, Montevideo (fecha<\/p>\n<p>tentativa). Tem\u00e1tica: Charla sobre Neurodivergentes. Concientizaci\u00f3n sobre Autismo. Desde el 2019 activista por la concientizaci\u00f3n y los derechos de las personas neurodivergentes (TEA), decidi\u00f3 convertirse en \u201cInfluencer\u201d y cre\u00f3 una cuenta de Instagram bajo el nombre de &#8216;Ian Moche&#8217; ya que a la edad de 3 a\u00f1os fue diagnosticado con dicha patolog\u00eda. Ian, dentro de los diversos casos, es un chico que se destaca por sus habilidades de comunicaci\u00f3n, es por esto que viene brindando charlas<\/p>\n<p>sobre Autismo, visibilizando las condiciones en las que se encuentran los chicos en la sociedad y las falencias que tienen a la hora de poder integrarse. Desde su postura, brinda herramientas para el trato adecuado hacia los mismos y recorre su pa\u00eds trabajando con la fundaci\u00f3n INMULA: (es una ONG sin fines de lucro dedicada a fomentar la plena participaci\u00f3n e igualdad de oportunidades de empleabilidad para todas las personas; sin importar su origen, religi\u00f3n, edad, apariencia, identidad de g\u00e9nero o situaci\u00f3n de discapacidad).<\/p>\n<p>Aldo Cauteruccio: mi\u00e9rcoles 15 de mayo, 19 horas, sala Sal\u00f3n de Actos, UTU central, Montevideo.<\/p>\n<p>Tem\u00e1tica: UTU brinda oportunidades, y muchos llegan a ser un ejemplo. Egresado de Gastronom\u00eda de la UTU, amante de la cocina desde peque\u00f1o, hace m\u00e1s de 20 a\u00f1os es el chef de la Selecci\u00f3n Uruguaya. Tambi\u00e9n incursion\u00f3 en diversas actividades por fuera de la AUF, como che de un restaurante como socio de Sebasti\u00e1n Eguren donde m\u00e1s tarde cerraron, continu\u00f3 trabajando en emprendimientos y proyectos televisivos como Picada en Canal 4, varias cosas en Vera TV, emprendi\u00f3 un proyecto en un barrio carenciado para los padres de un curso de gastronom\u00eda en UTU, brind\u00e1ndoles talleres para agasajar a sus hijos que eran alumnos del taller. A su vez tambi\u00e9n puso un negocio al aire libre junto a su esposa en plena pandemia. Lo montaron para salir de su casa, y vend\u00edan de todo: insumos para jard\u00edn, hidromasajes, fogones y parrillas. Los dos \u00faltimos proyectos estuvieron relacionados nuevamente a TV con Fuego Sagrado, el reality de La Tele del que fue jurado.<\/p>\n<p>Gerardo Sotelo: 5 de junio, 19 horas sala Nelly Goiti\u00f1o, Montevideo. Tem\u00e1tica: Tem\u00e1tica: de la UTU a Director de un Canal Nacional. Periodista, pol\u00edtico, escritor, comunicador y en la actualidad se desempe\u00f1a como Presidente de la Televisi\u00f3n Nacional de Uruguay (TNU) y como Director del Servicio de Comunicaci\u00f3n Audiovisual Nacional (Secan). Egresado de UTU, criado y afianzado en sus costumbres, dado que vivi\u00f3 en frente de la misma y conoci\u00f3 a todos los funcionarios y alumnos de la \u00e9poca. Padre de 6 hijos, que van desde los 40 a los 10 a\u00f1os. Ha vivenciado diversas etapas de nuestro pa\u00eds como periodista y entrevistado a personalidades de todos los \u00e1mbitos con muy buen \u00e9xito, desde Presidentes de varios pa\u00edses hasta personalidades del mundo de la cultura internacional y nacional. Tiene una vasta experiencia en los medios, como en otros rubros.<\/p>\n<p>Aureliano \u201cNano\u201d Folle: viernes 21 de junio, 16 horas, Sala de Actos de UTU central,<\/p>\n<p>Montevideo. Tem\u00e1tica: Periodista policial, \u00bfc\u00f3mo se maneja la informaci\u00f3n? Comunicador, y periodista uruguayo, forma parte del noticiero Subrayado de Canal 10 en la secci\u00f3n noticias policiales. En 2014, presenta su libro La otra mirada en el COMCAR, el mismo tiene historias de los programas \u201cV\u00edctimas y victimarios\u201d e \u201cHistorias de c\u00e1rcel\u201d. Su vasta experiencia en \u00e1mbitos tan diversos como es estar de ambos lados, es lo que lo convierte en un observador de las dificultades que presenta la sociedad y la relevancia e importancia que le da a la educaci\u00f3n, tomando en cuenta el inter\u00e9s de los convictos. Es una de las personalidades de nuestra idiosincrasia uruguaya que nos puede dar una mirada \u00fanica sobre c\u00f3mo es negociar, preservar identidades, pero exponer los problemas reales con las necesidades que trae aparejado cada ambiente. Las historias que conoce, solo \u00e9l las puede narrar.<\/p>\n<p>Mar\u00eda Noel Riccetto: 10 de julio, 16 horas, Sala Nelly Goiti\u00f1o, Montevideo. Tem\u00e1tica: La disciplina para lograr el \u00e9xito. Bailarina de ballet fue reconocida con el m\u00e1ximo galard\u00f3n de la danza cl\u00e1sica el premio Benois de la Danza, fue solista del American Ballet Theatre (ABT) por trece a\u00f1os. En noviembre de 2019, fue nombrada Embajadora de Buena Voluntad de UNICEF para Uruguay. Actualmente es directora art\u00edstica del Ballet Nacional Sodre. Desde peque\u00f1a estudi\u00f3 danza cl\u00e1sica hasta integrar el ballet del Sodre. Su carrera fue ascendiendo paulatinamente para mejor hasta lograr ser la \u00abdoble de baile\u00bb de Mila Kunis en la pel\u00edcula Cisne Negro de 2010. En 2017 fue galardonada como mejor bailarina con el premio Benois de la Danse en el Teatro Bolsh\u00f3i de Mosc\u00fa por su rol de Tatiana en Eugenio Oneguin, siendo la primera uruguaya en conseguirlo. Luego de continuar su carrera y pasar por Got Talent Uruguay, en diciembre de 2020 se confirm\u00f3 que ser\u00eda la directora art\u00edstica del Ballet Nacional Sodre (BNS) tras el retiro de Igor Yebra; 26 asumi\u00f3 el puesto el 28 de enero de 2021.<\/p>\n<p>Dr. Gabriel Peluffo: mi\u00e9rcoles 24 de julio a las 19 horas, en la Sala Nelly Goiti\u00f1o, Montevideo. Tem\u00e1tica: Como estudiar y ser un m\u00e9dico exitoso, puede mancomunarse con un hobby<\/p>\n<p>transformado en un estilo de vida. M\u00e9dico, profesor, m\u00fasico y cantante uruguayo, conocido por formar parte de la banda de rock uruguaya Los Est\u00f3magos y en la actualidad de la banda Buitres. Fue vicepresidente de la Sociedad Uruguaya de Pediatr\u00eda. Subdirector del \u00e1rea de pediatr\u00eda del Hospital Pereira Rossell y en enero de 2024 renuncia a su cargo de funcionario en la Direcci\u00f3n de Inmunizaciones del Ministerio de Salud P\u00fablica.<\/p>\n<p>Peluffo ha sido uno de los pediatras m\u00e1s reconocidos a nivel nacional por su empat\u00eda y profesionalismo, mezclando a su vez un perfil muy bajo pese a ser el cantante de la banda a la que pertenece. Es una persona que defiende la educaci\u00f3n permanente como el trabajo abocado a la profesi\u00f3n de cara a la constante profesionalizaci\u00f3n. Es referente de muchas familias de bajos recursos por su excelente tratamiento y constante preocupaci\u00f3n por el bienestar de las mismas.<\/p>\n","protected":false},"excerpt":{"rendered":"<p>Este Ciclo de charlas llamado \u201cUTU EN MOVIMIENTO\u201d organizado por la Direcci\u00f3n General de Educaci\u00f3n T\u00e9cnico Profesional, UTU- DGETP, a trav\u00e9s de la Direcci\u00f3n T\u00e9cnica de Gesti\u00f3n Educativa, se llevar\u00e1 a cabo a partir del 19 de abril al 24 de julio, con actores culturales del R\u00edo de la Plata. Se enmarca en la difusi\u00f3n [&hellip;]<\/p>\n","protected":false},"author":4,"featured_media":3873,"comment_status":"closed","ping_status":"closed","sticky":false,"template":"","format":"standard","meta":{"footnotes":""},"categories":[5,15],"tags":[],"class_list":["post-3872","post","type-post","status-publish","format-standard","has-post-thumbnail","hentry","category-durazno","category-educacion"],"_links":{"self":[{"href":"https:\/\/paginacero.com.uy\/index.php?rest_route=\/wp\/v2\/posts\/3872","targetHints":{"allow":["GET"]}}],"collection":[{"href":"https:\/\/paginacero.com.uy\/index.php?rest_route=\/wp\/v2\/posts"}],"about":[{"href":"https:\/\/paginacero.com.uy\/index.php?rest_route=\/wp\/v2\/types\/post"}],"author":[{"embeddable":true,"href":"https:\/\/paginacero.com.uy\/index.php?rest_route=\/wp\/v2\/users\/4"}],"replies":[{"embeddable":true,"href":"https:\/\/paginacero.com.uy\/index.php?rest_route=%2Fwp%2Fv2%2Fcomments&post=3872"}],"version-history":[{"count":1,"href":"https:\/\/paginacero.com.uy\/index.php?rest_route=\/wp\/v2\/posts\/3872\/revisions"}],"predecessor-version":[{"id":3874,"href":"https:\/\/paginacero.com.uy\/index.php?rest_route=\/wp\/v2\/posts\/3872\/revisions\/3874"}],"wp:featuredmedia":[{"embeddable":true,"href":"https:\/\/paginacero.com.uy\/index.php?rest_route=\/wp\/v2\/media\/3873"}],"wp:attachment":[{"href":"https:\/\/paginacero.com.uy\/index.php?rest_route=%2Fwp%2Fv2%2Fmedia&parent=3872"}],"wp:term":[{"taxonomy":"category","embeddable":true,"href":"https:\/\/paginacero.com.uy\/index.php?rest_route=%2Fwp%2Fv2%2Fcategories&post=3872"},{"taxonomy":"post_tag","embeddable":true,"href":"https:\/\/paginacero.com.uy\/index.php?rest_route=%2Fwp%2Fv2%2Ftags&post=3872"}],"curies":[{"name":"wp","href":"https:\/\/api.w.org\/{rel}","templated":true}]}}