{"id":3866,"date":"2024-04-12T11:12:52","date_gmt":"2024-04-12T14:12:52","guid":{"rendered":"https:\/\/paginacero.com.uy\/?p=3866"},"modified":"2024-04-12T11:12:52","modified_gmt":"2024-04-12T14:12:52","slug":"hay-obras-finalizadas-que-estan-dando-mas-problemas-que-soluciones","status":"publish","type":"post","link":"https:\/\/paginacero.com.uy\/?p=3866","title":{"rendered":"\u201cHay obras finalizadas que est\u00e1n dando m\u00e1s problemas que soluciones\u201d"},"content":{"rendered":"<p><strong>El edil frenteamplista Pedro Hern\u00e1ndez fue cr\u00edtico con las obras que se han realizado en varios lugares de la ciudad, donde los mismos han generado m\u00e1s problemas que soluciones, tal como lo expresa con casos espec\u00edficos que expuso en la Junta Departamental.<\/strong><!--more--><\/p>\n<p>El edil comenz\u00f3 tratando el tema de las obras en el departamento, muchas de las que se est\u00e1n llevando adelante son reparaciones de obras ya ejecutadas, pero tambi\u00e9n est\u00e1 asombrado de que muchas de las obras finalizadas, est\u00e1n dando m\u00e1s problemas que soluciones a los vecinos. Por eso se refiri\u00f3 a casos espec\u00edficos, como en el barrio Las Violetas donde no fueron planificadas teniendo en cuenta los per\u00edodos de lluvia.<\/p>\n<p>\u201cSiguiendo algunas reflexiones que venimos haciendo, nos hemos dado cuenta que por fin el ejecutivo departamental ha puesto en claro las obras que hacen y vemos en algunos carteles de obras en reparaci\u00f3n, como se manifiesta. Y esto no va en contra de las personas de lo que es este la Direcci\u00f3n de Obras y nos asombramos cada vez m\u00e1s de que llegan los problemas al ejecutivo departamental y a la Direcci\u00f3n de Obras y como que reci\u00e9n entran en conocimiento de algunas cosas. Reci\u00e9n dec\u00eda un colega edil de obras inconclusas, de obras que se han hecho y que no tienen validez o validez con muy poca constancia de certeza. Hace unos d\u00edas se termin\u00f3 la obra en Las Violetas y es impresionante la cantidad de problemas que ha tra\u00eddo las lluvias, inundaciones como si nada pasara y esto es por la falta de planificaci\u00f3n, como lo decimos del Ejecutivo Departamental\u201d dijo.<\/p>\n<p>\u201cAhora se est\u00e1 hablando de que se estar\u00e1n haciendo algunas calles como la de la Lanera, donde hay mucha gente que vive ah\u00ed en forma lamentable debido al estado de esas calles, a nosotros nos asombra que cada vez que llega y aparece una obra, lo hacen como si fuera por primera vez. Hace diez a\u00f1os que creo que est\u00e1 la misma Direcci\u00f3n y se tratan como si fueran temas nuevos\u201d agreg\u00f3.<\/p>\n<p>Se mostr\u00f3 cr\u00edtico con el estado de la caminer\u00eda rural, que peri\u00f3dicamente presenta en el seno de la Junta. El edil siempre se muestra receptivo a las quejas de los usuarios de la caminer\u00eda rural y presenta las diferentes situaciones que le exponen.<\/p>\n<p>\u201cLa caminer\u00eda rural es intransitable pr\u00e1cticamente en todo el departamento, somos conscientes que la carga de lo que es el transporte se ha aumentado considerablemente, pero tambi\u00e9n se debi\u00f3 de haber previsto todo este asunto que iba a venir con las nuevas generaciones de este tipo de carga, pero lo que vemos es una improvisaci\u00f3n total. Por lo tanto pretendemos que nuestras palabras pasen al ejecutivo sobre todo al Intendente y que de una vez por todas se haga responsable. El es el uno,, a los directores poco puedo decirles porque el responsable es el uno, como lo decimos nosotros\u201d dijo.<\/p>\n<p>En parte de su exposici\u00f3n dijo que la atenci\u00f3n a los damnificados por las inundaciones dej\u00f3 que desear en esta oportunidad. El edil dijo que hay cierto sesgo que hace que la atenci\u00f3n sea desigual para quienes fueron atendidos a trav\u00e9s del Cecoed y quienes se autoevacuaron sin pedir ayuda institucional.<\/p>\n<p>\u201cEn otro orden de cosas, tambi\u00e9n como lo dec\u00eda otro edil, nos ha dejado un sesgo en lo que es la atenci\u00f3n a los evacuados, hasta algunas expresiones del Intendente que para algunos habr\u00eda alg\u00fan tipo de ayuda, para otros no, los autoevacuados, gente que no quiere molestar pero al Intendente le molesta que no vayan a golpear la puerta\u201d finaliz\u00f3 diciendo.<\/p>\n","protected":false},"excerpt":{"rendered":"<p>El edil frenteamplista Pedro Hern\u00e1ndez fue cr\u00edtico con las obras que se han realizado en varios lugares de la ciudad, donde los mismos han generado m\u00e1s problemas que soluciones, tal como lo expresa con casos espec\u00edficos que expuso en la Junta Departamental.<\/p>\n","protected":false},"author":4,"featured_media":3867,"comment_status":"closed","ping_status":"closed","sticky":false,"template":"","format":"standard","meta":{"footnotes":""},"categories":[5],"tags":[],"class_list":["post-3866","post","type-post","status-publish","format-standard","has-post-thumbnail","hentry","category-durazno"],"_links":{"self":[{"href":"https:\/\/paginacero.com.uy\/index.php?rest_route=\/wp\/v2\/posts\/3866","targetHints":{"allow":["GET"]}}],"collection":[{"href":"https:\/\/paginacero.com.uy\/index.php?rest_route=\/wp\/v2\/posts"}],"about":[{"href":"https:\/\/paginacero.com.uy\/index.php?rest_route=\/wp\/v2\/types\/post"}],"author":[{"embeddable":true,"href":"https:\/\/paginacero.com.uy\/index.php?rest_route=\/wp\/v2\/users\/4"}],"replies":[{"embeddable":true,"href":"https:\/\/paginacero.com.uy\/index.php?rest_route=%2Fwp%2Fv2%2Fcomments&post=3866"}],"version-history":[{"count":1,"href":"https:\/\/paginacero.com.uy\/index.php?rest_route=\/wp\/v2\/posts\/3866\/revisions"}],"predecessor-version":[{"id":3868,"href":"https:\/\/paginacero.com.uy\/index.php?rest_route=\/wp\/v2\/posts\/3866\/revisions\/3868"}],"wp:featuredmedia":[{"embeddable":true,"href":"https:\/\/paginacero.com.uy\/index.php?rest_route=\/wp\/v2\/media\/3867"}],"wp:attachment":[{"href":"https:\/\/paginacero.com.uy\/index.php?rest_route=%2Fwp%2Fv2%2Fmedia&parent=3866"}],"wp:term":[{"taxonomy":"category","embeddable":true,"href":"https:\/\/paginacero.com.uy\/index.php?rest_route=%2Fwp%2Fv2%2Fcategories&post=3866"},{"taxonomy":"post_tag","embeddable":true,"href":"https:\/\/paginacero.com.uy\/index.php?rest_route=%2Fwp%2Fv2%2Ftags&post=3866"}],"curies":[{"name":"wp","href":"https:\/\/api.w.org\/{rel}","templated":true}]}}