{"id":3863,"date":"2024-04-12T11:10:29","date_gmt":"2024-04-12T14:10:29","guid":{"rendered":"https:\/\/paginacero.com.uy\/?p=3863"},"modified":"2024-04-12T11:10:29","modified_gmt":"2024-04-12T14:10:29","slug":"los-temas-medioambientales-deben-ser-tratados-en-el-plan-local","status":"publish","type":"post","link":"https:\/\/paginacero.com.uy\/?p=3863","title":{"rendered":"\u201cLos temas medioambientales deben ser tratados en el Plan Local\u201d"},"content":{"rendered":"<p><strong>El edil frenteamplista Pablo Revello present\u00f3 en la Junta Departamental varias inquietudes, una de ellas referida al tratamiento de los temas medioambientales en relaci\u00f3n a las inundaciones, sobre todo cuando se est\u00e9 tratando a futuro el Plan Local de Durazno y de ciudades que est\u00e1n contiguas al r\u00edo, como Sarand\u00ed del Y\u00ed.<\/strong><!--more--><\/p>\n<p>\u201cQuiero hacer una muy breve reflexi\u00f3n sobre lo que ha sido el naufragio del proyecto de Ley que intentaba democratizar, intentaba que fuera m\u00e1s cristalino el ingreso a las intendencias departamentales. Para esta leyes especiales es necesario un acuerdo de todos los partidos pol\u00edticos, algo que se logr\u00f3 excepto el partido Nacional, cuyos representantes no votaron dicho proyecto. Nos parece por un lado lamentable y por otro lado nos pinta de cabal manera lo que significa un partido que se ha negado, en este caso, a darle cristalinidad por Ley al ingreso de la intendencias, lo que tambi\u00e9n complejiza lo que es votar una Ley que hable del financiamiento de los partidos pol\u00edticos. En fin, me parece que forma todo parte de una misma ideolog\u00eda\u201d dijo.<\/p>\n<p>Adem\u00e1s, se preocup\u00f3 por otra arista de la inundaci\u00f3n, que tiene que ver con la contaminaci\u00f3n de los espacios que son anegados por las aguas, reflexionando sobre la necesidad de generar acciones para prevenir este tipo de hechos.<\/p>\n<p>\u201cEn otro sentido me quiero referir a una consecuencia que tienen las inundaciones desde el punto de vista ambiental, cuandollega el momento de la inundaci\u00f3n sin duda que el tema que abarca totalmente la atenci\u00f3n y as\u00ed debe ser, es la emergencia humana que implica los hogares inundados por las aguas, pero cuando se retiran las aguas queda para reflexionar las consecuencias. Cuando vemos los lugares donde el agua ha invadido y muchas veces atrapa esa creciente atrapa veh\u00edculos, atrapa de repente residuos que son t\u00f3xicos, consideramos que en el Plan Local de la ciudad de Durazno y en los planes locales de las localidades que est\u00e1n a la vera del r\u00edo, tambi\u00e9n el d\u00eda que hagamos el Plan Local de Sarand\u00ed del Y\u00ed, deber\u00eda de existir un art\u00edculo referido a que las zonas de alto riesgo, donde existe alto riesgo de inundaci\u00f3n, fueran reservadas para actividades que no generen en el momento de la inundaci\u00f3n, contaminaciones como puede darse ante un residuo de un aceite quemado por ejemplo\u201d agreg\u00f3.<\/p>\n<p>\u201cConsideramos que se debe hacer la previsi\u00f3n desde la reglamentaci\u00f3n y despu\u00e9s cumplirlo, porque el medio ambiente debemos de conservarlo y ojal\u00e1 estuvi\u00e9ramos hoy discutiendo un Plan Local donde tambi\u00e9n hubiera directrices medioambientales, quiero aportar este concepto y que pase a la Comisi\u00f3n de Medio Ambiente que espero que a la brevedad se re\u00fana, ya que hasta el momento no lo ha hecho\u201d indic\u00f3.<\/p>\n<p>Tambi\u00e9n se hizo eco de la preocupaci\u00f3n de vecinos de barrio Puerto de los Barriles con respecto al tr\u00e1nsito de motocicletas a alta velocidad y produciendo exceso de ruidos.<\/p>\n<p>\u201cPor \u00faltimo me quiero referir a una preocupaci\u00f3n de vecinos de barrio Puerto de los Barriles, en particular los que viven en calle San Mart\u00edn. Esta calle en alg\u00fan momento se ve distorsionada por lo que son el tr\u00e1nsito, en especial de motos que como en otros barrios generan problemas con ruido, con velocidades altas, porque calle San Mart\u00edn va a dar al acceso a la playa, al acceso a la calle que nos lleva desde Puerto los Barriles pasando por debajo del Puente Nuevo y comunica con la playa de Sauzal y muchas veces, quiz\u00e1 huyendo de lugares donde s\u00ed se est\u00e1 controlando la circulaci\u00f3n, el casco, la libreta o simplemente que se circule de manera prudencial, los motociclistas en infracci\u00f3n pasan por all\u00ed\u201d dijo.<\/p>\n<p>\u201cEsto es para tener en cuenta y para que considere tambi\u00e9n hacer controles en calle San Mart\u00edn que al igual que otras calles suelen verse en motos a alta velocidad, lo que se combina tambi\u00e9n con alg\u00fan vecino que deposita o detiene ah\u00ed maquinaria agr\u00edcola de un porte importante. Estos problemas que estoy hablando son sobre todo en calle San Mart\u00edn y aproximadamente por esa zona. Nos gustar\u00eda que la Intendencia tome cartas en el asunto, porque en los barrios de la periferia los vecinos tambi\u00e9n merecen que se atienda lo que ocurre en sus lugares de locaci\u00f3n\u201d finaliz\u00f3.<\/p>\n","protected":false},"excerpt":{"rendered":"<p>El edil frenteamplista Pablo Revello present\u00f3 en la Junta Departamental varias inquietudes, una de ellas referida al tratamiento de los temas medioambientales en relaci\u00f3n a las inundaciones, sobre todo cuando se est\u00e9 tratando a futuro el Plan Local de Durazno y de ciudades que est\u00e1n contiguas al r\u00edo, como Sarand\u00ed del Y\u00ed.<\/p>\n","protected":false},"author":4,"featured_media":3864,"comment_status":"closed","ping_status":"closed","sticky":false,"template":"","format":"standard","meta":{"footnotes":""},"categories":[5],"tags":[],"class_list":["post-3863","post","type-post","status-publish","format-standard","has-post-thumbnail","hentry","category-durazno"],"_links":{"self":[{"href":"https:\/\/paginacero.com.uy\/index.php?rest_route=\/wp\/v2\/posts\/3863","targetHints":{"allow":["GET"]}}],"collection":[{"href":"https:\/\/paginacero.com.uy\/index.php?rest_route=\/wp\/v2\/posts"}],"about":[{"href":"https:\/\/paginacero.com.uy\/index.php?rest_route=\/wp\/v2\/types\/post"}],"author":[{"embeddable":true,"href":"https:\/\/paginacero.com.uy\/index.php?rest_route=\/wp\/v2\/users\/4"}],"replies":[{"embeddable":true,"href":"https:\/\/paginacero.com.uy\/index.php?rest_route=%2Fwp%2Fv2%2Fcomments&post=3863"}],"version-history":[{"count":1,"href":"https:\/\/paginacero.com.uy\/index.php?rest_route=\/wp\/v2\/posts\/3863\/revisions"}],"predecessor-version":[{"id":3865,"href":"https:\/\/paginacero.com.uy\/index.php?rest_route=\/wp\/v2\/posts\/3863\/revisions\/3865"}],"wp:featuredmedia":[{"embeddable":true,"href":"https:\/\/paginacero.com.uy\/index.php?rest_route=\/wp\/v2\/media\/3864"}],"wp:attachment":[{"href":"https:\/\/paginacero.com.uy\/index.php?rest_route=%2Fwp%2Fv2%2Fmedia&parent=3863"}],"wp:term":[{"taxonomy":"category","embeddable":true,"href":"https:\/\/paginacero.com.uy\/index.php?rest_route=%2Fwp%2Fv2%2Fcategories&post=3863"},{"taxonomy":"post_tag","embeddable":true,"href":"https:\/\/paginacero.com.uy\/index.php?rest_route=%2Fwp%2Fv2%2Ftags&post=3863"}],"curies":[{"name":"wp","href":"https:\/\/api.w.org\/{rel}","templated":true}]}}