{"id":3860,"date":"2024-04-12T11:08:55","date_gmt":"2024-04-12T14:08:55","guid":{"rendered":"https:\/\/paginacero.com.uy\/?p=3860"},"modified":"2024-04-12T11:08:55","modified_gmt":"2024-04-12T14:08:55","slug":"durazno-cuenta-con-un-centro-cultural-nacional-en-el-museo-interactivo-de-cerro-chato","status":"publish","type":"post","link":"https:\/\/paginacero.com.uy\/?p=3860","title":{"rendered":"Durazno cuenta con un Centro Cultural Nacional en el Museo Interactivo de Cerro Chato"},"content":{"rendered":"<p><strong>Con la participaci\u00f3n de autoridades nacionales y departamentales se realiz\u00f3 la nominaci\u00f3n del Museo Interactivo de Cerro Chato como Centro Cultural Nacional.<\/strong><!--more--><\/p>\n<p>Estuvieron el Ministro de Educaci\u00f3n y Cultura (MEC) Dr. Pablo da Silveira, el Intendente Departamental Lic. Carmelo Vidal\u00edn y dem\u00e1s autoridades, fue oficialmente nominado como Centro Cultural Nacional el Museo de las Primeras Ciudadanas Sudamericanas, ubicado en calle Julio Alberto Goday s\/n, localidad de Cerro Chato. Por la Intendencia de Durazno, adem\u00e1s de Vidal\u00edn, participaron, el Secretario General, Domingo Rielli; Walter Fumero, Coordinador; Andr\u00e9s Viana, Coordinador de Tur\u00edsmo; Rosario Morena, encargada de la Junta Local, Mariana Weinstein, Directora Nacional de Cultura; Juan Carlos Barreto, Coordinador del MEC; vecinos y Medios de Comunicaci\u00f3n.<\/p>\n<p>El Coordinador de Cultura de Durazno Walter Fumero agradeci\u00f3 la presencia del Ministro y otras autoridades \u201cpara acompa\u00f1ar esta nominaci\u00f3n que sin dudas destaca el valor patrimonial de esta casa que es de gran importancia para todo el departamento. Esta nominaci\u00f3n que hoy vamos a recibir, es el reconocimiento justo, a la medida, porque este centro m\u00e1s all\u00e1 de ser un Museo es un centro donde toda la poblaci\u00f3n se ha apropiado de \u00e9l, eso es lo m\u00e1s importante, permanentemente vienen, se re\u00fanen, comparten charlas, festejan cumplea\u00f1os, un hecho social, se juntan a escuchar m\u00fasica, coros, es un lugar que agrupa a toda la ciudadan\u00eda en Durazno y de los departamentos vecinos. Por eso este lugar es un punto de encuentro que merece ese reconocimiento que estamos recibiendo con mucho gusto\u201d.<\/p>\n<p>El Museo hab\u00eda sido declarado en el a\u00f1o 2007 como Patrimonio Hist\u00f3rico Departamental, en el a\u00f1o 2015 la Intendencia de Durazno adquiere el edificio, algo que ha permitido llevar adelante la propuesta planificada. En el a\u00f1o 2016 se presentaron en el premio Pueblo Tur\u00edstico donde resultaron ganadores a nivel nacional y comenzaron a reconstruir la primera parte del edificio donde se instal\u00f3 un Museo. Funciona all\u00ed un Museo Interactivo, el \u00fanico del departamento de Durazno, donde a trav\u00e9s de tablets y de los datos recopilados por Julio G\u00f3mez, pueden ser disfrutados.<\/p>\n<p>La Directora Nacional de Cultura Mariana Wainstein dijo \u201ces muy lindo ver este lugar lleno de vecinos, en febrero cuando estuvimos ac\u00e1 est\u00e1bamos saliendo de Melo y pasamos por una actividad donde tuvimos unos talleres en Cerro Chato y este lugar estaba cerrado. Cuando salimos abre el espacio, Micaela nos hizo un tour fabuloso y empezamos a ansiar nuevamente que se pudiera transformar en parte de esa red de centros culturales nacionales, donde buscamos que cosas importantes a nivel nacional ocurran fuera de la capital. Este es el t\u00edpico centro donde puede ocurrir mucha cosa, porque es uno de los m\u00e1s completos, cada centro es diferente, tiene alg\u00fan tema, algo particular, un recuerdo patrimonial, es un club donde los vecinos iban a bailar. Este centro era un Museo que tiene un tema que es particularmente especial para Uruguay y Latinoam\u00e9rica, para el tema de los derechos de la mujer, es muy importante y est\u00e1 hecho con mucha sabidur\u00eda. Hay una parte que es la que estamos ahora compartiendo, que es esto, no necesita mucho apoyo, tiene muchas cosas que siempre pensamos para los centros culturales nacionales, tiene que ser un lugar donde la gente quiera pasar horas de su vida\u201d.<\/p>\n<p>\u201cPasando una puertita hay espacios incre\u00edbles, con un gran potencial, para recibir ac\u00e1 exposiciones de los Museos Nacionales o de otros departamentos, para tener funciones de m\u00fasica de c\u00e1mara o baile, tener todo tipo de eventos. As\u00ed que este es realmente un paradigma, un mito, un ejemplo de un centro cultural nacional en su m\u00e1ximo nivel, en un lugar muy especial, que es un cruce de caminos de tres departamentos. Aca llega la poblaci\u00f3n de Treinta y Tres, de Florida, de Durazno, un poco nos pas\u00f3 en el Centro Cultural de Ismael Cortinas, eso tambi\u00e9n le da un valor agregado al centro cultural porque para el pa\u00eds, eso pasa con Durazno en general, es el coraz\u00f3n de nuestro pa\u00eds y por eso hacer actividades en Durazno es pensar en todos, porque est\u00e1 a una distancia m\u00e1s f\u00e1cil para todos los que viven en este pa\u00eds. As\u00ed que agradezco especialmente al intendente Vidal\u00edn por haber tenido esta sensibilidad de los centros culturales, a Rosario que desde la primera llamada cuando comenzamos a so\u00f1ar con este momento fue muy receptiva\u201d agreg\u00f3.<\/p>\n<p>\u201cDesde la cultura estamos haciendo una red de conexi\u00f3n, unos proyectos que buscan estar m\u00e1s<\/p>\n<p>unidos, ser un pa\u00eds m\u00e1s comunicado, donde cosas puedan ocurrir en diferentes lugares, donde se pueda llegar f\u00e1cilmente con la cultura a todos lados, o por lo menos a m\u00e1s lugares. Por eso quiero agradecer a Walter Fumero, al equipo de cultura porque estuvimos muchos d\u00edas trabajando en esto, a la Red de Centros Culturales Nacionales, siempre estando en contacto para empezar con esto de integrar directamente la Red de Centros Culturales, la idea es conocerse, intercambiar proyectos, viajar de un lugar a otro con proyectos culturales, lo importante debe suceder fuera de la capital\u201d dijo.<\/p>\n<p>\u201cEstamos peleando hace mucho para conseguir recursos para los Centros Culturales, algo que este a\u00f1o se logr\u00f3 por primera vez, hay un fondo espec\u00edfico desde el primero de enero para los Centros Culturales nacionales, que el equipo de gesti\u00f3n territorial liderado por Juan Carlos Barreto organiza muy bien todo eso de hablar con la gente, saber cara a cara en continua comunicaci\u00f3n que es lo que necesita cada centro\u201d finaliz\u00f3<\/p>\n","protected":false},"excerpt":{"rendered":"<p>Con la participaci\u00f3n de autoridades nacionales y departamentales se realiz\u00f3 la nominaci\u00f3n del Museo Interactivo de Cerro Chato como Centro Cultural Nacional.<\/p>\n","protected":false},"author":4,"featured_media":3861,"comment_status":"closed","ping_status":"closed","sticky":false,"template":"","format":"standard","meta":{"footnotes":""},"categories":[5],"tags":[],"class_list":["post-3860","post","type-post","status-publish","format-standard","has-post-thumbnail","hentry","category-durazno"],"_links":{"self":[{"href":"https:\/\/paginacero.com.uy\/index.php?rest_route=\/wp\/v2\/posts\/3860","targetHints":{"allow":["GET"]}}],"collection":[{"href":"https:\/\/paginacero.com.uy\/index.php?rest_route=\/wp\/v2\/posts"}],"about":[{"href":"https:\/\/paginacero.com.uy\/index.php?rest_route=\/wp\/v2\/types\/post"}],"author":[{"embeddable":true,"href":"https:\/\/paginacero.com.uy\/index.php?rest_route=\/wp\/v2\/users\/4"}],"replies":[{"embeddable":true,"href":"https:\/\/paginacero.com.uy\/index.php?rest_route=%2Fwp%2Fv2%2Fcomments&post=3860"}],"version-history":[{"count":1,"href":"https:\/\/paginacero.com.uy\/index.php?rest_route=\/wp\/v2\/posts\/3860\/revisions"}],"predecessor-version":[{"id":3862,"href":"https:\/\/paginacero.com.uy\/index.php?rest_route=\/wp\/v2\/posts\/3860\/revisions\/3862"}],"wp:featuredmedia":[{"embeddable":true,"href":"https:\/\/paginacero.com.uy\/index.php?rest_route=\/wp\/v2\/media\/3861"}],"wp:attachment":[{"href":"https:\/\/paginacero.com.uy\/index.php?rest_route=%2Fwp%2Fv2%2Fmedia&parent=3860"}],"wp:term":[{"taxonomy":"category","embeddable":true,"href":"https:\/\/paginacero.com.uy\/index.php?rest_route=%2Fwp%2Fv2%2Fcategories&post=3860"},{"taxonomy":"post_tag","embeddable":true,"href":"https:\/\/paginacero.com.uy\/index.php?rest_route=%2Fwp%2Fv2%2Ftags&post=3860"}],"curies":[{"name":"wp","href":"https:\/\/api.w.org\/{rel}","templated":true}]}}