{"id":3850,"date":"2024-04-12T10:58:20","date_gmt":"2024-04-12T13:58:20","guid":{"rendered":"https:\/\/paginacero.com.uy\/?p=3850"},"modified":"2024-04-12T10:58:20","modified_gmt":"2024-04-12T13:58:20","slug":"sofia-en-el-baile-de-la-vida","status":"publish","type":"post","link":"https:\/\/paginacero.com.uy\/?p=3850","title":{"rendered":"Sof\u00eda en el baile de la vida"},"content":{"rendered":"<p><strong>Sof\u00eda es una multifac\u00e9tica mujer, profesional en el \u00e1rea de la salud, docente de danza, catequista, maquilladora, madre y esposa, convirtiendo su vida en una variad\u00edsima propuesta con el objetivo en la mente de ser feliz.<\/strong><!--more--><\/p>\n<p>\u201cMi nombre es Mar\u00eda Sof\u00eda Olivera Ben\u00edtez, soy sagitariana del 25 de noviembre, me apasiona la m\u00fasica en general, amo con locura la danza, el baile, el arte, ser\u00e1 por eso creo soy una mujer muy sensible, afectuosa, detallista, enamorada de mis hijos varones, apasionada con todo lo que hago. Considero que tengo un gran sentido del humor que es mi escudo en muchas ocasiones, soy bastante terca tambi\u00e9n un poco ansiosa y bueno, algo de loca por mis cosas tambi\u00e9n\u201d cont\u00f3 al presentarse. \u201cMe gusta escuchar m\u00fasica , dentro de mi g\u00e9nero favorito est\u00e1 el folklore, la salsa y la bachata, tambi\u00e9n el rock nacional y argentino, murga, pero escucho un abanico de estilos musicales muy amplio\u201d agreg\u00f3. \u201cMe encanta pasar tiempo al aire libre, correr, nadar, amo viajar conocer lugares culturas distintas comidas diferentes, y bailar, siempre bailar. Mi familia hoy est\u00e1 compuesta por mi pareja Federico y mis tres hijos, Guillermo y Vicente y Valentino, hijo mayor de mi pareja, hijo m\u00edo de la vida y del coraz\u00f3n\u201d dijo.<\/p>\n<p>Sus estudios los curs\u00f3 en Durazno y finalmente, en Montevideo, donde se recibi\u00f3 de Nurse, una profesi\u00f3n que hoy ejerce y que le ofrece la oportunidad de ayudar a las personas. Tambi\u00e9n la danza fue otra de sus pasiones y paralelamente se profesionaliz\u00f3 en el \u00e1rea. \u201cSoy nacida en la ciudad de Durazno, tengo un hermano, Gonzalo Olivera. Soy hija de funcionarios municipales, actualmente divorciados. Mi padre es brasilero, actualmente vive conmigo en mi casa, y mi madre de Tacuaremb\u00f3. Hice el jard\u00edn y la escuela primaria en el Colegio Inmaculada Concepci\u00f3n y luego 1,2 y 3 a\u00f1o en el colegio San Luis Marista y despu\u00e9s pas\u00e9 al Liceo Rubino. Viaj\u00e9 a Montevideo a la Facultad e hice 1 a\u00f1o de Facultad de Ciencias, Licenciatura en Bioqu\u00edmica y no me gust\u00f3 y la dej\u00e9. Luego comenc\u00e9 Licenciatura en Enfermer\u00eda. Pero tambi\u00e9n me anot\u00e9 en el SODRE, en la Escuela Nacional de Danza, carrera que hice desde el 2006 al 2009 Divisi\u00f3n Folclore\u201d agreg\u00f3.<\/p>\n<p>\u201cActualmente soy Licenciada en Enfermer\u00eda, Nurse y trabajo en el Sanatorio CAMEDUR en Durazno. Otra de mis carreras que me gusta y le dedico tiempo, creo que trato de compensar una carrera con la otra. Esta profesi\u00f3n dentro del \u00e1rea de la salud, en lo personal me hace estar cara a cara con la gente y sus dolencias sus preocupaciones es una tarea muy dif\u00edcil pero no menos gratificante. Es y debe ser vocacional, el dejarlo todo por el paciente, ves a las personas en su estado m\u00e1s vulnerable, es ah\u00ed donde entra la \u00e9tica y la moral de cada uno para respetar la integridad del paciente. Apoyar, contener, cuidar, escuchar y entender cada situaci\u00f3n. Somos un todo adentro de la enfermer\u00eda, aprendes a trabajar en equipo a contar hasta 1000 en varias oportunidades, a tener paciencia y por momentos como en el COVID, aprendes a ser fuerte, fueron d\u00edas interminables pero nos dejaron muchas ense\u00f1anzas\u201d dijo.<\/p>\n<p>Su trabajo en el Centro de Di\u00e1lisis le hace ejercitar la constancia permanente para dar un apoyo a los pacientes que all\u00ed concurren.<\/p>\n<p>\u201cActualmente me encuentro trabajando en CENICA ,Centro de Di\u00e1lisis, \u00e1rea cerrada con pacientes renales. Es ver la enfermer\u00eda desde otro lugar, el paciente entra y sale del Centro no se queda, est\u00e1n por unas horas y ah\u00ed debemos estar a su lado, apoy\u00e1ndolos, escuch\u00e1ndolos. Me gusta mucho tambi\u00e9n estar ahora en esta \u00e1rea de la salud. Siempre aprendiendo tratando de crecer y superarme d\u00eda a d\u00eda. Siento que hay mucho por aprender en la Salud todav\u00eda\u201d cont\u00f3.<\/p>\n<p>La danza ha sido siempre una de sus pasiones, desde ni\u00f1a. Al profesionalizarse, adem\u00e1s, ha tenido la oportunidad de compartir esa pasi\u00f3n con los dem\u00e1s.<\/p>\n<p>\u201cEn el tema del baile y la danza actualmente estoy dando clases de salsa y bachata para las mujeres y hombres que se quieran sumar, los d\u00edas martes y jueves en COVINUVI a las 20 horas.Tambi\u00e9n doy clases de folclore los martes y jueves a las 18 y 30 para ni\u00f1os y adolescentes\u201d agreg\u00f3.<\/p>\n<p>Y en esta \u00faltima etapa ha incursionado en el mundo del maquillaje, una nueva formaci\u00f3n que se ha tomado muy en serio y que comparte a trav\u00e9s de su cuenta en instagram.<\/p>\n<p>\u201cEn la escuela de Danza hab\u00eda una materia que se llamaba puesta en escena, yo siempre me fascinaba con todo eso y me qued\u00f3 en el debe estudiar maquillaje . Ya que siempre lo necesitaba para subir al escenario. El a\u00f1o pasado decid\u00ed anotarme en un curso de maquillaje profesional y lo hice de la mano de uno de los mejores maquilladores que tiene Uruguay, lo hice con el maestro Leonel Aitamusi, me encant\u00f3, me cambi\u00f3 la cabeza y comenc\u00e9 a trabajar de esto tambi\u00e9n. Abr\u00ed mi propia cuenta en Instagram, arm\u00e9 mi espacio personal en mi casa. Y comenc\u00e9 a maquillar de forma profesional. Tengo mi cuenta sofioliveramakeup y estoy s\u00faper feliz por eso tambi\u00e9n. Son cosas que me llenan el alma, me apasionan. Creo que en esta vida uno no debe privarse de nada, es esta oportunidad que tenes de cuidarte, de vivir, de aprender, de ser feliz, m\u00e1s all\u00e1 de lo que puedan opinar los dem\u00e1s, soy fiel creyente en Dios, hace ocho a\u00f1os son Catequista en la Parroquia San Pedro y creo que todos tenemos un prop\u00f3sito. Toda la vida hubo gente maravillosa y de las otras no tanto tambi\u00e9n jaja as\u00ed que siempre para adelante con mi forma de ser, apasionada , libre y un poco loca\u201d finaliz\u00f3.<\/p>\n","protected":false},"excerpt":{"rendered":"<p>Sof\u00eda es una multifac\u00e9tica mujer, profesional en el \u00e1rea de la salud, docente de danza, catequista, maquilladora, madre y esposa, convirtiendo su vida en una variad\u00edsima propuesta con el objetivo en la mente de ser feliz.<\/p>\n","protected":false},"author":4,"featured_media":3851,"comment_status":"closed","ping_status":"closed","sticky":false,"template":"","format":"standard","meta":{"footnotes":""},"categories":[5,17],"tags":[],"class_list":["post-3850","post","type-post","status-publish","format-standard","has-post-thumbnail","hentry","category-durazno","category-suplemento-mujer"],"_links":{"self":[{"href":"https:\/\/paginacero.com.uy\/index.php?rest_route=\/wp\/v2\/posts\/3850","targetHints":{"allow":["GET"]}}],"collection":[{"href":"https:\/\/paginacero.com.uy\/index.php?rest_route=\/wp\/v2\/posts"}],"about":[{"href":"https:\/\/paginacero.com.uy\/index.php?rest_route=\/wp\/v2\/types\/post"}],"author":[{"embeddable":true,"href":"https:\/\/paginacero.com.uy\/index.php?rest_route=\/wp\/v2\/users\/4"}],"replies":[{"embeddable":true,"href":"https:\/\/paginacero.com.uy\/index.php?rest_route=%2Fwp%2Fv2%2Fcomments&post=3850"}],"version-history":[{"count":1,"href":"https:\/\/paginacero.com.uy\/index.php?rest_route=\/wp\/v2\/posts\/3850\/revisions"}],"predecessor-version":[{"id":3852,"href":"https:\/\/paginacero.com.uy\/index.php?rest_route=\/wp\/v2\/posts\/3850\/revisions\/3852"}],"wp:featuredmedia":[{"embeddable":true,"href":"https:\/\/paginacero.com.uy\/index.php?rest_route=\/wp\/v2\/media\/3851"}],"wp:attachment":[{"href":"https:\/\/paginacero.com.uy\/index.php?rest_route=%2Fwp%2Fv2%2Fmedia&parent=3850"}],"wp:term":[{"taxonomy":"category","embeddable":true,"href":"https:\/\/paginacero.com.uy\/index.php?rest_route=%2Fwp%2Fv2%2Fcategories&post=3850"},{"taxonomy":"post_tag","embeddable":true,"href":"https:\/\/paginacero.com.uy\/index.php?rest_route=%2Fwp%2Fv2%2Ftags&post=3850"}],"curies":[{"name":"wp","href":"https:\/\/api.w.org\/{rel}","templated":true}]}}