{"id":3844,"date":"2024-04-12T10:52:45","date_gmt":"2024-04-12T13:52:45","guid":{"rendered":"https:\/\/paginacero.com.uy\/?p=3844"},"modified":"2024-04-12T10:52:45","modified_gmt":"2024-04-12T13:52:45","slug":"me-forje-entre-artes-cuadernos-y-libros","status":"publish","type":"post","link":"https:\/\/paginacero.com.uy\/?p=3844","title":{"rendered":"\u201cMe forj\u00e9 entre artes, cuadernos y libros\u201d"},"content":{"rendered":"<p>Odont\u00f3loga, actriz y docente, Anal\u00eda tiene una diversidad de actividades que la convierte en una mujer muy activa y entusiasta. Hoy nos cuenta sobre sus gustos, sus hobbies y sus proyectos, entre los que se cuenta el reciente estreno de la obra que protagoniza en el Peque\u00f1o Teatro de Durazno.<!--more--><\/p>\n<p>\u201cMe llamo Analia Cardozo Couto, tengo 51 a\u00f1os y nac\u00ed en una familia t\u00edpica de dos hermanos. Mam\u00e1 maestra, pap\u00e1 funcionario de la Junta Departamental y mi hermano menor Andr\u00e9s. Ya desde muy chiquitos nuestros padres nos fueron inculcando el amor por el arte. Ellos eran bailarines de folklore en el conjunto de danza de Durazno desde muy j\u00f3venes, as\u00ed que nosotros siempre est\u00e1bamos en pe\u00f1as, festivales, rodeados de mucha m\u00fasica, teatro y literatura. As\u00ed fue que en nuestra infancia con Andres estudiamos guitarra cl\u00e1sica y nos hicimos muy lectores, en la casa de mis padres siempre hubo muchos libros, hasta el dia de hoy es as\u00ed . Asi que tuve una infancia entre las artes, los cuadernos y libros de mi mam\u00e1 y la manualidad de mi pap\u00e1 que es talabartero y tapicero\u201d cont\u00f3 al presentarse.<\/p>\n<p>En Montevideo Anal\u00eda curs\u00f3 sus estudios terciarios y durante diez a\u00f1os estuvo viviendo, para luego regresar a su ciudad natal.<\/p>\n<p>\u201cA los 18 a\u00f1os me fui a estudiar Odontolog\u00eda a Montevideo, vivi ahi 10 a\u00f1os, compartidos con mi hermano m\u00fasico, que se form\u00f3 como docente. Despu\u00e9s de recibida en el a\u00f1o 2000 vuelvo a vivir a Durazno , ya siendo mam\u00e1 se mi \u00fanico hijo, Agustin, que hoy tiene 25 a\u00f1os. Aca desarroll\u00e9 mi profesi\u00f3n como odont\u00f3loga. Me especialic\u00e9 en investigaci\u00f3n odontol\u00f3gica y trabaj\u00e9 mucho en odontolog\u00eda social. Eso despert\u00f3 en m\u00ed un amor por la docencia, adem\u00e1s dicen que la docencia se hereda y por eso ya de grande comenc\u00e9 a estudiar profesorado en IFD. Ejerc\u00ed la docencia algunos a\u00f1os como profesora de biolog\u00eda en el instituto Rubino. Aprend\u00ed mucho de los j\u00f3venes que con su frescura nos renuevan la vida\u201d agreg\u00f3.<\/p>\n<p>Tambi\u00e9n tiene una filosof\u00eda de vida particular, en la que el budismo, el reiki y la fitoterapia, son parte de su cotidianeidad.<\/p>\n<p>\u201cDesde muy joven me empec\u00e9 a cuestionar el tema existencial y entonces fui conociendo muchos caminos diferentes que tiene que ver con las distintas filosof\u00edas de vida, as\u00ed llego al budismo , filosof\u00eda de vida que practico junto con medicinas alternativas como el Reiki , la fitoterapia y yoga\u201d dijo.<\/p>\n<p>\u201cA lo largo de mi vida creo que he logrado vivir 100% como pienso. Mostrarme tal cual soy sin miedo al que dir\u00e1n. Y como vivo seg\u00fan pienso tengo una forma de vivir que se alinea con mis ideales pol\u00edticos y sociales de izquierda.Hoy en d\u00eda sigo trabajando de odont\u00f3loga, ya son 25 a\u00f1os y reparto mi tiempo entre mi familia y el teatro. El teatro es parte fundamental de mi vida, de mantener ese alimento al alma que todos necesitamos. Es un arte donde te es permitido vivir muchas vidas, hacer un grupo de amigos incre\u00edble, con tus mismos valores y con una fuerte conecci\u00f3n de compa\u00f1erismo. Mis primeros pasos en teatro, adem\u00e1s de espectadora infaltable ya que mi hermano desde muy joven fue actor, fueron con el Maestro Uruguay Marrero. Con \u00e9l aprend\u00ed much\u00edsimo, no solo de teatro sino tambi\u00e9n como persona, el teatro tiene eso, es tanto el trabajo con uno mismo ah\u00ed que aprendes a conocerte much\u00edsimo\u201d cont\u00f3.<\/p>\n<p>El teatro llega en el a\u00f1o 2015, despu\u00e9s de formarse. Desde entonces el escenario la llama peri\u00f3dicamente a ensayar y actuar, compartiendo experiencias con el grupo del Peque\u00f1o Teatro.<\/p>\n<p>\u201cDespu\u00e9s de realizar cursos y talleres de teatro con distintos maestros en el a\u00f1o 2015 me uno al elenco de Peque\u00f1o Teatro, lugar que siento como mi casa y que me ha tra\u00eddo muchas alegr\u00edas, experiencia y aprendizaje. Siempre estamos en continuo aprendizaje. Mi mayor alegr\u00eda es que ahora comparto ese lugar con mi hijo Agust\u00edn, que si bien no es actor, es m\u00fasico y est\u00e1 terminando su carrera como t\u00e9cnico y dise\u00f1ador de sonido y por eso comparte los procesos y las funciones de las obras conmigo, es quien hace la t\u00e9cnica y el dise\u00f1o del sonido de las obras. Han sido muchas las obras que me han dejado una riqueza incre\u00edble, en las que tambi\u00e9n se encuentran la riqueza humana tan importante para crecer como personas\u201d agreg\u00f3.<\/p>\n<p>\u201cActualmente estamos haciendo la obra Nunca lo hubo. Una comedia de dos mujeres que hace<\/p>\n<p>pensar el papel y problemas de la pareja, el matrimonio y el amor. Su autor es Uruguayo y nuestro director es Gu\u00edan Carlo Trentini. Estar\u00e1 en cartel todo abril. Es un desaf\u00edo para nosotras como actrices porque somos solo dos en el escenario y el texto es muy extenso. Cada obra que ponemos en el escenario lleva much\u00edsimo trabajo del equipo, director, t\u00e9cnicos, apuntadores y actrices . Somos un grupo, aunque las caras visibles seamos los actores. Muchisimas horas de trabajo para armar el personaje, sentirlo , aprender letra, much\u00edsimas horas de ensayo por las cuales tengo que agradecer a mi familia por estar siempre, a mi hijo por compartirlas conmigo, a mis padres que me incentivaron a amar el teatro y a mi compa\u00f1ero de vida Jair, siempre al firme en todas las funciones y en todos los momentos\u201d finaliz\u00f3.<\/p>\n","protected":false},"excerpt":{"rendered":"<p>Odont\u00f3loga, actriz y docente, Anal\u00eda tiene una diversidad de actividades que la convierte en una mujer muy activa y entusiasta. Hoy nos cuenta sobre sus gustos, sus hobbies y sus proyectos, entre los que se cuenta el reciente estreno de la obra que protagoniza en el Peque\u00f1o Teatro de Durazno.<\/p>\n","protected":false},"author":4,"featured_media":3845,"comment_status":"closed","ping_status":"closed","sticky":false,"template":"","format":"standard","meta":{"footnotes":""},"categories":[5,17],"tags":[],"class_list":["post-3844","post","type-post","status-publish","format-standard","has-post-thumbnail","hentry","category-durazno","category-suplemento-mujer"],"_links":{"self":[{"href":"https:\/\/paginacero.com.uy\/index.php?rest_route=\/wp\/v2\/posts\/3844","targetHints":{"allow":["GET"]}}],"collection":[{"href":"https:\/\/paginacero.com.uy\/index.php?rest_route=\/wp\/v2\/posts"}],"about":[{"href":"https:\/\/paginacero.com.uy\/index.php?rest_route=\/wp\/v2\/types\/post"}],"author":[{"embeddable":true,"href":"https:\/\/paginacero.com.uy\/index.php?rest_route=\/wp\/v2\/users\/4"}],"replies":[{"embeddable":true,"href":"https:\/\/paginacero.com.uy\/index.php?rest_route=%2Fwp%2Fv2%2Fcomments&post=3844"}],"version-history":[{"count":1,"href":"https:\/\/paginacero.com.uy\/index.php?rest_route=\/wp\/v2\/posts\/3844\/revisions"}],"predecessor-version":[{"id":3846,"href":"https:\/\/paginacero.com.uy\/index.php?rest_route=\/wp\/v2\/posts\/3844\/revisions\/3846"}],"wp:featuredmedia":[{"embeddable":true,"href":"https:\/\/paginacero.com.uy\/index.php?rest_route=\/wp\/v2\/media\/3845"}],"wp:attachment":[{"href":"https:\/\/paginacero.com.uy\/index.php?rest_route=%2Fwp%2Fv2%2Fmedia&parent=3844"}],"wp:term":[{"taxonomy":"category","embeddable":true,"href":"https:\/\/paginacero.com.uy\/index.php?rest_route=%2Fwp%2Fv2%2Fcategories&post=3844"},{"taxonomy":"post_tag","embeddable":true,"href":"https:\/\/paginacero.com.uy\/index.php?rest_route=%2Fwp%2Fv2%2Ftags&post=3844"}],"curies":[{"name":"wp","href":"https:\/\/api.w.org\/{rel}","templated":true}]}}