{"id":3840,"date":"2024-04-11T11:51:17","date_gmt":"2024-04-11T14:51:17","guid":{"rendered":"https:\/\/paginacero.com.uy\/?p=3840"},"modified":"2024-04-11T11:51:17","modified_gmt":"2024-04-11T14:51:17","slug":"el-ejecutivo-debe-atender-los-pedidos-que-realizamos-desde-la-junta-departamental","status":"publish","type":"post","link":"https:\/\/paginacero.com.uy\/?p=3840","title":{"rendered":"\u201cEl Ejecutivo debe atender los pedidos que realizamos desde la Junta Departamental\u201d"},"content":{"rendered":"<p>El edil Julio Marcenal se mostr\u00f3 molesto por la falta de respuesta del ejecutivo a los planteos que se hacen en la Junta Departamental, reiterando dos pedidos que varias veces ha llevado al seno del legislativo.<!--more--><\/p>\n<p>\u201cQuiz\u00e1s hoy tome los cinco minutos para hacer algunas reflexiones en voz alta, la primera reflexi\u00f3n es cuantos temas los ediles hemos elevado al Ejecutivo, con una cantidad de problem\u00e1ticas obviamente de amplio espectro y cuantos temas la Intendencia nos ha respondido o nos ha solucionado. Todos tenemos unos cuantos, seguramente, dudo que alg\u00fan edil tenga un porcentaje alto de reclamos o planteamientos hechos aqu\u00ed que hayan sido respondidos o solucionados, dudo eso\u201d dijo.<\/p>\n<p>\u201cY eso a veces a uno le da un poquito de inquietud o de enojo, somos la mitad del gobierno departamental,somos menos,tenemos menos votos, pero somos la mitad. Y entonces a veces uno ve con un poco de impotencia que lo que se plantea ac\u00e1, que son cosas reales y solucionables, no venimos a plantear que coloquen una estaci\u00f3n aeroespacial, a veces uno tiene que reiterar alg\u00fan pedido y los vecinos vuelven a llamarnos, a preocuparse, se enojan con nosotros. La conclusi\u00f3n a la que llegan estos vecinos es que no tenemos fuerza o aparentemente no te dan corte, o ni siquiera lo planteaste o te interesaste por el tema. Por eso vale la pena hacer la reflexi\u00f3n con el Ejecutivo, deber\u00eda tener un poco m\u00e1s de preocupaci\u00f3n por lo que aqu\u00ed se plantea y respuesta a los que se plantea. es la manera que el gobierno departamental funcione bien\u201d agreg\u00f3.<\/p>\n<p>Luego de la reflexi\u00f3n, el edil volvi\u00f3 a presentar dos pedidos que en reiteradas oportunidades ha realizado y son necesarios para mejorar la calidad de vida de la poblaci\u00f3n.<\/p>\n<p>\u201cEn este caso tengo dos pedidos, el primero, vuelvo a reiterar por en\u00e9sima vez la solicitud de una vez por todas hacer una parada como la gente en Artigas y Ruta 5. Alguien me ha planteado que tal vez por la v\u00eda del decreto, al crear la Terminal de Omnibus que hoy tenemos, se plantearon un par de paradas y no estaba la de Artigas y la Ruta, pero m\u00e1s all\u00e1 de esto, es una realidad, existe, la gente baja y est\u00e1 ah\u00ed porque no tiene m\u00e1s remedio y precisa que le responda. Estos d\u00edas de lluvia que han sido inclementes, hay que estar ah\u00ed, son cientos de personas que viajan todos los d\u00edas. \u00bfHasta cu\u00e1ndo tenemos que estar planteando esto todos los d\u00edas, sin soluci\u00f3n? La pelota la pasan para un lado y para otro, se va a volver otra vez a juntar firmas para que el Intendente vea cu\u00e1nta gente est\u00e1 usando ese servicio all\u00ed y para que tome en consideraci\u00f3n que tal vez sean los mismo o m\u00e1s que van a la Terminal. Entonces nos encontramos con que planteamos una Terminal nueva con no s\u00e9 cu\u00e1ntas cosas m\u00e1s y no solucionamos esto que es algo de dos minutos\u201d dijo.<\/p>\n<p>\u201cEl segundo tema es referido al tr\u00e1nsito, se ha gastado en este Ejecutivo millones de pesos seguramente en pintura, amarilla para las motos, negra, roja y blanca para los estacionamientos que est\u00e1n en todo Durazno, roja solo para las esquinas. \u00bfQuien respeta el rojo de las esquinas? Nadie, los inspectores pasan, ven los autos parados en la zona roja y no hacen nada. Tenemos todo para que se respete, inspectores, cebras pintadas donde est\u00e1n esas zonas rojas, \u00bfque hay que hacer para que eso se pueda respetar? Porque ni siquiera por educaci\u00f3n, paran y le dicen al tipo que est\u00e1 parado ah\u00ed, no puede parar ac\u00e1, ni siquiera eso hacen y lo veo permanentemente. Hay lugares que son peligrosos, lugares donde no se puede parar porque est\u00e1n tapando una cebra donde cualquier chiquil\u00edn puede pasar y tener un accidente\u201d finaliz\u00f3 diciendo.<\/p>\n","protected":false},"excerpt":{"rendered":"<p>El edil Julio Marcenal se mostr\u00f3 molesto por la falta de respuesta del ejecutivo a los planteos que se hacen en la Junta Departamental, reiterando dos pedidos que varias veces ha llevado al seno del legislativo.<\/p>\n","protected":false},"author":4,"featured_media":3841,"comment_status":"closed","ping_status":"closed","sticky":false,"template":"","format":"standard","meta":{"footnotes":""},"categories":[5],"tags":[],"class_list":["post-3840","post","type-post","status-publish","format-standard","has-post-thumbnail","hentry","category-durazno"],"_links":{"self":[{"href":"https:\/\/paginacero.com.uy\/index.php?rest_route=\/wp\/v2\/posts\/3840","targetHints":{"allow":["GET"]}}],"collection":[{"href":"https:\/\/paginacero.com.uy\/index.php?rest_route=\/wp\/v2\/posts"}],"about":[{"href":"https:\/\/paginacero.com.uy\/index.php?rest_route=\/wp\/v2\/types\/post"}],"author":[{"embeddable":true,"href":"https:\/\/paginacero.com.uy\/index.php?rest_route=\/wp\/v2\/users\/4"}],"replies":[{"embeddable":true,"href":"https:\/\/paginacero.com.uy\/index.php?rest_route=%2Fwp%2Fv2%2Fcomments&post=3840"}],"version-history":[{"count":1,"href":"https:\/\/paginacero.com.uy\/index.php?rest_route=\/wp\/v2\/posts\/3840\/revisions"}],"predecessor-version":[{"id":3842,"href":"https:\/\/paginacero.com.uy\/index.php?rest_route=\/wp\/v2\/posts\/3840\/revisions\/3842"}],"wp:featuredmedia":[{"embeddable":true,"href":"https:\/\/paginacero.com.uy\/index.php?rest_route=\/wp\/v2\/media\/3841"}],"wp:attachment":[{"href":"https:\/\/paginacero.com.uy\/index.php?rest_route=%2Fwp%2Fv2%2Fmedia&parent=3840"}],"wp:term":[{"taxonomy":"category","embeddable":true,"href":"https:\/\/paginacero.com.uy\/index.php?rest_route=%2Fwp%2Fv2%2Fcategories&post=3840"},{"taxonomy":"post_tag","embeddable":true,"href":"https:\/\/paginacero.com.uy\/index.php?rest_route=%2Fwp%2Fv2%2Ftags&post=3840"}],"curies":[{"name":"wp","href":"https:\/\/api.w.org\/{rel}","templated":true}]}}