{"id":3837,"date":"2024-04-11T11:47:58","date_gmt":"2024-04-11T14:47:58","guid":{"rendered":"https:\/\/paginacero.com.uy\/?p=3837"},"modified":"2024-04-11T11:47:58","modified_gmt":"2024-04-11T14:47:58","slug":"doce-estudiantes-del-polo-tecnologico-tendran-pasantias-en-la-intendencia","status":"publish","type":"post","link":"https:\/\/paginacero.com.uy\/?p=3837","title":{"rendered":"Doce estudiantes del Polo Tecnol\u00f3gico tendr\u00e1n pasant\u00edas en la Intendencia"},"content":{"rendered":"<p><strong>La Intendencia de Durazno y el Polo Educativo Tecnol\u00f3gico de Durazno firmaron tres convenios por Pasant\u00edas, que permitir\u00e1 que 12 estudiantes del citado centro educativo, accedan a a desempe\u00f1arse laboralmente en la IDD por el lapso de seis meses.<\/strong><!--more--><\/p>\n<p>Las pasant\u00edas surgen de las carreras :Administraci\u00f3n y Gesti\u00f3n Humana; Control Ambiental y Soporte Inform\u00e1tico, los estudiantes desarrollar\u00e1n sus actividades en diferentes reparticiones de la Intendencia donde podr\u00e1n desplegar sus acciones y adem\u00e1s, aprender, teniendo as\u00ed su primera experiencia laboral. Sobre el importante acuerdo, el Intendente Departamental, Lic. Carmelo Vidal\u00edn, destac\u00f3 que los pasantes \u201cvan a tener una linda oportunidad de trabajo para ir form\u00e1ndose y para que las puertas despu\u00e9s se vayan abriendo: generalmente hay un llamado laboral y dice &#8216;experiencia laboral, cero&#8217;, bueno ahora no hay &#8216;cero&#8217;, esta es una oportunidad linda; el Director, se ha preocupado much\u00edsimo fundamentalmente por el tema horarios, hemos encontrado una soluci\u00f3n. Tambi\u00e9n hemos conversado y los becarios est\u00e1n ac\u00e1, prontos para comenzar con la actividad, puede haber alguna oportunidad para otros compa\u00f1eros del grupo, con tareas de complemento que le va a hacer mucho bien a la sociedad de Durazno\u201d. \u201cNosotros a lo \u00fanico que aspiramos es a que esto sea de utilidad para ustedes\u201d, subray\u00f3, Vidal\u00edn, se\u00f1alando que van a cumplir tareas en lugares importantes dentro de la IDD, como Abastecimiento, Proveedur\u00eda; CECOED (Centro Coordinador de Emergencias de Durazno); en los Departamentos de Administraci\u00f3n; Servicios, Desarrollo y Medio Ambiente \u201cles vamos a sacar el jugo, van a estar en lugares importantes, algunos van a estar en Abastecimiento, otro grupo estar\u00e1 en el CECOED, es el Centro de Emergencias en situaciones de cat\u00e1strofes como las inundaciones que hemos tenido, ah\u00ed hay much\u00edsimo para trabajar. Otros estar\u00e1n en el Departamento de Administraci\u00f3n que sin dudas les ayudar\u00e1 en mucho, en el Departamento de Servicios que tambi\u00e9n cumple una tarea fundamental en diferentes aspectos, en el Departamento de Desarrollo para tareas que tienen que ver con el medio ambiente, en el Departamento de Haciendas, estas son puertas que se abren. Si hubiera alguien que destaca much\u00edsimo, termine sus estudios y la puerta quedar\u00e1 abierta, porque necesitamos hoy gente de nivel\u201d agreg\u00f3. \u201cYo los felicito porque est\u00e1n haciendo una carrera, todos ustedes, que tiene futuro, si ma\u00f1ana tienen la posibilidad de seguir perfeccion\u00e1ndolo, h\u00e1ganlo, siempre hay que tener una meta por delante\u201d, valor\u00f3 el jefe comunal. Pablo Revello, agradeci\u00f3 a la Intendencia \u201ccon la que por tercer a\u00f1o consecutivo estamos con esta experiencia de las pasant\u00edas; es muy importante para los muchachos que est\u00e1n terminando sus estudios tener una experiencia laboral, ac\u00e1 hay muchos espacios de trabajo que se abren para ellos. Son 12 estudiantes que se est\u00e1n incorporando, por seis meses, y hay que decirles que aprovechen la oportunidad; nosotros los consideramos embajadores del Polo Educativo Tecnol\u00f3gico de Durazno, en el sentido de que tienen que llegar a demostrar no solo calidad de conocimiento, sino calidad humana, estoy seguro que nos van a dejar muy bien parados y se abrir\u00e1n las puertas para que el a\u00f1o que viene se renueve la experiencia\u201d. La actividad cont\u00f3 con la presencia, adem\u00e1s de Vidal\u00edn y Revello; del Secretario General, Domingo Rielli, los Directores Mar\u00eda Ramos (Servicios); Dra. Ana Laura Gadea (Administraci\u00f3n); Claudio Pi\u00f1eyro (Desarrollo y Medio Ambiente); Cr. Sebasti\u00e1n Erviti (Hacienda) y dem\u00e1s funcionarios de la IDD y del Polo Educativo Tecnol\u00f3gico de Durazno.<\/p>\n","protected":false},"excerpt":{"rendered":"<p>La Intendencia de Durazno y el Polo Educativo Tecnol\u00f3gico de Durazno firmaron tres convenios por Pasant\u00edas, que permitir\u00e1 que 12 estudiantes del citado centro educativo, accedan a a desempe\u00f1arse laboralmente en la IDD por el lapso de seis meses.<\/p>\n","protected":false},"author":4,"featured_media":3838,"comment_status":"closed","ping_status":"closed","sticky":false,"template":"","format":"standard","meta":{"footnotes":""},"categories":[5],"tags":[],"class_list":["post-3837","post","type-post","status-publish","format-standard","has-post-thumbnail","hentry","category-durazno"],"_links":{"self":[{"href":"https:\/\/paginacero.com.uy\/index.php?rest_route=\/wp\/v2\/posts\/3837","targetHints":{"allow":["GET"]}}],"collection":[{"href":"https:\/\/paginacero.com.uy\/index.php?rest_route=\/wp\/v2\/posts"}],"about":[{"href":"https:\/\/paginacero.com.uy\/index.php?rest_route=\/wp\/v2\/types\/post"}],"author":[{"embeddable":true,"href":"https:\/\/paginacero.com.uy\/index.php?rest_route=\/wp\/v2\/users\/4"}],"replies":[{"embeddable":true,"href":"https:\/\/paginacero.com.uy\/index.php?rest_route=%2Fwp%2Fv2%2Fcomments&post=3837"}],"version-history":[{"count":1,"href":"https:\/\/paginacero.com.uy\/index.php?rest_route=\/wp\/v2\/posts\/3837\/revisions"}],"predecessor-version":[{"id":3839,"href":"https:\/\/paginacero.com.uy\/index.php?rest_route=\/wp\/v2\/posts\/3837\/revisions\/3839"}],"wp:featuredmedia":[{"embeddable":true,"href":"https:\/\/paginacero.com.uy\/index.php?rest_route=\/wp\/v2\/media\/3838"}],"wp:attachment":[{"href":"https:\/\/paginacero.com.uy\/index.php?rest_route=%2Fwp%2Fv2%2Fmedia&parent=3837"}],"wp:term":[{"taxonomy":"category","embeddable":true,"href":"https:\/\/paginacero.com.uy\/index.php?rest_route=%2Fwp%2Fv2%2Fcategories&post=3837"},{"taxonomy":"post_tag","embeddable":true,"href":"https:\/\/paginacero.com.uy\/index.php?rest_route=%2Fwp%2Fv2%2Ftags&post=3837"}],"curies":[{"name":"wp","href":"https:\/\/api.w.org\/{rel}","templated":true}]}}