{"id":3831,"date":"2024-04-11T11:44:52","date_gmt":"2024-04-11T14:44:52","guid":{"rendered":"https:\/\/paginacero.com.uy\/?p=3831"},"modified":"2024-04-11T11:44:52","modified_gmt":"2024-04-11T14:44:52","slug":"se-lanzaron-los-dos-programas-educativos-de-ute-para-este-ano","status":"publish","type":"post","link":"https:\/\/paginacero.com.uy\/?p=3831","title":{"rendered":"Se lanzaron los dos Programas Educativos de UTE para este a\u00f1o"},"content":{"rendered":"<p><strong>UTE realiz\u00f3 en la Fundaci\u00f3n La Muralla y a trav\u00e9s de transmisi\u00f3n directa por v\u00eda digital el lanzamiento de sus Programas Educativos de Eficiencia Energ\u00e9tica, dirigidos a centros de Educaci\u00f3n Primaria p\u00fablicos y privados de todo el pa\u00eds.<\/strong><!--more--><\/p>\n<p>Junto a los divulgadores y responsables de los Programas en UTE, participaron el Director Nacional de Energ\u00eda Christian Nieves, la Inspectora Regional de la Administraci\u00f3n Nacional de Educaci\u00f3n P\u00fablica Elsa Irigoyen, el Vicepresidente de UTE Pablo Ferrari y los Directores Mariana Ubillos y Enrique P\u00e9es Boz.<\/p>\n<p>Desde el equipo Desarrollo Social Comunitario de UTE en la Gerencia de Sector Mercado, se llevan adelante dos Programas espec\u00edficos: Divulgaci\u00f3n Escolar y T\u00fanicas en Red, ambos en consonancia con la Pol\u00edtica Energ\u00e9tica Uruguay 2030, conducida por el Ministerio de Industria, Energ\u00eda y Miner\u00eda. Estos se implementan mediante una red interinstitucional integrada por la Direcci\u00f3n Nacional de Energ\u00eda, la Administraci\u00f3n Nacional de Educaci\u00f3n P\u00fablica y el Plan Ceibal, contando adem\u00e1s con el apoyo de otras instituciones educativas. Su principal objetivo es contribuir a la construcci\u00f3n de ciudadan\u00eda respecto a la energ\u00eda el\u00e9ctrica, su uso eficiente y seguro, las condiciones de acceso y el cuidado del medio ambiente.<\/p>\n<p>Los pilares de estos Programas son: analizar conceptos, establecer procesos educativos con prop\u00f3sitos definidos, generar actitudes, comportamientos decisivos individuales y colectivos, as\u00ed como desarrollar habilidades que impactan positivamente y mejoran la calidad de vida.<\/p>\n<p>\u201cEste a\u00f1o adem\u00e1s los Programas van por m\u00e1s, llegando tambi\u00e9n a escuelas de ni\u00f1os con ceguera y con problemas de aprendizaje, habiendo incluido adem\u00e1s a centros de ense\u00f1anza de personas sordas en la edici\u00f3n 2023\u201d, expres\u00f3 Isabel Penela de Mercado al dirigirse al auditorio.<\/p>\n<p>El vicepresidente de UTE Pablo Ferrari subray\u00f3: \u201cUTE lleva adelante much\u00edsimas acciones para lograr la inclusi\u00f3n, construyendo con empat\u00eda, y nos emociona ver la democratizaci\u00f3n presente en estos Programas\u201d.<\/p>\n<p>Elsa Irigoyen, Directora Regional de ANEP se\u00f1al\u00f3: \u201cMuchas gracias a todos los equipos y docentes que tanto trabajan para lograr la felicidad de nuestros ni\u00f1os y una educaci\u00f3n integral, a partir del trabajo colaborativo que significa cada granito de arena para lograr el desarrollo de nuevas competencias en su vida y en su realidad diaria. Adem\u00e1s, estos Programas son fundamentales para formar y transmitir ciudadan\u00eda, buscando la inclusi\u00f3n total de los ni\u00f1os a lo largo de todo el pa\u00eds\u201d.<\/p>\n<p>El Director Nacional de Energ\u00eda Christian Nieves cerr\u00f3: \u201cEste tipo de Programas logra el derrame de los conceptos de la Eficiencia Energ\u00e9tica en la vida de los ni\u00f1os y sus hogares, donde a trav\u00e9s de situaciones pr\u00e1cticas pueden aplicar lo aprendido\u201d.<\/p>\n<p>Divulgaci\u00f3n Escolar es un Programa Educativo con 29 a\u00f1os de trayectoria, para escolares de 6to a\u00f1o realizado mediante charlas en todo el pa\u00eds, abordando tem\u00e1ticas como el cambio en la matriz energ\u00e9tica, el uso eficiente de la energ\u00eda el\u00e9ctrica y su uso seguro tanto en el hogar como en la v\u00eda p\u00fablica. El contenido se comunica a trav\u00e9s de actividades l\u00fadicas y participativas, articul\u00e1ndolo con la curr\u00edcula escolar, entregando material educativo y acceso a tecnolog\u00eda digital y propuestas innovadoras.<\/p>\n<p>T\u00fanicas en Red es un Programa Educativo que aborda la eficiencia energ\u00e9tica, organizado por UTE en coordinaci\u00f3n con la Administraci\u00f3n Nacional de Educaci\u00f3n P\u00fablica, la Direcci\u00f3n Nacional de Energ\u00eda, el Plan. Incentiva en los ni\u00f1os el desarrollo de competencias que favorecen el pensamiento cr\u00edtico, la creatividad, la comunicaci\u00f3n y el uso por parte de ellos y sus familias de bienes energ\u00e9ticos: conceptualmente es, por tanto, un aprendizaje en red.<\/p>\n","protected":false},"excerpt":{"rendered":"<p>UTE realiz\u00f3 en la Fundaci\u00f3n La Muralla y a trav\u00e9s de transmisi\u00f3n directa por v\u00eda digital el lanzamiento de sus Programas Educativos de Eficiencia Energ\u00e9tica, dirigidos a centros de Educaci\u00f3n Primaria p\u00fablicos y privados de todo el pa\u00eds.<\/p>\n","protected":false},"author":4,"featured_media":3832,"comment_status":"closed","ping_status":"closed","sticky":false,"template":"","format":"standard","meta":{"footnotes":""},"categories":[5,15],"tags":[],"class_list":["post-3831","post","type-post","status-publish","format-standard","has-post-thumbnail","hentry","category-durazno","category-educacion"],"_links":{"self":[{"href":"https:\/\/paginacero.com.uy\/index.php?rest_route=\/wp\/v2\/posts\/3831","targetHints":{"allow":["GET"]}}],"collection":[{"href":"https:\/\/paginacero.com.uy\/index.php?rest_route=\/wp\/v2\/posts"}],"about":[{"href":"https:\/\/paginacero.com.uy\/index.php?rest_route=\/wp\/v2\/types\/post"}],"author":[{"embeddable":true,"href":"https:\/\/paginacero.com.uy\/index.php?rest_route=\/wp\/v2\/users\/4"}],"replies":[{"embeddable":true,"href":"https:\/\/paginacero.com.uy\/index.php?rest_route=%2Fwp%2Fv2%2Fcomments&post=3831"}],"version-history":[{"count":1,"href":"https:\/\/paginacero.com.uy\/index.php?rest_route=\/wp\/v2\/posts\/3831\/revisions"}],"predecessor-version":[{"id":3833,"href":"https:\/\/paginacero.com.uy\/index.php?rest_route=\/wp\/v2\/posts\/3831\/revisions\/3833"}],"wp:featuredmedia":[{"embeddable":true,"href":"https:\/\/paginacero.com.uy\/index.php?rest_route=\/wp\/v2\/media\/3832"}],"wp:attachment":[{"href":"https:\/\/paginacero.com.uy\/index.php?rest_route=%2Fwp%2Fv2%2Fmedia&parent=3831"}],"wp:term":[{"taxonomy":"category","embeddable":true,"href":"https:\/\/paginacero.com.uy\/index.php?rest_route=%2Fwp%2Fv2%2Fcategories&post=3831"},{"taxonomy":"post_tag","embeddable":true,"href":"https:\/\/paginacero.com.uy\/index.php?rest_route=%2Fwp%2Fv2%2Ftags&post=3831"}],"curies":[{"name":"wp","href":"https:\/\/api.w.org\/{rel}","templated":true}]}}