{"id":3827,"date":"2024-04-10T11:57:20","date_gmt":"2024-04-10T14:57:20","guid":{"rendered":"https:\/\/paginacero.com.uy\/?p=3827"},"modified":"2024-04-10T11:57:20","modified_gmt":"2024-04-10T14:57:20","slug":"llamado-laboral-a-becarios-en-ute-contrataran-a-30-egresados-de-utu-en-todo-el-pais","status":"publish","type":"post","link":"https:\/\/paginacero.com.uy\/?p=3827","title":{"rendered":"Llamado laboral a becarios en UTE: contratar\u00e1n a 30 egresados de UTU en todo el pa\u00eds"},"content":{"rendered":"<p><strong>Las pasant\u00edas en el organismo estatal tendr\u00e1n una duraci\u00f3n m\u00e1xima de 18 meses y la convocatoria recibir\u00e1 inscripciones a trav\u00e9s de la web hasta finales de mes.<\/strong><!--more--><\/p>\n<p>La Administraci\u00f3n Nacional de Usinas y Transmisiones El\u00e9ctricas (UTE) abri\u00f3 un llamado laboral para contratar a 30 becarios en Montevideo y localidades del interior del pa\u00eds.<\/p>\n<p>Las tareas del cargo, entre otras, incluyen la medida el\u00e9ctrica, operaci\u00f3n y mantenimiento de instalaciones de distintos niveles de tensi\u00f3n, y realizar trabajos en altura.<\/p>\n<p>La extensi\u00f3n m\u00e1xima del contrato ser\u00e1 de 18 meses, per\u00edodo que incluye la licencia anual. Los trabajadores cumplir\u00e1n jornadas de ocho horas diarias de lunes a viernes, por las que recibir\u00e1n un sueldo mensual de 7 BPC, lo que equivale a $ 43.239.<\/p>\n<p>Los requisitos excluyentes del llamado en UTE se listan a continuaci\u00f3n:<\/p>\n<p>Ser ciudadano natural o legal (con la carta de ciudadan\u00eda expedida con tres a\u00f1os de antig\u00fcedad contados hasta el cierre del plazo de inscripci\u00f3n)<\/p>\n<p>Tener entre 18 y 35 a\u00f1os al cierre de las inscripciones<\/p>\n<p>Ser egresado del curso de la Direcci\u00f3n General de Educaci\u00f3n T\u00e9cnico Profesional (DGETP, ex UTU) de Bachillerato Profesional \u201cOperaci\u00f3n y Mantenimiento de Instalaciones El\u00e9ctricas en Baja y Media Tensi\u00f3n\u201d y \u201cOperaci\u00f3n y Mantenimiento de Instalaciones de Trasmisi\u00f3n\u201c<\/p>\n<p>No haber tenido anteriormente una beca o pasant\u00eda en el Estado, ni una experiencia laboral previa superior a tres meses continuos de trabajo dependiente en el \u00e1mbito p\u00fablico<\/p>\n<p>Al ingresar, no podr\u00e1 haber transcurrido un lapso mayor a dos a\u00f1os entre la obtenci\u00f3n del diploma y el otorgamiento de la pasant\u00eda<\/p>\n<p>Al momento de la contrataci\u00f3n, deber\u00e1 constituir residencia en la localidad indicada o hasta 30 km aleda\u00f1os<\/p>\n<p>Las postulaciones se pueden realizar hasta las 16:00 horas del 29 de abril a trav\u00e9s del sitio web de UTE, donde tambi\u00e9n se encuentran disponibles las bases completas.<\/p>\n<p>Las consultas referidas al llamado pueden realizarse a trav\u00e9s de la direcci\u00f3n de correo electr\u00f3nico llamadosexternos@ute.com.uy.<\/p>\n<p>&nbsp;<\/p>\n<p>Beneficios a damnificados<\/p>\n<p>El Directorio de UTE, sensible a la situaci\u00f3n que est\u00e1n viviendo las familias de distintos lugares del pa\u00eds, como consecuencia de las recientes inundaciones, aprob\u00f3 nuevos beneficios para los clientes damnificados por estos eventos clim\u00e1ticos.<\/p>\n<p>La nueva resoluci\u00f3n complementa las medidas vigentes ya otorgadas anteriormente y busca apoyar a quienes, luego de una inundaci\u00f3n, regresan a sus hogares y deben volverlos nuevamente habitables, en condiciones sanitarias apropiadas. Por tal motivo, se ha visto que en estos casos se registran mayores consumos de energ\u00eda el\u00e9ctrica debido al funcionamiento de equipos, por ejemplo, de ventilaci\u00f3n y secado, necesarios para deshumidificar los ambientes.<\/p>\n<p>Este beneficio especial, se otorga por \u00fanica vez y corresponde a 1,642 UBT (Unidad B\u00e1sica de Tasa), unos 1.460 pesos, que ser\u00e1n descontados en las futuras facturas.<\/p>\n<p>De esta manera, UTE se sensibiliza y atiende a un sector de la poblaci\u00f3n del pa\u00eds que ha sido muy afectado, con grandes p\u00e9rdidas tanto econ\u00f3micas como emocionales, debido a las inclemencias del tiempo.<\/p>\n<p>Al beneficio se accede a trav\u00e9s del registro realizado en los CECOED de los departamentos que se vieron afectados por las inundaciones, acercando la documentaci\u00f3n correspondiente.<\/p>\n","protected":false},"excerpt":{"rendered":"<p>Las pasant\u00edas en el organismo estatal tendr\u00e1n una duraci\u00f3n m\u00e1xima de 18 meses y la convocatoria recibir\u00e1 inscripciones a trav\u00e9s de la web hasta finales de mes.<\/p>\n","protected":false},"author":4,"featured_media":3828,"comment_status":"closed","ping_status":"closed","sticky":false,"template":"","format":"standard","meta":{"footnotes":""},"categories":[5],"tags":[],"class_list":["post-3827","post","type-post","status-publish","format-standard","has-post-thumbnail","hentry","category-durazno"],"_links":{"self":[{"href":"https:\/\/paginacero.com.uy\/index.php?rest_route=\/wp\/v2\/posts\/3827","targetHints":{"allow":["GET"]}}],"collection":[{"href":"https:\/\/paginacero.com.uy\/index.php?rest_route=\/wp\/v2\/posts"}],"about":[{"href":"https:\/\/paginacero.com.uy\/index.php?rest_route=\/wp\/v2\/types\/post"}],"author":[{"embeddable":true,"href":"https:\/\/paginacero.com.uy\/index.php?rest_route=\/wp\/v2\/users\/4"}],"replies":[{"embeddable":true,"href":"https:\/\/paginacero.com.uy\/index.php?rest_route=%2Fwp%2Fv2%2Fcomments&post=3827"}],"version-history":[{"count":1,"href":"https:\/\/paginacero.com.uy\/index.php?rest_route=\/wp\/v2\/posts\/3827\/revisions"}],"predecessor-version":[{"id":3829,"href":"https:\/\/paginacero.com.uy\/index.php?rest_route=\/wp\/v2\/posts\/3827\/revisions\/3829"}],"wp:featuredmedia":[{"embeddable":true,"href":"https:\/\/paginacero.com.uy\/index.php?rest_route=\/wp\/v2\/media\/3828"}],"wp:attachment":[{"href":"https:\/\/paginacero.com.uy\/index.php?rest_route=%2Fwp%2Fv2%2Fmedia&parent=3827"}],"wp:term":[{"taxonomy":"category","embeddable":true,"href":"https:\/\/paginacero.com.uy\/index.php?rest_route=%2Fwp%2Fv2%2Fcategories&post=3827"},{"taxonomy":"post_tag","embeddable":true,"href":"https:\/\/paginacero.com.uy\/index.php?rest_route=%2Fwp%2Fv2%2Ftags&post=3827"}],"curies":[{"name":"wp","href":"https:\/\/api.w.org\/{rel}","templated":true}]}}