{"id":3824,"date":"2024-04-10T11:55:43","date_gmt":"2024-04-10T14:55:43","guid":{"rendered":"https:\/\/paginacero.com.uy\/?p=3824"},"modified":"2024-04-10T11:55:43","modified_gmt":"2024-04-10T14:55:43","slug":"es-necesario-un-refugio-para-personas-damnificadas-en-sarandi-del-yi","status":"publish","type":"post","link":"https:\/\/paginacero.com.uy\/?p=3824","title":{"rendered":"\u201cEs necesario un refugio para personas damnificadas en Sarand\u00ed del Y\u00ed\u201d"},"content":{"rendered":"<p><strong>El edil Henry Morales se hizo eco de las necesidades de personas damnificadas con las inclemencias meteorol\u00f3gicas en la ciudad de Sarand\u00ed del Y\u00ed, donde no se cuenta con un lugar alternativo para poder alojarlas temporalmente.<\/strong><!--more--><\/p>\n<p>\u201cMe quiero referir sobre un tema que lo plante\u00e9 en otra oportunidad, venimos de d\u00edas complicados con el tema de las lluvias, donde hemos tenido inundados, gente que se le vuelan los techos, en los barrios tambi\u00e9n la gente se ha complicado porque se le han llenado las casas de agua, me quiero referir a que necesitamos un lugar en Sarand\u00ed del Y\u00ed donde se pueda dar un alojamiento para estas personas, que cuando tenemos estos problemas no tenemos donde donde llevarlos.Tambi\u00e9n sucede que si lo llevamos a un lugar algunas veces no son bien atendidos, por eso es que precisamos un refugio para Sarand\u00ed del Y\u00ed\u201d dijo.<\/p>\n<p>\u201cEstuve en la casa de una vecina que ten\u00eda dos o tres ni\u00f1os, estaban adentro del agua, y quien puede vivir as\u00ed. Necesitamos urgente un lugar para poderlos sacar cuando tienen este problema\u201d agreg\u00f3.<\/p>\n<p>El edil tambi\u00e9n hizo referencia a una posible soluci\u00f3n para este refugio, ya que en la ciudad se cuenta con algunos espacios que hoy est\u00e1n disponibles.<\/p>\n<p>\u201cUn buen lugar para instalar este refugio es el ex Hotel Espa\u00f1a, es un lugar que en otra oportunidad lo ped\u00ed para que pueda ser un Hogar para Estudiantes, como tambi\u00e9n puede ser para un refugio de personas damnificadas por distintos temas. Tenemos tambi\u00e9n la vieja estaci\u00f3n de AFE que ahora est\u00e1 ocupada por Vialidad pero tambi\u00e9n puede ser un buen lugar\u201d dijo.<\/p>\n<p>\u201cQuiero que mis palabras pasen a la Intendencia y tambi\u00e9n al Municipio de Sarand\u00ed del Y\u00ed\u201d finaliz\u00f3 diciendo.<\/p>\n","protected":false},"excerpt":{"rendered":"<p>El edil Henry Morales se hizo eco de las necesidades de personas damnificadas con las inclemencias meteorol\u00f3gicas en la ciudad de Sarand\u00ed del Y\u00ed, donde no se cuenta con un lugar alternativo para poder alojarlas temporalmente.<\/p>\n","protected":false},"author":4,"featured_media":3825,"comment_status":"closed","ping_status":"closed","sticky":false,"template":"","format":"standard","meta":{"footnotes":""},"categories":[5],"tags":[],"class_list":["post-3824","post","type-post","status-publish","format-standard","has-post-thumbnail","hentry","category-durazno"],"_links":{"self":[{"href":"https:\/\/paginacero.com.uy\/index.php?rest_route=\/wp\/v2\/posts\/3824","targetHints":{"allow":["GET"]}}],"collection":[{"href":"https:\/\/paginacero.com.uy\/index.php?rest_route=\/wp\/v2\/posts"}],"about":[{"href":"https:\/\/paginacero.com.uy\/index.php?rest_route=\/wp\/v2\/types\/post"}],"author":[{"embeddable":true,"href":"https:\/\/paginacero.com.uy\/index.php?rest_route=\/wp\/v2\/users\/4"}],"replies":[{"embeddable":true,"href":"https:\/\/paginacero.com.uy\/index.php?rest_route=%2Fwp%2Fv2%2Fcomments&post=3824"}],"version-history":[{"count":1,"href":"https:\/\/paginacero.com.uy\/index.php?rest_route=\/wp\/v2\/posts\/3824\/revisions"}],"predecessor-version":[{"id":3826,"href":"https:\/\/paginacero.com.uy\/index.php?rest_route=\/wp\/v2\/posts\/3824\/revisions\/3826"}],"wp:featuredmedia":[{"embeddable":true,"href":"https:\/\/paginacero.com.uy\/index.php?rest_route=\/wp\/v2\/media\/3825"}],"wp:attachment":[{"href":"https:\/\/paginacero.com.uy\/index.php?rest_route=%2Fwp%2Fv2%2Fmedia&parent=3824"}],"wp:term":[{"taxonomy":"category","embeddable":true,"href":"https:\/\/paginacero.com.uy\/index.php?rest_route=%2Fwp%2Fv2%2Fcategories&post=3824"},{"taxonomy":"post_tag","embeddable":true,"href":"https:\/\/paginacero.com.uy\/index.php?rest_route=%2Fwp%2Fv2%2Ftags&post=3824"}],"curies":[{"name":"wp","href":"https:\/\/api.w.org\/{rel}","templated":true}]}}