{"id":3821,"date":"2024-04-10T11:51:27","date_gmt":"2024-04-10T14:51:27","guid":{"rendered":"https:\/\/paginacero.com.uy\/?p=3821"},"modified":"2024-04-10T11:51:27","modified_gmt":"2024-04-10T14:51:27","slug":"se-debe-preparar-adecuadamente-al-personal-y-dirigentes-del-cecoed","status":"publish","type":"post","link":"https:\/\/paginacero.com.uy\/?p=3821","title":{"rendered":"\u201cSe debe preparar adecuadamente al personal y dirigentes del CECOED\u201d"},"content":{"rendered":"<p><strong>El edil colorado Fernando Parodi critic\u00f3 las acciones por parte del CECOED, que no estuvieron a la altura de las circunstancias requeridas en esta \u00faltima inundaci\u00f3n.<\/strong><!--more--><\/p>\n<p>El edil hizo referencia a las dificultades que mencionaron los vecinos damnificados con respecto a la atenci\u00f3n que se brind\u00f3, sobre todo a la hora de realizar la mudanza de sus pertenencias, momentos en que muchos no contaron con apoyo de personal para hacer el traspaso de muebles y dem\u00e1s, en algunos casos, personas que viv\u00edan solas o personas mayores.<\/p>\n<p>\u201cMe quer\u00eda referir a un problema hist\u00f3rico que ha tenido Durazno desde su inicio y lamentablemente es un problema que tanto el departamento como la ciudad va a seguir teniendo, como son las inundaciones. En los diferentes cargos de importancia como podemos salir adelante es teniendo buenas dirigencias, estoy hablando de las inundaciones, la verdad no quise hablar antes porque justamente est\u00e1bamos con este problema y entiendo que no est\u00e1 bueno hablar o pegarle al que est\u00e1 ca\u00eddo\u201d dijo.<\/p>\n<p>\u201cMi intervenci\u00f3n va por ah\u00ed, un poco la cosa ac\u00e1 no es un palo a nadie ni que sea algo personal, todo lo contrario. Uno entiende que los vecinos, sobre todo los vecinos son lo que le pasan mal cuando por parte sobre todo del CECOED se muestra totalmente descoordinado\u201d agreg\u00f3.<\/p>\n<p>\u201cEl CECOED en esta ocasi\u00f3n se muestra con alg\u00fan funcionario, que es as\u00ed, que no est\u00e1 preparado para la atenci\u00f3n que deben brindar. Algunos vecinos seguramente se han comunicado con otros ediles, nos han dicho que los choferes iban solos a casas de madres solteras o gente mayor, camiones de dos metros con solamente choferes, entonces eso se entiende que es una gran descoordinaci\u00f3n que hay, incluso hoy el mismo intendente dijo en un medio de prensa que estaba mejor el CECOED en el per\u00edodo anterior que ahora\u201d indic\u00f3.<\/p>\n<p>Ante la aceptaci\u00f3n por parte del propio Intendente de que las acciones que realiz\u00f3 el CECOED no fueron las m\u00e1s acertadas en esta \u00faltima inundaci\u00f3n, el edil pidi\u00f3 que la situaci\u00f3n sea revertida de alguna manera, capacitando a las personas que est\u00e1n a cargo de la toma de decisiones para coordinar mejor las acciones a desplegar.<\/p>\n<p>\u201cEntonces, un poco recapitulando todos estos hechos y vuelvo a repetir, no es pegar por pegar, sino las cosas creo que se tienen que hablar para luego corregirlas y que adem\u00e1s del trauma que pasan las familias que los saca el agua, que las cosas est\u00e9n un poco mejor preparadas. Sabemos que la Intendencia cuenta con un poder\u00edo muy grande, en comparaci\u00f3n a esos cinco a\u00f1os atr\u00e1s, tecnolog\u00eda, maquinaria, personal, incluso tambi\u00e9n est\u00e1 a la orden la Polic\u00eda, el ej\u00e9rcito, que trabajan muy bien, pero si lamentablemente se demostr\u00f3 que no se estuvo a la altura de las circunstancias\u201d dijo.<\/p>\n<p>\u201cAs\u00ed que un poco a tono de reflexi\u00f3n, pido que mis palabras pasen al ejecutivo departamental y si hay por ah\u00ed puestos y lugares que se llegan por confianza pol\u00edtica, esto es entendible, al menos preparar a esas personas para que la ciudadan\u00eda no sufra las consecuencias\u201d finaliz\u00f3.<\/p>\n","protected":false},"excerpt":{"rendered":"<p>El edil colorado Fernando Parodi critic\u00f3 las acciones por parte del CECOED, que no estuvieron a la altura de las circunstancias requeridas en esta \u00faltima inundaci\u00f3n.<\/p>\n","protected":false},"author":4,"featured_media":3822,"comment_status":"closed","ping_status":"closed","sticky":false,"template":"","format":"standard","meta":{"footnotes":""},"categories":[5],"tags":[],"class_list":["post-3821","post","type-post","status-publish","format-standard","has-post-thumbnail","hentry","category-durazno"],"_links":{"self":[{"href":"https:\/\/paginacero.com.uy\/index.php?rest_route=\/wp\/v2\/posts\/3821","targetHints":{"allow":["GET"]}}],"collection":[{"href":"https:\/\/paginacero.com.uy\/index.php?rest_route=\/wp\/v2\/posts"}],"about":[{"href":"https:\/\/paginacero.com.uy\/index.php?rest_route=\/wp\/v2\/types\/post"}],"author":[{"embeddable":true,"href":"https:\/\/paginacero.com.uy\/index.php?rest_route=\/wp\/v2\/users\/4"}],"replies":[{"embeddable":true,"href":"https:\/\/paginacero.com.uy\/index.php?rest_route=%2Fwp%2Fv2%2Fcomments&post=3821"}],"version-history":[{"count":1,"href":"https:\/\/paginacero.com.uy\/index.php?rest_route=\/wp\/v2\/posts\/3821\/revisions"}],"predecessor-version":[{"id":3823,"href":"https:\/\/paginacero.com.uy\/index.php?rest_route=\/wp\/v2\/posts\/3821\/revisions\/3823"}],"wp:featuredmedia":[{"embeddable":true,"href":"https:\/\/paginacero.com.uy\/index.php?rest_route=\/wp\/v2\/media\/3822"}],"wp:attachment":[{"href":"https:\/\/paginacero.com.uy\/index.php?rest_route=%2Fwp%2Fv2%2Fmedia&parent=3821"}],"wp:term":[{"taxonomy":"category","embeddable":true,"href":"https:\/\/paginacero.com.uy\/index.php?rest_route=%2Fwp%2Fv2%2Fcategories&post=3821"},{"taxonomy":"post_tag","embeddable":true,"href":"https:\/\/paginacero.com.uy\/index.php?rest_route=%2Fwp%2Fv2%2Ftags&post=3821"}],"curies":[{"name":"wp","href":"https:\/\/api.w.org\/{rel}","templated":true}]}}