{"id":3818,"date":"2024-04-10T11:49:56","date_gmt":"2024-04-10T14:49:56","guid":{"rendered":"https:\/\/paginacero.com.uy\/?p=3818"},"modified":"2024-04-10T11:49:56","modified_gmt":"2024-04-10T14:49:56","slug":"plan-avanzar-inaugura-sus-viviendas-el-16-de-abril","status":"publish","type":"post","link":"https:\/\/paginacero.com.uy\/?p=3818","title":{"rendered":"Plan Avanzar inaugura sus viviendas el 16 de abril"},"content":{"rendered":"<p><strong>El Plan Avanzar es un programa de asentamientos impulsado por el Gobierno Nacional. MEVIR forma parte de este plan a trav\u00e9s del Ministerio de Vivienda bajo la Direcci\u00f3n de Integraci\u00f3n Social y Urbana (DINISU). Los departamentos involucrados en estas intervenciones son: Artigas, Salto, Colonia, Durazno, Flores, Treinta y Tres y R\u00edo Negro. Se involucran, 20 programas en 12 localidades.<\/strong><!--more--><\/p>\n<p>La inauguraci\u00f3n en Durazno ser\u00e1 el martes 16 de abril a la hora 11.00 en el lugar donde est\u00e1n ubicadas las viviendas, Pedro Trapani y Andresito, a una cuadra de la ruta 5. Alli se estar\u00e1n entregando 17 viviendas.<\/p>\n<p>A nivel nacional, con esta intervenci\u00f3n se beneficiar\u00e1 de forma directa a m\u00e1s de 4000 personas.El Plan Avanzar -que tiene como objetivo la erradicaci\u00f3n de los asentamientos irregulares en el pa\u00eds y que es una de las principales apuestas de este gobierno- tiene actualmente licitaciones en marcha, por cerca de US$ 180 millones, seg\u00fan afirm\u00f3 la directora nacional de Integraci\u00f3n Social y Urbana, Florencia Arbeleche. Ese monto se suma a inversiones previas para el plan en el orden de los US$ 350 millones.<\/p>\n<p>Las nuevas licitaciones son, dependiendo del asentamiento, para proyectos de viviendas nuevas, mejoras de infraestructura y obras de saneamiento. \u201cLas licitaciones se est\u00e1n realizando a trav\u00e9s de la Agencia Nacional de Vivienda (ANV); algunas est\u00e1n siendo publicadas y otras, adjudicadas\u201d, afirm\u00f3. \u201cLo importante es que, por primera vez, se trabaja en los 19 departamentos al mismo tiempo y participan todos los integrantes del sistema p\u00fablico de vivienda, a trav\u00e9s del Plan Avanzar y de la Direcci\u00f3n Nacional de Integraci\u00f3n Social Urbana\u201d, dijeron desde el Ministerio de Vivienda y Ordenamiento Territorial.<\/p>\n<p>Uruguay debe tener como objetivo solucionar el tema de asentamientos. Hay distintas miradas y distintas formas de poder expresarlo y poder manifestar esa expresi\u00f3n de deseo, pero es un objetivo que se plantea desde el gobierno a largo plazo. Hay pol\u00edticas de Estado que vienen desde hace mucho tiempo, como el Programa de Mejoramiento de Barrios que tiene casi 25 a\u00f1os, Juntos, que tiene un poco m\u00e1s 10 a\u00f1os de historia, y el Plan Nacional de Relocalizaciones que tiene otros 10 a\u00f1os de historia.<\/p>\n<p>El Plan Avanzar tiende redes entre estas tres organizaciones, es uno de los grandes puntos que tiene el plan. Toma lo que viene en ejecuci\u00f3n. Sus tres grandes puntos son: una nueva organizaci\u00f3n, un trabajo en conjunto con las intendencias y una descentralizaci\u00f3n, y nuevos recursos. Antes, el Ministerio de Vivienda funcionaba con los tres programas pero cada una de las intendencias se relacionaba con ellos en forma individual. Ahora, con la nueva Direcci\u00f3n Nacional de Integraci\u00f3n Social y Urbana (Dinisu) que se crea dentro del Ministerio de Vivienda a partir de la LUC, se coordinan todos estos programas pero a su vez se abre m\u00e1s la cancha y el abanico de respuesta. Y ahora, por primera vez en la historia se trabaja en forma simult\u00e1nea con los 19 departamentos.<\/p>\n<p>Actualmente son 120 asentamientos que se estar\u00e1n trabajando en este per\u00edodo de gobierno. El objetivo es que se avance todo lo que se pueda duplicado los recursos, duplicar la ejecuci\u00f3n y el ritmo de ejecuci\u00f3n.<\/p>\n<p>Desde el Ministerio dijeron que \u201cla meta es que realmente haya un punto de inflexi\u00f3n en este tema de los asentamientos. Lo que se est\u00e1 mejorando es el ritmo de ejecuci\u00f3n. En forma gr\u00e1fica: si se ven\u00eda trabajando a 40 kil\u00f3metros por hora, que pase a 80 kil\u00f3metros por ahora. Que se duplique la ejecuci\u00f3n. Para esto pueden pasar distintas cosas: acortar los procesos que muchas veces son largos y tener m\u00e1s proyectos. Eso es en lo que estamos trabajando. No tenemos el foco puesto en cu\u00e1ntos (asentamientos) terminar, sino que, insisto, esto realmente sea un punto de inflexi\u00f3n, que podamos estar dando respuesta al tema asentamientos a otro ritmo, al doble. Y esto es darle prioridad a un tema que siempre preocup\u00f3 a los uruguayos. Porque podemos tener distintas miradas sobre c\u00f3mo solucionarlo, pero estamos todos de acuerdo con que es un tema que queremos solucionar y evidentemente la ciudadan\u00eda est\u00e1 de acuerdo. La ciudadan\u00eda apoya esto. Todos los uruguayos nos tenemos que enorgullecer\u201d.<\/p>\n","protected":false},"excerpt":{"rendered":"<p>El Plan Avanzar es un programa de asentamientos impulsado por el Gobierno Nacional. MEVIR forma parte de este plan a trav\u00e9s del Ministerio de Vivienda bajo la Direcci\u00f3n de Integraci\u00f3n Social y Urbana (DINISU). Los departamentos involucrados en estas intervenciones son: Artigas, Salto, Colonia, Durazno, Flores, Treinta y Tres y R\u00edo Negro. Se involucran, 20 [&hellip;]<\/p>\n","protected":false},"author":4,"featured_media":3819,"comment_status":"closed","ping_status":"closed","sticky":false,"template":"","format":"standard","meta":{"footnotes":""},"categories":[5],"tags":[],"class_list":["post-3818","post","type-post","status-publish","format-standard","has-post-thumbnail","hentry","category-durazno"],"_links":{"self":[{"href":"https:\/\/paginacero.com.uy\/index.php?rest_route=\/wp\/v2\/posts\/3818","targetHints":{"allow":["GET"]}}],"collection":[{"href":"https:\/\/paginacero.com.uy\/index.php?rest_route=\/wp\/v2\/posts"}],"about":[{"href":"https:\/\/paginacero.com.uy\/index.php?rest_route=\/wp\/v2\/types\/post"}],"author":[{"embeddable":true,"href":"https:\/\/paginacero.com.uy\/index.php?rest_route=\/wp\/v2\/users\/4"}],"replies":[{"embeddable":true,"href":"https:\/\/paginacero.com.uy\/index.php?rest_route=%2Fwp%2Fv2%2Fcomments&post=3818"}],"version-history":[{"count":1,"href":"https:\/\/paginacero.com.uy\/index.php?rest_route=\/wp\/v2\/posts\/3818\/revisions"}],"predecessor-version":[{"id":3820,"href":"https:\/\/paginacero.com.uy\/index.php?rest_route=\/wp\/v2\/posts\/3818\/revisions\/3820"}],"wp:featuredmedia":[{"embeddable":true,"href":"https:\/\/paginacero.com.uy\/index.php?rest_route=\/wp\/v2\/media\/3819"}],"wp:attachment":[{"href":"https:\/\/paginacero.com.uy\/index.php?rest_route=%2Fwp%2Fv2%2Fmedia&parent=3818"}],"wp:term":[{"taxonomy":"category","embeddable":true,"href":"https:\/\/paginacero.com.uy\/index.php?rest_route=%2Fwp%2Fv2%2Fcategories&post=3818"},{"taxonomy":"post_tag","embeddable":true,"href":"https:\/\/paginacero.com.uy\/index.php?rest_route=%2Fwp%2Fv2%2Ftags&post=3818"}],"curies":[{"name":"wp","href":"https:\/\/api.w.org\/{rel}","templated":true}]}}