{"id":3815,"date":"2024-04-10T11:46:36","date_gmt":"2024-04-10T14:46:36","guid":{"rendered":"https:\/\/paginacero.com.uy\/?p=3815"},"modified":"2024-04-10T11:46:36","modified_gmt":"2024-04-10T14:46:36","slug":"campana-bajemos-la-montana-de-la-fundacion-sembrando-conciencia","status":"publish","type":"post","link":"https:\/\/paginacero.com.uy\/?p=3815","title":{"rendered":"Campan\u0303a Bajemos La Montan\u0303a de la Fundacio\u0301n Sembrando Conciencia"},"content":{"rendered":"<p><strong>Bajemos la monta\u00f1a es una campa\u00f1a de educaci\u00f3n ambiental, impulsada por la Fundaci\u00f3n Sembrando Conciencia (Ex No m\u00e1s colillas) que busca concientizar a la poblaci\u00f3n sobre el impacto de los residuos en el ambiente, brindando soluciones para reducir la cantidad de residuos generados, que van a parar al ambiente, a los vertederos y rellenos sanitarios de todo Uruguay.<\/strong><!--more--><\/p>\n<p>A trav\u00e9s de un plan de clasificaci\u00f3n en origen y una fuerte campa\u00f1a de reducci\u00f3n, se buscar\u00e1 transformar residuos, en productos de valor agregado como madera pl\u00e1stica,pinturas, etc, con los que se construir\u00e1 el primer refugio de animales sustentable de Uruguay. Dentro de la campa\u00f1a, participar\u00e1n centros educativos, empresas p\u00fablicas y privadas, organizaciones de la sociedad civil, y personas individuales de los 19 departamentos de Uruguay.<\/p>\n<p>Luego de trabajar con 150 centros educativos, Sembrando Conciencia presenta la primera edici\u00f3n de la campa\u00f1a Bajemos la monta\u00f1a, invitando a 200 centros educativos de los 19 departamentos de Uruguay, a participar de tres instancias (dos virtuales y una presencial),donde junto a m\u00e1s de 20.000 ni\u00f1os, ni\u00f1as y adolescentes, compartiremos distintas experiencias de educaci\u00f3n ambiental.<\/p>\n<p>La primer instancia ser\u00e1 en el mes de Abril- Mayo (Virtual): Taller de concientizaci\u00f3n sobre \u00ab\u00bfPor qu\u00e9 es importante cuidar el ambiente? y presentaci\u00f3n de la campa\u00f1a BAJEMOS LA MONTA\u00d1A. En el mes de Junio &#8211; Julio (Virtual): Implementaci\u00f3n de plan de clasificaci\u00f3n presentado. Ideaci\u00f3n de un proyecto ambiental a realizarse dentro de la instituci\u00f3n, donde cada una de ellas se har\u00e1 eco de la campa\u00f1a.<\/p>\n<p>En el mes de Septiembre &#8211; Diciembre (Presencial) se har\u00e1 la presentaci\u00f3n del proyecto ambiental y entrega de pl\u00e1sticos recuperados: actividad presencial en cada centro educativo participante, con Joaqu\u00edn Bentancor.<\/p>\n<p>Todas las instancias ser\u00e1n guiadas por Joaqu\u00edn Bentancor Ciliano, un joven de 22 a\u00f1os fundador de la organizaci\u00f3n Sembrando Conciencia. Durante las 3 instancias, se documentar\u00e1n las actividades con un equipo de filmaci\u00f3n, con el fin de compartir contenido educativo a trav\u00e9s de una serie documental en un canal de youtube, y en redes sociales.<\/p>\n<p>Los pl\u00e1sticos son sustancias qu\u00edmicas sint\u00e9ticas, denominadas pol\u00edmeros, de estructura macromolecular que puede ser moldeada mediante calor o presi\u00f3n y cuyo componente principal es el carbono. Estos pol\u00edmeros son grandes agrupaciones de mon\u00f3meros unidos mediante un proceso qu\u00edmico llamado polimerizaci\u00f3n. Los pl\u00e1sticos son unos de los materiales m\u00e1s elegidos por la industria ya que proporcionan propiedades que no pueden lograrse con otros materiales, por ejemplo: color, poco peso y resistencia a la degradaci\u00f3n ambiental y biol\u00f3gica. Lamentablemente, estas mismas propiedades son los que transforman los pl\u00e1sticos en un problema ambiental sumamente grave.<\/p>\n<p>Existen tres tipos de pl\u00e1sticos: termopl\u00e1sticos , termoestables y elast\u00f3meros. Los pl\u00e1sticos utilizados en envases son los que pueden volver a fundirse (termopl\u00e1sticos) para convertirse en un nuevo material. Para hacer m\u00e1s f\u00e1cil su identificaci\u00f3n la Sociedad de la Industria del Pl\u00e1stico (SPI) estableci\u00f3 una codificaci\u00f3n que va del 1 al 7 y refleja el nivel de dificultad para su reciclaje.<\/p>\n<p>La circularidad de materiales pl\u00e1sticos de un pa\u00eds depende de varios factores, entre ellos, los m\u00e1s significativos son: Capacidad de recuperaci\u00f3n, Reciclabilidad de los materiales recuperados, Precios de materiales recuperados frente a materiales v\u00edrgenes, Inversi\u00f3n e incentivos+ Conocimiento local y tecnolog\u00edas disponibles.<\/p>\n<p>Las alternativas sostenibles a los ladrillos tradicionales son los ladrillos ecol\u00f3gicos, fabricados mediante procesos menos agresivos con el medio ambiente. El proceso de c\u00f3mo reciclar pl\u00e1stico para hacer ladrillos tiene su origen en Argentina. En comparaci\u00f3n con los ladrillos tradicionales, los ladrillos hechos con material reciclado son m\u00e1s resistentes al fuego, poseen mayor resistencia mec\u00e1nica, similar absorci\u00f3n del agua, buen comportamiento a la intemperie, mejor aislamiento ac\u00fastico y pueden ser cortados y clavados con facilidad. Dependiendo de los materiales, adem\u00e1s, las propiedades de los ladrillos ser\u00e1n diferentes. Por ello es importante conocer las distintas ventajas y elegir lo que mejor se adapte a cada necesidad.<\/p>\n<p>El pl\u00e1stico que se utiliza para fabricar este tipo de ladrillos es el poletilen-tereftalato (PET), procedente de envases de pl\u00e1stico reciclados. Este material se combina con un cemento y un aditivo qu\u00edmico que facilita la adherencia entre part\u00edculas de pl\u00e1stico y cemento. En cada ladrillo se<\/p>\n<p>emplean alrededor de 20 botellas o envases reciclados. Se rellena las botellas con otros envases, papel de aluminio o film transparente.<\/p>\n","protected":false},"excerpt":{"rendered":"<p>Bajemos la monta\u00f1a es una campa\u00f1a de educaci\u00f3n ambiental, impulsada por la Fundaci\u00f3n Sembrando Conciencia (Ex No m\u00e1s colillas) que busca concientizar a la poblaci\u00f3n sobre el impacto de los residuos en el ambiente, brindando soluciones para reducir la cantidad de residuos generados, que van a parar al ambiente, a los vertederos y rellenos sanitarios [&hellip;]<\/p>\n","protected":false},"author":4,"featured_media":3816,"comment_status":"closed","ping_status":"closed","sticky":false,"template":"","format":"standard","meta":{"footnotes":""},"categories":[5],"tags":[],"class_list":["post-3815","post","type-post","status-publish","format-standard","has-post-thumbnail","hentry","category-durazno"],"_links":{"self":[{"href":"https:\/\/paginacero.com.uy\/index.php?rest_route=\/wp\/v2\/posts\/3815","targetHints":{"allow":["GET"]}}],"collection":[{"href":"https:\/\/paginacero.com.uy\/index.php?rest_route=\/wp\/v2\/posts"}],"about":[{"href":"https:\/\/paginacero.com.uy\/index.php?rest_route=\/wp\/v2\/types\/post"}],"author":[{"embeddable":true,"href":"https:\/\/paginacero.com.uy\/index.php?rest_route=\/wp\/v2\/users\/4"}],"replies":[{"embeddable":true,"href":"https:\/\/paginacero.com.uy\/index.php?rest_route=%2Fwp%2Fv2%2Fcomments&post=3815"}],"version-history":[{"count":1,"href":"https:\/\/paginacero.com.uy\/index.php?rest_route=\/wp\/v2\/posts\/3815\/revisions"}],"predecessor-version":[{"id":3817,"href":"https:\/\/paginacero.com.uy\/index.php?rest_route=\/wp\/v2\/posts\/3815\/revisions\/3817"}],"wp:featuredmedia":[{"embeddable":true,"href":"https:\/\/paginacero.com.uy\/index.php?rest_route=\/wp\/v2\/media\/3816"}],"wp:attachment":[{"href":"https:\/\/paginacero.com.uy\/index.php?rest_route=%2Fwp%2Fv2%2Fmedia&parent=3815"}],"wp:term":[{"taxonomy":"category","embeddable":true,"href":"https:\/\/paginacero.com.uy\/index.php?rest_route=%2Fwp%2Fv2%2Fcategories&post=3815"},{"taxonomy":"post_tag","embeddable":true,"href":"https:\/\/paginacero.com.uy\/index.php?rest_route=%2Fwp%2Fv2%2Ftags&post=3815"}],"curies":[{"name":"wp","href":"https:\/\/api.w.org\/{rel}","templated":true}]}}