{"id":3812,"date":"2024-04-09T12:21:11","date_gmt":"2024-04-09T15:21:11","guid":{"rendered":"https:\/\/paginacero.com.uy\/?p=3812"},"modified":"2024-04-09T12:21:11","modified_gmt":"2024-04-09T15:21:11","slug":"cuenta-cultura-8-edicion-2024","status":"publish","type":"post","link":"https:\/\/paginacero.com.uy\/?p=3812","title":{"rendered":"CUENTA CULTURA 8\u00b0 edici\u00f3n \u2013 2024"},"content":{"rendered":"<p><strong>VIERNES 12 de abril<\/strong><!--more--><\/p>\n<p>Hora 10:00 Ambientes inundables.<br \/>\nA cargo de integrantes del Club de<br \/>\nObservadores de Aves de Durazno.<\/p>\n<p>Hora 10:00 A partir de las 10 hs. Descubr\u00ed UTEC. Carreras y tecnolog\u00edas disponibles en Durazno ser\u00e1n<br \/>\npresentadas por un equipo profesional y entusiasta. Lentes 3D para conocer otras sedes de UTEC, entre otras propuestas.<\/p>\n<p>Hora: 10:00 Creando juntos by: Paulina. Taller de Pasteler\u00eda f\u00e1cil para peque\u00f1os. Con Paulina Dorado.<\/p>\n<p>Hora 13:30 Abu, \u00bfme cont\u00e1s? Lectura a escolares Organiza: ASOCIACI\u00d3N DE MAESTROS<br \/>\nJUBILADOS DURAZNO colabora: La buhardilla.<\/p>\n<p>Hora15:00 Taller de c\u00f3mics. El tallerista Gervasio Umpi\u00e9rrez Nin propone de forma l\u00fadica una divertida instancia de juego y aprendizaje con herramientas para crear una historia gr\u00e1fica. Mediante<br \/>\nel juego se desarrolla el potencial creativo de los ni\u00f1os.<\/p>\n<p>Hora 15:00 Narraci\u00f3n oral. Cuentos y canciones para escolares. AEBU Cultura.<\/p>\n<p>Hora 16:00 Serigraferias en vivo. Jhonny Rodr\u00edguez te invita a experimentar la t\u00e9cnica de la Impresi\u00f3n<br \/>\nSerigr\u00e1fica en vivo, con un dise\u00f1o hecho para tal ocasi\u00f3n. \u00a1T\u00fa lo puedes hacer, an\u00edmate!<\/p>\n<p>Hora 17:15 YOGA para ni\u00f1@s a cargo de la profesora Nora P\u00e9rez. Clase abierta.<\/p>\n<p>Hora 18:00 \u201cLeyendo gente\u201d. Presentaci\u00f3n de la exposici\u00f3n fotogr\u00e1fica de Jorge \u201cZorrito\u201d Nogueira, con<br \/>\ndisertaci\u00f3n presentada por el fot\u00f3grafo Ram\u00f3n P\u00e9rez, en el marco del ciclo Charlemos.<\/p>\n<p>Hora 19:00 La pasi\u00f3n por contar historias. Mario Delgado Apara\u00edn. Conversaci\u00f3n con el p\u00fablico sobre la<br \/>\nnarraci\u00f3n literaria y la narraci\u00f3n oral.<\/p>\n<p>Hora 20:00 Vidas en rojo y negro. Autor: Antonio Ladra. Presentaci\u00f3n del libro, propuesta interactiva,<br \/>\ncharla con el autor escuchando algunas canciones de la guerra civil espa\u00f1ola.<\/p>\n<p>Hora 21:00 Cierre musical: Andr\u00e9s Carrizo y su banda. Gala a puro folklore con el artista duraznense con m\u00e1s de 40 a\u00f1os de trayectoria.<br \/>\nViernes y s\u00e1bado: Mercado artesanal con propuestas interactivas para el p\u00fablico \/<br \/>\nFeria de libros \/ Cantina \u201cLo del Gallego\u201d<br \/>\nExposici\u00f3n permanente de Jhonny Rodr\u00edguez (artista pl\u00e1stico) \u201cDon Quijote de la l\u00ednea\u201d y Jorge Nogueria, fotograf\u00edas \u201cLeyendo gente\u201d.<\/p>\n<p>S\u00c1BADO 13 de abril<br \/>\nHora 10:00 Show cooking con \u201cel Gallego\u201d. Aprende recetas de la mano del chef espa\u00f1ol Sergio \u00c1lvarez.<br \/>\n\u00a1Divertido y participativo!<\/p>\n<p>Hora 10:30 \u201cLa barber\u00eda\u201d. La mesa de debate de Las barbas en remojo de AM 960. Tema: \u201cCultura\u201d,<br \/>\n\u00bfetiqueta o contenido? Participan: Federico Franco, Daniela Gonz\u00e1lez, Eduardo \u201cRayo\u201d Ferreira,<br \/>\nLeonella Camejo y Enzo Marco Gossio.<\/p>\n<p>Hora 15:00 \u201cEl sabor de vivir\u201d, espacio MUJER. Con Paola Ansal\u00e1s y Paulina Dorado. Nos cuentan su<br \/>\nexperiencia de vida como mujeres emprendedoras. Modera: Andrea Ferreira.<br \/>\nHora 16:00 Serigraferias en vivo. Jhonny Rodr\u00edguez te invita a experimentar la t\u00e9cnica de la Impresi\u00f3n<br \/>\nSerigr\u00e1fica en vivo, con un dise\u00f1o hecho para tal ocasi\u00f3n. \u00a1T\u00fa lo puedes hacer, an\u00edmate!<\/p>\n<p>Hora 16:00 Maquillaje art\u00edstico. En vivo, maquillaje facial y bodypainting con Evangelina \u00c1lvarez.<\/p>\n<p>Hora 18:00 Cuentacanto juvenil. Nuestras promesas en la m\u00fasica y el canto. J\u00f3venes duraznenses que<br \/>\nestudian y hacen m\u00fasica.<\/p>\n<p>Hora 18:00 La vida del Indio Ifra\u00edn. Presentaci\u00f3n de la primera novela del autor Rafael Casas Mendy.<\/p>\n<p>Hora 20:00 Viaje guitarrero. D\u00fao Robert Chavat y Mat\u00edas Romero. Viaje a trav\u00e9s de la guitarra<br \/>\nespa\u00f1ola y de la interpretaci\u00f3n de m\u00fasicas folcl\u00f3ricas de la regi\u00f3n y el mundo.<\/p>\n<p>Hora 21:00 D\u00fao Matina. Espect\u00e1culo musical. Valentina Stol y Mat\u00edas Romero. Tango, folclore,<br \/>\ncandombe y criollismo.<\/p>\n<p>Hora 22:00 Murga La desafinada. Espect\u00e1culo completo 2024 \u201cVilla contradicci\u00f3n\u201d.<\/p>\n<p>&nbsp;<\/p>\n","protected":false},"excerpt":{"rendered":"<p>VIERNES 12 de abril<\/p>\n","protected":false},"author":4,"featured_media":3813,"comment_status":"closed","ping_status":"closed","sticky":false,"template":"","format":"standard","meta":{"footnotes":""},"categories":[1],"tags":[],"class_list":["post-3812","post","type-post","status-publish","format-standard","has-post-thumbnail","hentry","category-uncategorized"],"_links":{"self":[{"href":"https:\/\/paginacero.com.uy\/index.php?rest_route=\/wp\/v2\/posts\/3812","targetHints":{"allow":["GET"]}}],"collection":[{"href":"https:\/\/paginacero.com.uy\/index.php?rest_route=\/wp\/v2\/posts"}],"about":[{"href":"https:\/\/paginacero.com.uy\/index.php?rest_route=\/wp\/v2\/types\/post"}],"author":[{"embeddable":true,"href":"https:\/\/paginacero.com.uy\/index.php?rest_route=\/wp\/v2\/users\/4"}],"replies":[{"embeddable":true,"href":"https:\/\/paginacero.com.uy\/index.php?rest_route=%2Fwp%2Fv2%2Fcomments&post=3812"}],"version-history":[{"count":1,"href":"https:\/\/paginacero.com.uy\/index.php?rest_route=\/wp\/v2\/posts\/3812\/revisions"}],"predecessor-version":[{"id":3814,"href":"https:\/\/paginacero.com.uy\/index.php?rest_route=\/wp\/v2\/posts\/3812\/revisions\/3814"}],"wp:featuredmedia":[{"embeddable":true,"href":"https:\/\/paginacero.com.uy\/index.php?rest_route=\/wp\/v2\/media\/3813"}],"wp:attachment":[{"href":"https:\/\/paginacero.com.uy\/index.php?rest_route=%2Fwp%2Fv2%2Fmedia&parent=3812"}],"wp:term":[{"taxonomy":"category","embeddable":true,"href":"https:\/\/paginacero.com.uy\/index.php?rest_route=%2Fwp%2Fv2%2Fcategories&post=3812"},{"taxonomy":"post_tag","embeddable":true,"href":"https:\/\/paginacero.com.uy\/index.php?rest_route=%2Fwp%2Fv2%2Ftags&post=3812"}],"curies":[{"name":"wp","href":"https:\/\/api.w.org\/{rel}","templated":true}]}}