{"id":3809,"date":"2024-04-09T12:06:46","date_gmt":"2024-04-09T15:06:46","guid":{"rendered":"https:\/\/paginacero.com.uy\/?p=3809"},"modified":"2024-04-09T12:06:46","modified_gmt":"2024-04-09T15:06:46","slug":"se-viene-la-segunda-feria-de-economia-circular-en-durazno","status":"publish","type":"post","link":"https:\/\/paginacero.com.uy\/?p=3809","title":{"rendered":"Se viene la Segunda Feria de Econom\u00eda Circular en Durazno"},"content":{"rendered":"<p><strong>Ser\u00e1 el pr\u00f3ximo viernes 19 de abril en Plaza Rod\u00f3 entre las 10 y las 19 horas. El objetivo de esta feria es revalorizar los emprendimientos que trabajan con econom\u00eda circular como modelo principal, y de concientizar y sensibilizar a la poblaci\u00f3n de Durazno, sobre todo ni\u00f1os y adolescentes sobre la importancia de reciclar y reutilizar.<\/strong><!--more--><\/p>\n<p>Faltando menos de dos semanas para el evento, ya est\u00e1 confirmada la presencia de escuelas y liceos de la ciudad, al igual que jardines de infantes y el Club de Ni\u00f1os San Jos\u00e9. Tambi\u00e9n se confirm\u00f3 la presencia del Grupo de promotores agroecol\u00f3gicos de Durazno. Esta feria &#8211; exposici\u00f3n y charlas, es organizada por la Asociaci\u00f3n de Emprendedores Redex Uruguay, la Divisi\u00f3n Medio Ambiente del Departamento de Desarrollo de la Intendencia, con la participaci\u00f3n de UTEC, entre otras instituciones que se siguen sumando. La instancia tendr\u00e1 emprendimientos sustentables, tambi\u00e9n gastronom\u00eda saludable y charlas durante toda la jornada a cargo de las funcionarias de Medio Ambiente y de UTEC. Tambi\u00e9n fue invitado el subsecretario del Ministerio de Ambiente, Gerardo Amarilla, para participar del evento.<\/p>\n<p>&nbsp;<\/p>\n<p>Importante<\/p>\n<p>A\u00fan hay lugares disponibles para participar como emprendedores, por lo tanto, aquellos que tengan o est\u00e9n empezando un emprendimiento con materiales reciclados, que de una segunda vida a cualquier tipo de producto, pueden comunicarse con Redex Uruguay al celular 099 940 389.<\/p>\n<p>&nbsp;<\/p>\n<p>La primera edici\u00f3n fue un \u00e9xito<\/p>\n<p>El a\u00f1o pasado la actividad fue de suma importancia para la comunidad y difundida por gran parte de los medios de comunicaci\u00f3n del departamento. Estimamos que m\u00e1s de 10 clases de secundaria, 8 de primaria y 2 de educaci\u00f3n inicial pasaron por la feria y participaron de todas las actividades, sumado al p\u00fablico en general que se arrim\u00f3 a un lugar de paso obligado, pegado a la Terminal de \u00d3mnibus de Durazno. La satisfacci\u00f3n m\u00e1s grande fue ver a los ni\u00f1os y adolescentes interesados por cada uno de los stands, preguntando, participando del intercambio de pl\u00e1sticos por plantines, cocinando con trigo sarraceno a trav\u00e9s de la Cocina Comunitaria Emprendedora de UTEC, atentos en las charlas, preguntando y opinando. Nos dimos cuenta que cuando a los ni\u00f1os y adolescentes se les proponen actividades de este tipo, ellos responden de muy buena forma y esperamos que repliquen algo de lo que vieron y aprendieron ese d\u00eda, que lleven a sus hogares, a sus escuelas y liceos, algo de lo que observaron con ese nivel de atenci\u00f3n y respeto que lo hicieron.<\/p>\n<p>&nbsp;<\/p>\n<p>\u00bfQu\u00e9 es la econom\u00eda circular?<\/p>\n<p>La econom\u00eda circular es un nuevo paradigma que promueve la producci\u00f3n de bienes y servicios de manera sostenible, reduciendo el consumo, el tiempo, las fuentes de energ\u00eda y los desperdicios. Se propone un modelo donde los productos, procesos y servicios se dise\u00f1an especialmente para optimizar los recursos utilizados y minimizar la generaci\u00f3n de residuos. Los principios b\u00e1sicos implican: reducir, reutilizar, reparar y reciclar en un c\u00edrculo continuo. Incluye cinco modelos de negocio. Provisi\u00f3n circular: uso de materiales y materias primas totalmente renovables, reciclables o biodegradables, que pueden ser utilizados en varios ciclos de vida (packaging biodegradable, bio-pl\u00e1sticos, energ\u00edas renovables). Recuperaci\u00f3n de recursos: recuperaci\u00f3n, reuso y reprocesamiento de materiales<\/p>\n<p>descartados o desperdiciados en el proceso (Bio-energ\u00eda, reutilizaci\u00f3n de residuos). Extensi\u00f3n de vida del producto: dise\u00f1o de productos que sean m\u00e1s duraderos, m\u00e1s f\u00e1ciles de reparar y facilitar su devoluci\u00f3n. Incluyendo la venta, reparaci\u00f3n, recuperaci\u00f3n y reciclaje de materiales. Recursos compartidos y consumo colaborativo: optimizaci\u00f3n del uso de productos. En este caso, encontramos las plataformas que facilitan compartir los diferentes productos. Productos como servicios: las empresas dejan de comprar bienes para moverse a soluciones del tipo arrendamiento.<\/p>\n","protected":false},"excerpt":{"rendered":"<p>Ser\u00e1 el pr\u00f3ximo viernes 19 de abril en Plaza Rod\u00f3 entre las 10 y las 19 horas. El objetivo de esta feria es revalorizar los emprendimientos que trabajan con econom\u00eda circular como modelo principal, y de concientizar y sensibilizar a la poblaci\u00f3n de Durazno, sobre todo ni\u00f1os y adolescentes sobre la importancia de reciclar y [&hellip;]<\/p>\n","protected":false},"author":4,"featured_media":3810,"comment_status":"closed","ping_status":"closed","sticky":false,"template":"","format":"standard","meta":{"footnotes":""},"categories":[5],"tags":[],"class_list":["post-3809","post","type-post","status-publish","format-standard","has-post-thumbnail","hentry","category-durazno"],"_links":{"self":[{"href":"https:\/\/paginacero.com.uy\/index.php?rest_route=\/wp\/v2\/posts\/3809","targetHints":{"allow":["GET"]}}],"collection":[{"href":"https:\/\/paginacero.com.uy\/index.php?rest_route=\/wp\/v2\/posts"}],"about":[{"href":"https:\/\/paginacero.com.uy\/index.php?rest_route=\/wp\/v2\/types\/post"}],"author":[{"embeddable":true,"href":"https:\/\/paginacero.com.uy\/index.php?rest_route=\/wp\/v2\/users\/4"}],"replies":[{"embeddable":true,"href":"https:\/\/paginacero.com.uy\/index.php?rest_route=%2Fwp%2Fv2%2Fcomments&post=3809"}],"version-history":[{"count":1,"href":"https:\/\/paginacero.com.uy\/index.php?rest_route=\/wp\/v2\/posts\/3809\/revisions"}],"predecessor-version":[{"id":3811,"href":"https:\/\/paginacero.com.uy\/index.php?rest_route=\/wp\/v2\/posts\/3809\/revisions\/3811"}],"wp:featuredmedia":[{"embeddable":true,"href":"https:\/\/paginacero.com.uy\/index.php?rest_route=\/wp\/v2\/media\/3810"}],"wp:attachment":[{"href":"https:\/\/paginacero.com.uy\/index.php?rest_route=%2Fwp%2Fv2%2Fmedia&parent=3809"}],"wp:term":[{"taxonomy":"category","embeddable":true,"href":"https:\/\/paginacero.com.uy\/index.php?rest_route=%2Fwp%2Fv2%2Fcategories&post=3809"},{"taxonomy":"post_tag","embeddable":true,"href":"https:\/\/paginacero.com.uy\/index.php?rest_route=%2Fwp%2Fv2%2Ftags&post=3809"}],"curies":[{"name":"wp","href":"https:\/\/api.w.org\/{rel}","templated":true}]}}