{"id":3803,"date":"2024-04-09T12:03:36","date_gmt":"2024-04-09T15:03:36","guid":{"rendered":"https:\/\/paginacero.com.uy\/?p=3803"},"modified":"2024-04-09T12:03:36","modified_gmt":"2024-04-09T15:03:36","slug":"ano-clemente-estable-propiciara-actividades-educativas-con-enfasis-en-la-ciencia","status":"publish","type":"post","link":"https:\/\/paginacero.com.uy\/?p=3803","title":{"rendered":"A\u00f1o Clemente Estable propiciar\u00e1 actividades educativas con \u00e9nfasis en la ciencia"},"content":{"rendered":"<p><strong>El Plan Educativo Cultural de la Administraci\u00f3n Nacional de Educaci\u00f3n P\u00fablica (ANEP) realiz\u00f3 el lanzamiento del A\u00f1o Clemente Estable en el Instituto de Investigaciones Biol\u00f3gicas Clemente Estable (IIBCE). La iniciativa tiene como cometido rendir homenaje al cient\u00edfico y difundir su pensamiento a partir de actividades educativas que se desarrollar\u00e1n durante 2024.<\/strong><!--more--><\/p>\n<p>Desde 2021, cada a\u00f1o, la ANEP, a trav\u00e9s del Plan Educativo Cultural, destaca la trayectoria de una figura uruguaya a partir de la realizaci\u00f3n de diferentes actividades y propuestas educativas en todos los subsistemas, contribuyendo as\u00ed a difundir el pensamiento y trayectoria de los homenajeados.<\/p>\n<p>En este sentido, recientemente se conform\u00f3 el Grupo Clemente Estable integrado por un representante de cada uno de los subsistemas. Asimismo, se planifica la realizaci\u00f3n de acciones conjuntas con el IIBCE.<\/p>\n<p>La propuesta prev\u00e9 la creaci\u00f3n de un libro sobre Clemente Estable dirigido a ni\u00f1as, ni\u00f1os y j\u00f3venes. En sus distintos cap\u00edtulos se abordar\u00e1n aspectos de su obra, vida, su faceta como pedagogo, cient\u00edfico, impulsor de investigaciones cient\u00edficas y pensador, entre otras. La publicaci\u00f3n ser\u00e1 ilustrada por los ni\u00f1os que asisten a las 19 escuelas nominadas Clemente Estable.<\/p>\n<p>Tambi\u00e9n se reeditar\u00e1n dos obras del cient\u00edfico: \u201cLa Psicolog\u00eda de las vocaciones\u201d y \u201cEl reino de las vocaciones\u201d. Otro de los proyectos contempla la creaci\u00f3n de un espacio educativo cultural con \u00e9nfasis en la ciencia dedicado a Clemente Estable.<\/p>\n<p>Por otra parte, estudiantes y docentes de Secundaria, UTU y Formaci\u00f3n Docente realizar\u00e1n pasant\u00edas en el IIBCE con quien adem\u00e1s se emprender\u00e1n otras iniciativas.<\/p>\n<p>La presidenta de la ANEP, Virginia C\u00e1ceres, anunci\u00f3 que junto al Ministerio de Educaci\u00f3n y Cultura (MEC) y la Comisi\u00f3n de Patrimonio se trabaja para que la casa de Clemente Estable pase a ser gestionada por este organismo que la transformar\u00e1 en un espacio cultural y pedag\u00f3gico, con \u00e9nfasis en la educaci\u00f3n cient\u00edfica. La iniciativa estar\u00e1 dirigida a estudiantes de todos los subsistemas.<\/p>\n<p>\u201cDesde la ANEP estamos convencidos que la ciencia es la puerta hacia el desarrollo de nuestro pa\u00eds y que la educaci\u00f3n tiene un rol fundamental. Por eso, en el nuevo Marco Curricular, una de las diez competencias es el pensamiento cient\u00edfico, y por eso seguimos trabajando con todas las personas e instituciones que componen el ecosistema educativo para apostar a la ciencia\u201d, se\u00f1al\u00f3.<\/p>\n<p>Por su parte, el coordinador del Plan Educativo Cultural, Horacio Bernardo, expres\u00f3: \u00abClemente Estable era un hombre curioso y esa vocaci\u00f3n y esp\u00edritu de investigaci\u00f3n es la que proponemos potenciar en los estudiantes a partir de todas las actividades planificadas\u00bb.<\/p>\n<p>\u201cClemente Estable nos permite trabajar en diferentes niveles por lo que nos trasmite, una personalidad casi renacentista, porque siendo maestro reflexion\u00f3 sobre su actividad, fue un pedagogo que escribi\u00f3 sobre pedagog\u00eda de la vocaci\u00f3n y en esa reflexi\u00f3n tambi\u00e9n fue un fil\u00f3sofo. Arturo Ardao lo incluye entre los fil\u00f3sofos del siglo XX\u201d, afirm\u00f3.<\/p>\n<p>El ministro de Educaci\u00f3n y Cultura, Pablo da Silveira, se dirigi\u00f3 a los alumnos de la Escuela N\u00b0 262 Clemente Estable de Montevideo y los invit\u00f3 a \u00abser curiosos con ganas de conocer, para que el sue\u00f1o de Clemente Estable se mantenga\u00bb, porque gracias a su legado las personas pueden dedicarse a hacer ciencia en Uruguay.<\/p>\n<p>Por \u00faltimo, Cecilia Scorza, presidenta del Consejo Directivo del IIBCE, celebr\u00f3 la oportunidad de \u00abrevalorizar la cultura a partir de la divulgaci\u00f3n de la trayectoria de Clemente Estable en el Uruguay a 130 a\u00f1os de su nacimiento\u00bb. Asimismo, destac\u00f3 las pasant\u00edas para estudiantes de Formaci\u00f3n Docente y de Bachillerato de matem\u00e1tica \u201cque tuvieron mucha adhesi\u00f3n por parte de los cient\u00edficos del Instituto\u201d.<\/p>\n","protected":false},"excerpt":{"rendered":"<p>El Plan Educativo Cultural de la Administraci\u00f3n Nacional de Educaci\u00f3n P\u00fablica (ANEP) realiz\u00f3 el lanzamiento del A\u00f1o Clemente Estable en el Instituto de Investigaciones Biol\u00f3gicas Clemente Estable (IIBCE). La iniciativa tiene como cometido rendir homenaje al cient\u00edfico y difundir su pensamiento a partir de actividades educativas que se desarrollar\u00e1n durante 2024.<\/p>\n","protected":false},"author":4,"featured_media":3804,"comment_status":"closed","ping_status":"closed","sticky":false,"template":"","format":"standard","meta":{"footnotes":""},"categories":[5],"tags":[],"class_list":["post-3803","post","type-post","status-publish","format-standard","has-post-thumbnail","hentry","category-durazno"],"_links":{"self":[{"href":"https:\/\/paginacero.com.uy\/index.php?rest_route=\/wp\/v2\/posts\/3803","targetHints":{"allow":["GET"]}}],"collection":[{"href":"https:\/\/paginacero.com.uy\/index.php?rest_route=\/wp\/v2\/posts"}],"about":[{"href":"https:\/\/paginacero.com.uy\/index.php?rest_route=\/wp\/v2\/types\/post"}],"author":[{"embeddable":true,"href":"https:\/\/paginacero.com.uy\/index.php?rest_route=\/wp\/v2\/users\/4"}],"replies":[{"embeddable":true,"href":"https:\/\/paginacero.com.uy\/index.php?rest_route=%2Fwp%2Fv2%2Fcomments&post=3803"}],"version-history":[{"count":1,"href":"https:\/\/paginacero.com.uy\/index.php?rest_route=\/wp\/v2\/posts\/3803\/revisions"}],"predecessor-version":[{"id":3805,"href":"https:\/\/paginacero.com.uy\/index.php?rest_route=\/wp\/v2\/posts\/3803\/revisions\/3805"}],"wp:featuredmedia":[{"embeddable":true,"href":"https:\/\/paginacero.com.uy\/index.php?rest_route=\/wp\/v2\/media\/3804"}],"wp:attachment":[{"href":"https:\/\/paginacero.com.uy\/index.php?rest_route=%2Fwp%2Fv2%2Fmedia&parent=3803"}],"wp:term":[{"taxonomy":"category","embeddable":true,"href":"https:\/\/paginacero.com.uy\/index.php?rest_route=%2Fwp%2Fv2%2Fcategories&post=3803"},{"taxonomy":"post_tag","embeddable":true,"href":"https:\/\/paginacero.com.uy\/index.php?rest_route=%2Fwp%2Fv2%2Ftags&post=3803"}],"curies":[{"name":"wp","href":"https:\/\/api.w.org\/{rel}","templated":true}]}}