{"id":3796,"date":"2024-04-08T12:11:33","date_gmt":"2024-04-08T15:11:33","guid":{"rendered":"https:\/\/paginacero.com.uy\/?p=3796"},"modified":"2024-04-08T12:11:33","modified_gmt":"2024-04-08T15:11:33","slug":"presentan-la-investigacion-de-la-tapera-de-oribe-por-guzman-garrido","status":"publish","type":"post","link":"https:\/\/paginacero.com.uy\/?p=3796","title":{"rendered":"Presentan la investigaci\u00f3n de \u00abLa tapera de Oribe\u00bb por Guzm\u00e1n Garrido"},"content":{"rendered":"<p><strong>El pr\u00f3ximo viernes se estar\u00e1 presentando el libro \u201cLa Tapera de Oribe\u201d en referencia a la investigaci\u00f3n realizada sobre este sitio hist\u00f3rico que se encuentra en nuestro departamento.<\/strong><!--more--><\/p>\n<p>En el paraje de Las Rengas en Durazno, en el \u00e1rea delimitada entre el r\u00edo Yi, el arroyo del Cordob\u00e9s y el arroyo Las Palmas, se encuentran los restos de la antigua estancia del Gral. Ignacio Oribe, hermano del presidente Oribe.<\/p>\n<p>Guzm\u00e1n, part\u00edcipe de un equipo donde se destaca Andr\u00e9s Vanzini, investiga en los vestigios de esta estancia, clave para comprender de forma m\u00e1s integral nuestro complejo pasado, con tecnolog\u00eda de detecci\u00f3n de metales. Los hallazgos son espectaculares. La edici\u00f3n, independiente y muy bien lograda, acompa\u00f1a cada p\u00e1gina con copiosas fotograf\u00edas, mapas y dibujos que dan muestra cabal de lo trascendente del esfuerzo.<\/p>\n<p>El libro \u201cLa tapera de Oribe\u201d escrito por Guzm\u00e1n Garrido Rosa, de 19 a\u00f1os, muestra la investigaci\u00f3n realizada en la tapera de Ignacio Oribe basada en la detecci\u00f3n de metales cuya finalidad fue desenterrar piezas bajo tierra para descubrir la enigm\u00e1tica historia que escondi\u00f3 durante siglos. M\u00e1s de 200 hallazgos estuvieron en exposici\u00f3n durante la presentaci\u00f3n del libro.<\/p>\n<p>De las cosas que m\u00e1s sorprendieron fueron los hallazgos pertenecientes a uno de los per\u00edodos hist\u00f3ricos m\u00e1s importantes ocurrido en nuestro pa\u00eds, la Guerra Grande (1839-1851). Fueron encontradas piezas pertenecientes a una guardia militar implantada por el se\u00f1or don Ignacio Oribe en su estancia para proteger la zona inh\u00f3spita en aquellos a\u00f1os. De esta forma, quienes asistieron pudieron apreciar varias piezas de armamento de la \u00e9poca, lanzas, sables y facones, partes de los uniformes militares, botones de todos los tipos, hebillas y un sinf\u00edn de vestigios que escriben la historia en el libro \u201cLa tapera de Oribe\u201d.<\/p>\n<p>\u201cPara comentar acerca de la investigaci\u00f3n en si misma, lo que me inspir\u00f3 principalmente a escribir sobre este hist\u00f3rico lugar fueron los hallazgos realizados. Comenc\u00e9, con el paso de los meses, a realizar b\u00fasquedas in situ donde continuaban apareciendo piezas cada vez m\u00e1s interesantes\u201d coment\u00f3 el autor del libro.<\/p>\n<p>\u201dA la par de las investigaciones de campo, me dediqu\u00e9 a investigar sobre quien fue el due\u00f1o de esta construcci\u00f3n. Fue as\u00ed que llegue a la maravillosa figura del Brigadier General Ignacio Oribe (hermano de don Manuel Oribe). Indagando sobre su vida pude relacionar los objetos encontrados en las excavaciones con los acontecimientos protagonizados por \u00e9l de su \u00e9poca, centr\u00e1ndose la mayor\u00eda de los hallazgos en el periodo de la Guerra Grande (aunque tambi\u00e9n se encontraron piezas que databan de casi 60 a\u00f1os antes que sucediera este hecho hist\u00f3rico)\u201d agreg\u00f3.<\/p>\n<p>\u201cIgnacio Oribe fue un caballero al igual que su hermano. Integr\u00f3 las filas artiguistas peleando contra Dorrego, Alvear y Soler. Fue Capit\u00e1n del cuerpo de Libertos durante la gobernaci\u00f3n de Otorgu\u00e9s. Tuvo brillantes actuaciones en batallas como India Muerta, Paso Cuello y Casavalle peleando junto a Fructuoso Rivera y Manuel Oribe. Organiz\u00f3 desde la Banda Oriental las preparaciones de la Cruzada Libertadora, arm\u00f3 luego el regimiento de \u201cDragones Libertadores\u201d con quienes pele\u00f3 victoriosamente en la decisiva batalla de Sarand\u00ed bajo el mando de Lavalleja. Independizado el Estado Oriental fue Jefe Pol\u00edtico de Montevideo (designado por Rondeau) y luego Ministro de Guerra y Marina\u201d indic\u00f3.<\/p>\n<p>\u201cPosteriormente bajo la gobernaci\u00f3n de su hermano Manuel fue designado Comandante General de la Campa\u00f1a, un cargo del que Rivera hab\u00eda sido despojado por las irregularidades de su gobierno. Fue este uno de los motivos por los cuales \u201cDon Frutos\u201d se revela contra el gobierno de Oribe, causando tiempo despu\u00e9s el comiendo de la Guerra Grande. Ignacio Oribe fue el vencedor de la batalla de Carpinter\u00eda, donde surgieron nuestras hist\u00f3ricas divisas blancas y coloradas. Es durante este periodo y principalmente en el Gobierno del Cerrito que don Ignacio tuvo una importante presencia en la campa\u00f1a Oriental, circulando mucho en la zona de Cerro Largo y en el este del departamento de Durazno (lugar donde se encuentra la Tapera)\u201d dijo.<\/p>\n<p>Dentro del libro veremos una rese\u00f1a hist\u00f3rica de la vida de Manuel, Ignacio, Francisco y Josefa, los hermanos Oribe, para contextualizar de quienes eran y poder visualizar lo que se viv\u00eda en su \u00e9poca. Posteriormente, nos introduce en la historia de estos campos donde se ver\u00e1n planos de la \u00e9poca, documentos hist\u00f3ricos encontrados y una gran historia de la zona para entender m\u00e1s sobre el<\/p>\n<p>contexto de los hallazgos.<\/p>\n","protected":false},"excerpt":{"rendered":"<p>El pr\u00f3ximo viernes se estar\u00e1 presentando el libro \u201cLa Tapera de Oribe\u201d en referencia a la investigaci\u00f3n realizada sobre este sitio hist\u00f3rico que se encuentra en nuestro departamento.<\/p>\n","protected":false},"author":4,"featured_media":3797,"comment_status":"closed","ping_status":"closed","sticky":false,"template":"","format":"standard","meta":{"footnotes":""},"categories":[5],"tags":[],"class_list":["post-3796","post","type-post","status-publish","format-standard","has-post-thumbnail","hentry","category-durazno"],"_links":{"self":[{"href":"https:\/\/paginacero.com.uy\/index.php?rest_route=\/wp\/v2\/posts\/3796","targetHints":{"allow":["GET"]}}],"collection":[{"href":"https:\/\/paginacero.com.uy\/index.php?rest_route=\/wp\/v2\/posts"}],"about":[{"href":"https:\/\/paginacero.com.uy\/index.php?rest_route=\/wp\/v2\/types\/post"}],"author":[{"embeddable":true,"href":"https:\/\/paginacero.com.uy\/index.php?rest_route=\/wp\/v2\/users\/4"}],"replies":[{"embeddable":true,"href":"https:\/\/paginacero.com.uy\/index.php?rest_route=%2Fwp%2Fv2%2Fcomments&post=3796"}],"version-history":[{"count":1,"href":"https:\/\/paginacero.com.uy\/index.php?rest_route=\/wp\/v2\/posts\/3796\/revisions"}],"predecessor-version":[{"id":3798,"href":"https:\/\/paginacero.com.uy\/index.php?rest_route=\/wp\/v2\/posts\/3796\/revisions\/3798"}],"wp:featuredmedia":[{"embeddable":true,"href":"https:\/\/paginacero.com.uy\/index.php?rest_route=\/wp\/v2\/media\/3797"}],"wp:attachment":[{"href":"https:\/\/paginacero.com.uy\/index.php?rest_route=%2Fwp%2Fv2%2Fmedia&parent=3796"}],"wp:term":[{"taxonomy":"category","embeddable":true,"href":"https:\/\/paginacero.com.uy\/index.php?rest_route=%2Fwp%2Fv2%2Fcategories&post=3796"},{"taxonomy":"post_tag","embeddable":true,"href":"https:\/\/paginacero.com.uy\/index.php?rest_route=%2Fwp%2Fv2%2Ftags&post=3796"}],"curies":[{"name":"wp","href":"https:\/\/api.w.org\/{rel}","templated":true}]}}