{"id":3793,"date":"2024-04-08T12:09:56","date_gmt":"2024-04-08T15:09:56","guid":{"rendered":"https:\/\/paginacero.com.uy\/?p=3793"},"modified":"2024-04-08T12:09:56","modified_gmt":"2024-04-08T15:09:56","slug":"los-homenajes-deben-hacerse-en-vida-por-eso-pedimos-la-inclusion-del-nombre-de-elsa-ghigliano-en-el-nomenclator","status":"publish","type":"post","link":"https:\/\/paginacero.com.uy\/?p=3793","title":{"rendered":"\u201cLos homenajes deben hacerse en vida, por eso pedimos la inclusi\u00f3n del nombre de Elsa Ghigliano en el nomenclator\u201d"},"content":{"rendered":"<p><strong>La edil In\u00e9s Colina pidi\u00f3, entre otras cosas, el homenaje a Elsa \u201cChita\u201d Ghigliano de L\u00f3pez, maestra fundadora de la Escuela N\u00b0 10 de nuestra ciudad, que ha dejado un gran legado entre sus estudiantes y colegas.<\/strong><!--more--><\/p>\n<p>\u201cQuiero plantear un nombre para el nomenclator de nuestro departamento, en realidad es una reiteraci\u00f3n ya que hice la presentaci\u00f3n en julio de 2021 y no tuvimos ninguna respuesta por parte de la Comisi\u00f3n de Obras. Tenemos el deber social como representantes del grupo de reconocer a duraznenses que a lo largo de su vida se han destacado por su actividad quiero tener especialmente palabras para una se\u00f1ora maestra de nuestro departamento, estoy hablando de Elsa \u201cChita\u201d Ghigliano de L\u00f3pez, maestra que supo ser una de las fundadoras de la Escuela 10 pero que tuvo una destacada trayectoria en el medio rural, ella misma describe su profesi\u00f3n diciendo que las maestras tienen la responsabilidad de formar a ese grupo de palomitas blancas, \u00e1vidas de aprender sus primeras letras\u201d dijo.<\/p>\n<p>\u201cA las maestras les toca la responsabilidad de forjar su personalidad, con cari\u00f1o, con amor, con rectitud y pautas pedag\u00f3gicas, pues ellos ser\u00e1n el futuro del Uruguay. A sus 95 a\u00f1os, Elsa dice que los alumnos del interior deben tener en cuenta su familia, para construir su correcto camino, haciendo esto con gran respeto y amor, forjaremos seres dignos para nuestro querido Uruguay. Entendemos que los homenajes y reconocimientos los tenemos que hacer en vida, pido que mis palabras pasen al Intendente Departamental y a la Comisi\u00f3n de Obras para que sea tenido en cuenta\u201d agreg\u00f3.<\/p>\n<p>La edil tambi\u00e9n se refiri\u00f3 a problemas en calles de la ciudad, donde se requiere de urgente intervenci\u00f3n por parte de la Direcci\u00f3n de Obras para solucionarlos.<\/p>\n<p>\u201cAdem\u00e1s, queremos solicitar a la Intendencia de Durazno el arreglo de calle Colombie a la altura de Mar\u00eda Aldao, all\u00ed los vecinos no tienen cord\u00f3n cuneta, carecen de vereda, la calle no est\u00e1 asfaltada, es de tierra y barro. Cuando llueve es casi imposible para quienes residen all\u00ed salir de sus hogares porque el agua queda estancada entre las calles y las casas. Es una situaci\u00f3n bastante urgente, hay personas mayores que est\u00e1n padeciendo esta situaci\u00f3n desde hace mucho tiempo por lo que trasladamos esta inquietud al Departamento de Obras de la intendencia y que las palabras pasen tambi\u00e9n a la Comisi\u00f3n De Obras para que se recorra la zona antes mencionada\u201d indic\u00f3.<\/p>\n<p>En otro tema, insisti\u00f3 sobre la necesidad de contar con m\u00e1s paradas a lo largo del trayecto del \u00f3mnibus urbanos y tambi\u00e9n en la salida a ruta 14, para brindar mejor calidad a los usuarios.<\/p>\n<p>\u201cPor otra parte, queremos solicitar que se construyan las paradas de \u00f3mnibus en barrios de la ciudad, tambi\u00e9n en la salida a ruta 14 y entendemos que ser\u00eda muy bueno contar con c\u00e1maras en esta zona, para fiscalizar el tr\u00e1nsito como se hace en Maldonado, es tiempo de incorporar m\u00e1s tecnolog\u00eda para el control vehicular en Durazno. Pido que mis palabras pasen al Ministerio del Interior y la Intendencia de Durazno\u201d finaliz\u00f3 diciendo.<\/p>\n","protected":false},"excerpt":{"rendered":"<p>La edil In\u00e9s Colina pidi\u00f3, entre otras cosas, el homenaje a Elsa \u201cChita\u201d Ghigliano de L\u00f3pez, maestra fundadora de la Escuela N\u00b0 10 de nuestra ciudad, que ha dejado un gran legado entre sus estudiantes y colegas.<\/p>\n","protected":false},"author":4,"featured_media":3794,"comment_status":"closed","ping_status":"closed","sticky":false,"template":"","format":"standard","meta":{"footnotes":""},"categories":[5],"tags":[],"class_list":["post-3793","post","type-post","status-publish","format-standard","has-post-thumbnail","hentry","category-durazno"],"_links":{"self":[{"href":"https:\/\/paginacero.com.uy\/index.php?rest_route=\/wp\/v2\/posts\/3793","targetHints":{"allow":["GET"]}}],"collection":[{"href":"https:\/\/paginacero.com.uy\/index.php?rest_route=\/wp\/v2\/posts"}],"about":[{"href":"https:\/\/paginacero.com.uy\/index.php?rest_route=\/wp\/v2\/types\/post"}],"author":[{"embeddable":true,"href":"https:\/\/paginacero.com.uy\/index.php?rest_route=\/wp\/v2\/users\/4"}],"replies":[{"embeddable":true,"href":"https:\/\/paginacero.com.uy\/index.php?rest_route=%2Fwp%2Fv2%2Fcomments&post=3793"}],"version-history":[{"count":1,"href":"https:\/\/paginacero.com.uy\/index.php?rest_route=\/wp\/v2\/posts\/3793\/revisions"}],"predecessor-version":[{"id":3795,"href":"https:\/\/paginacero.com.uy\/index.php?rest_route=\/wp\/v2\/posts\/3793\/revisions\/3795"}],"wp:featuredmedia":[{"embeddable":true,"href":"https:\/\/paginacero.com.uy\/index.php?rest_route=\/wp\/v2\/media\/3794"}],"wp:attachment":[{"href":"https:\/\/paginacero.com.uy\/index.php?rest_route=%2Fwp%2Fv2%2Fmedia&parent=3793"}],"wp:term":[{"taxonomy":"category","embeddable":true,"href":"https:\/\/paginacero.com.uy\/index.php?rest_route=%2Fwp%2Fv2%2Fcategories&post=3793"},{"taxonomy":"post_tag","embeddable":true,"href":"https:\/\/paginacero.com.uy\/index.php?rest_route=%2Fwp%2Fv2%2Ftags&post=3793"}],"curies":[{"name":"wp","href":"https:\/\/api.w.org\/{rel}","templated":true}]}}