{"id":3787,"date":"2024-04-08T12:06:02","date_gmt":"2024-04-08T15:06:02","guid":{"rendered":"https:\/\/paginacero.com.uy\/?p=3787"},"modified":"2024-04-08T12:06:02","modified_gmt":"2024-04-08T15:06:02","slug":"situacion-del-hospital-de-sarandi-del-yi-sigue-complicada-es-independiente-pero-no-tiene-recursos-economicos-propios","status":"publish","type":"post","link":"https:\/\/paginacero.com.uy\/?p=3787","title":{"rendered":"\u201cSituaci\u00f3n del Hospital de Sarand\u00ed del Y\u00ed sigue complicada, es independiente pero no tiene recursos econ\u00f3micos propios\u201d"},"content":{"rendered":"<p><strong>El edil Santiago Icasuriaga se preocup\u00f3 por la orden del Director del Hospital \u201cPenza\u201d de no coordinar estudios a pacientes que provengan de la unidad ejecutora de Sarand\u00ed del Y\u00ed, que fue declarada independiente pero a\u00fan no cuenta con recursos econ\u00f3micos.<\/strong><!--more--><\/p>\n<p>\u201cEn el d\u00eda de hoy voy a tratar un tema que ha sido recurrente ya en esta Junta, que es sobre lo que nos gusta llamar a nosotros el Hospital de Sarand\u00ed del Y\u00ed. Nosotros hace varios a\u00f1os que venimos pidiendo porque el Hospital de Sarand\u00ed del Y\u00ed fuera una unidad ejecutora independiente, que tuviera su autonom\u00eda, por suerte se logr\u00f3 a partir del 1\u00b0 de enero de este a\u00f1o que fuera votado en el Parlamento, cosa que fue anunciada por distintos actores pol\u00edticos. Pero estamos en abril y siguen sin soluci\u00f3n, sin llegar los recursos necesarios, sin llegar la orden como para que el Hospital de Sarand\u00ed del Y\u00ed sea independiente mismo econ\u00f3micamente\u201d dijo.<\/p>\n<p>\u201cEsto nos sigue acarreando problemas, en el d\u00eda de ayer los funcionarios que son los que hacen la coordinaci\u00f3n para estudios y especialistas de Sarand\u00ed del Y\u00ed, llaman a Durazno, que es como se hace de costumbre y se encuentran que por orden del Director del Hospital, el Dr. Motta, para Sarand\u00ed del Y\u00ed no se le est\u00e1 coordinando nada m\u00e1s, porque el Hospital de Sarand\u00ed del Y\u00ed ya es una unidad ejecutora independiente, en definitiva va a ser la 089. Pero no se si el doctor no sabe que el Hospital de Sarand\u00ed del Y\u00ed todav\u00eda est\u00e1 en la situaci\u00f3n de que fue votada su independencia pero no tiene recursos adjudicados\u201d agreg\u00f3.<\/p>\n<p>Esta situaci\u00f3n ha provocado problemas de asistencia a pacientes de Sarand\u00ed del Y\u00ed que no pueden coordinar con sus especialistas o con estudios espec\u00edficos.<\/p>\n<p>\u201cEntonces seguimos presentando problemas en el Hospital de esa ciudad, es una locura que se d\u00e9 una orden de ese tipo, porque adem\u00e1s esta ciudad siempre va a depender de Durazno, sea independiente o no sea independiente, entonces dar la orden de que no se brinde m\u00e1s ese servicio a los usuarios de Sarand\u00ed del Y\u00ed, esto deja de reh\u00e9n a la gente, al paciente que est\u00e1 esperando por un estudio o por un especialista, es de locos que se le est\u00e9 diciendo que por haber sido votado independiente la unidad ejecutora nueva no va a tener esa atenci\u00f3n\u201d indic\u00f3.<\/p>\n<p>\u201cAl paciente no le importa de qui\u00e9n son esos recursos, lo que le interesa es tener ese especialista que est\u00e1 necesitando. Por eso estamos solicitando a las autoridades que de una vez por todas se defina esta situaci\u00f3n, que el Hospital de Sarand\u00ed del Y\u00ed tenga sus recursos, adem\u00e1s de su independencia, para no volver a tener este tipo de problemas. Nosotros vamos a pedir que nuestras palabras pasen al Presidente de ASSE Dr. Cipriani, al diputado por el departamento Felipe Algorta y al Director de la RAP Durazno Dr. Taborda\u201d finaliz\u00f3.<\/p>\n<p>El a\u00f1o pasado, con respecto a la nominaci\u00f3n del Centro Auxiliar como unidad ejecutora independiente, Icasuriaga hab\u00eda manifestado que \u201ccon respecto a la salud durante todo este tiempo hemos pedido que se tenga en cuenta al Hospital, desde el a\u00f1o 2016 ven\u00edamos reclamando y pidiendo de que nuestro Hospital volviera a ser la categor\u00eda que era, la que se le hab\u00eda quitado, y finalmente logramos que volviera a ser una unidad ejecutora independiente, por suerte gracias al trabajo de todos, tambi\u00e9n compa\u00f1eros ediles, con diputados, senadores, el propio presidente de la Rep\u00fablica, se logr\u00f3 que a partir del a\u00f1o que viene el Hospital sea una unidad ejecutora independiente que va a hacer cosas para nuestra ciudad, por la mejor calidad de vida de de nuestros ciudadanos\u201d.<\/p>\n<p>El Centro de Hemodi\u00e1lisis tambi\u00e9n ha sido uno de sus proyectos impulsados y espera que pueda concretarse uno regional en la ciudad de Sarand\u00ed del Y\u00ed. \u201cVoy a plantear ac\u00e1 un tema que lo voy a tratar con mucho entusiasmo, con mucha emoci\u00f3n, porque lo viv\u00ed en el a\u00f1o 2000. Me voy a referir a lo que es la concreci\u00f3n de un Centro de Hemodi\u00e1lisis para Durazno y por qu\u00e9 no, so\u00f1ar para Sarand\u00ed del Y\u00ed con un Centro de Hemodi\u00e1lisis Regional. Lo dec\u00eda que lo viv\u00ed anteriormente, la situaci\u00f3n de los pacientes que tienen que concurrir tres veces por semana a su tratamiento, estar todo el d\u00eda fuera de la casa aparte de estar esas 4 horas que est\u00e1n en di\u00e1lisis, lo que es el viaje de ida y vuelta del que regresan en muy mal estado, muy descompuesto en muchas oportunidades. He podido hablar con mucha gente que se hace di\u00e1lisis y lo complejo que es ese tratamiento y por eso es que recuerdo que en el a\u00f1o 2000 yo estuve en esta Junta tambi\u00e9n y en la Comisi\u00f3n de Salud se<\/p>\n<p>empez\u00f3 a trabajar el tema y al final se logr\u00f3 se construyera un centro de Hemodi\u00e1lisis en la zona. Queda todav\u00eda pendiente el sue\u00f1o de que en Sarand\u00ed del Y\u00ed se pudiera concretar uno regional\u201d finaliz\u00f3.<\/p>\n","protected":false},"excerpt":{"rendered":"<p>El edil Santiago Icasuriaga se preocup\u00f3 por la orden del Director del Hospital \u201cPenza\u201d de no coordinar estudios a pacientes que provengan de la unidad ejecutora de Sarand\u00ed del Y\u00ed, que fue declarada independiente pero a\u00fan no cuenta con recursos econ\u00f3micos.<\/p>\n","protected":false},"author":4,"featured_media":3788,"comment_status":"closed","ping_status":"closed","sticky":false,"template":"","format":"standard","meta":{"footnotes":""},"categories":[5],"tags":[],"class_list":["post-3787","post","type-post","status-publish","format-standard","has-post-thumbnail","hentry","category-durazno"],"_links":{"self":[{"href":"https:\/\/paginacero.com.uy\/index.php?rest_route=\/wp\/v2\/posts\/3787","targetHints":{"allow":["GET"]}}],"collection":[{"href":"https:\/\/paginacero.com.uy\/index.php?rest_route=\/wp\/v2\/posts"}],"about":[{"href":"https:\/\/paginacero.com.uy\/index.php?rest_route=\/wp\/v2\/types\/post"}],"author":[{"embeddable":true,"href":"https:\/\/paginacero.com.uy\/index.php?rest_route=\/wp\/v2\/users\/4"}],"replies":[{"embeddable":true,"href":"https:\/\/paginacero.com.uy\/index.php?rest_route=%2Fwp%2Fv2%2Fcomments&post=3787"}],"version-history":[{"count":1,"href":"https:\/\/paginacero.com.uy\/index.php?rest_route=\/wp\/v2\/posts\/3787\/revisions"}],"predecessor-version":[{"id":3789,"href":"https:\/\/paginacero.com.uy\/index.php?rest_route=\/wp\/v2\/posts\/3787\/revisions\/3789"}],"wp:featuredmedia":[{"embeddable":true,"href":"https:\/\/paginacero.com.uy\/index.php?rest_route=\/wp\/v2\/media\/3788"}],"wp:attachment":[{"href":"https:\/\/paginacero.com.uy\/index.php?rest_route=%2Fwp%2Fv2%2Fmedia&parent=3787"}],"wp:term":[{"taxonomy":"category","embeddable":true,"href":"https:\/\/paginacero.com.uy\/index.php?rest_route=%2Fwp%2Fv2%2Fcategories&post=3787"},{"taxonomy":"post_tag","embeddable":true,"href":"https:\/\/paginacero.com.uy\/index.php?rest_route=%2Fwp%2Fv2%2Ftags&post=3787"}],"curies":[{"name":"wp","href":"https:\/\/api.w.org\/{rel}","templated":true}]}}