{"id":3784,"date":"2024-04-08T11:58:17","date_gmt":"2024-04-08T14:58:17","guid":{"rendered":"https:\/\/paginacero.com.uy\/?p=3784"},"modified":"2024-04-08T11:58:17","modified_gmt":"2024-04-08T14:58:17","slug":"curso-de-fotografia-gratuito-comenzo-en-el-dia-de-hoy","status":"publish","type":"post","link":"https:\/\/paginacero.com.uy\/?p=3784","title":{"rendered":"Curso de Fotograf\u00eda Gratuito comenz\u00f3 en el d\u00eda de hoy"},"content":{"rendered":"<div>En la Oficina de la Juventud, ubicada en la Biblioteca de Cobusu (Comisi\u00f3n de Barrios Unidos Suburbanos), dirigido por Ram\u00f3n P\u00e9rez, impulsado por el Inju y la intendencia de Durazno, dio comienzo al 1er Taller de Fotograf\u00eda con cupos completos.<\/div>\n<div><\/div>\n<div>Las clases son los d\u00edas Viernes a las <strong>17.00<\/strong> horas.<\/div>\n<div>(-Mayor informaci\u00f3n al <strong>092221950)<\/strong><\/div>\n","protected":false},"excerpt":{"rendered":"<p>En la Oficina de la Juventud, ubicada en la Biblioteca de Cobusu (Comisi\u00f3n de Barrios Unidos Suburbanos), dirigido por Ram\u00f3n P\u00e9rez, impulsado por el Inju y la intendencia de Durazno, dio comienzo al 1er Taller de Fotograf\u00eda con cupos completos. Las clases son los d\u00edas Viernes a las 17.00 horas. (-Mayor informaci\u00f3n al 092221950)<\/p>\n","protected":false},"author":4,"featured_media":3785,"comment_status":"closed","ping_status":"closed","sticky":false,"template":"","format":"standard","meta":{"footnotes":""},"categories":[5,15],"tags":[],"class_list":["post-3784","post","type-post","status-publish","format-standard","has-post-thumbnail","hentry","category-durazno","category-educacion"],"_links":{"self":[{"href":"https:\/\/paginacero.com.uy\/index.php?rest_route=\/wp\/v2\/posts\/3784","targetHints":{"allow":["GET"]}}],"collection":[{"href":"https:\/\/paginacero.com.uy\/index.php?rest_route=\/wp\/v2\/posts"}],"about":[{"href":"https:\/\/paginacero.com.uy\/index.php?rest_route=\/wp\/v2\/types\/post"}],"author":[{"embeddable":true,"href":"https:\/\/paginacero.com.uy\/index.php?rest_route=\/wp\/v2\/users\/4"}],"replies":[{"embeddable":true,"href":"https:\/\/paginacero.com.uy\/index.php?rest_route=%2Fwp%2Fv2%2Fcomments&post=3784"}],"version-history":[{"count":1,"href":"https:\/\/paginacero.com.uy\/index.php?rest_route=\/wp\/v2\/posts\/3784\/revisions"}],"predecessor-version":[{"id":3786,"href":"https:\/\/paginacero.com.uy\/index.php?rest_route=\/wp\/v2\/posts\/3784\/revisions\/3786"}],"wp:featuredmedia":[{"embeddable":true,"href":"https:\/\/paginacero.com.uy\/index.php?rest_route=\/wp\/v2\/media\/3785"}],"wp:attachment":[{"href":"https:\/\/paginacero.com.uy\/index.php?rest_route=%2Fwp%2Fv2%2Fmedia&parent=3784"}],"wp:term":[{"taxonomy":"category","embeddable":true,"href":"https:\/\/paginacero.com.uy\/index.php?rest_route=%2Fwp%2Fv2%2Fcategories&post=3784"},{"taxonomy":"post_tag","embeddable":true,"href":"https:\/\/paginacero.com.uy\/index.php?rest_route=%2Fwp%2Fv2%2Ftags&post=3784"}],"curies":[{"name":"wp","href":"https:\/\/api.w.org\/{rel}","templated":true}]}}