{"id":3781,"date":"2024-04-05T11:38:50","date_gmt":"2024-04-05T14:38:50","guid":{"rendered":"https:\/\/paginacero.com.uy\/?p=3781"},"modified":"2024-04-05T11:38:50","modified_gmt":"2024-04-05T14:38:50","slug":"preocupa-el-mal-estado-general-de-las-calles-en-la-ciudad","status":"publish","type":"post","link":"https:\/\/paginacero.com.uy\/?p=3781","title":{"rendered":"\u201cPreocupa el mal estado general de las calles en la ciudad\u201d"},"content":{"rendered":"<p><strong>El edil Carlos Garategui del Partido Colorado hizo saber las m\u00faltiples quejas que le han acercado vecinos con motivo del mal estado de las calles en varios barrios de la ciudad.<\/strong><!--more--><\/p>\n<p>\u201cQuisiera hacer saber la preocupaci\u00f3n de los vecinos por el estado que tienen muchas calles de la ciudad, especialmente despu\u00e9s de las intensas lluvias recientes. Si bien valoramos positivamente la colocaci\u00f3n de carpeta asf\u00e1ltica en muchas cuadras, especialmente al Este de ruta 5, queremos hacer hincapi\u00e9 en la problem\u00e1tica del bacheo de pozos. Es evidente que las reparaciones actuales resultan ser una soluci\u00f3n transitoria, ya que los baches vuelven a aparecer a los pocos d\u00edas en su estado original\u201d dijo.<\/p>\n<p>\u201cEsto se debe a la falta de un inadecuado proceso de compactaci\u00f3n de la mezcla asf\u00e1ltica o carpeta en fr\u00edo, lo cual genera un desperdicio de recursos materiales, humanos y vehiculares, sin obtener los resultados efectivos\u201d agreg\u00f3.<\/p>\n<p>\u201cEs fundamental contar con una supervisi\u00f3n t\u00e9cnica apropiada para garantizar trabajos de bacheos de calidad que satisfagan la necesidad de los contribuyentes. Los vecinos est\u00e1n preocupados ante la cercan\u00eda de las elecciones y por la posibilidad de que las autoridades busquen apoyo pol\u00edtico sin ofrecer soluciones concretas a los problemas existentes, por eso pedimos que estas palabras pasen al Intendente y a la Direcci\u00f3n de Obras correspondiente\u201d destac\u00f3.<\/p>\n<p>Tambi\u00e9n se hizo eco del pedido de un grupo de usuarios de la parada que est\u00e1 ubicada en Artigas y Ruta 5, que se ven totalmente desprotegidos ante las inclemencias meteorol\u00f3gicas.<\/p>\n<p>\u201cAdem\u00e1s, un grupo de maestras se acerc\u00f3 a plantear una vez m\u00e1s la problem\u00e1tica de la parada de autob\u00fas en la ruta 5, calle Artigas. Una cuesti\u00f3n que mencionaron otros ediles en varias ocasiones, se tiene conocimiento general que el refugio constru\u00eddo en este lugar es insuficiente y se encuentra abierto, con las recientes lluvias las personas que esperan all\u00ed no tienen un lugar seguro donde resguardarse, especialmente durante las horas pico y en d\u00edas de lluvia y fr\u00edo intenso durante el invierno Esta situaci\u00f3n se torna inhumana ya que en esta parada hacen escala buses departamentales e interdepartamentales, incluidos aquellos que no ingresan a la Terminal Rod\u00f3. La mayor\u00eda de los afectados son maestros, profesores, alumnos, pacientes que acuden a centros de salud y sanatorios. Cabe destacar que la pr\u00f3xima semana se entregar\u00e1 al intendente una petici\u00f3n con las firmas de los usuarios afectados que han estado recopilando\u201d indic\u00f3.<\/p>\n<p>\u201cSolicitamos al Intendente que intervenga ante el Ministerio de Transporte y Obras p\u00fablicas y tambi\u00e9n se informe a la Comisi\u00f3n De Obras de esta Junta\u201d manifest\u00f3.<\/p>\n<p>Otros vecinos tambi\u00e9n plantearon la situaci\u00f3n que viven con relaci\u00f3n al estado de las calles.<\/p>\n<p>\u201cTambi\u00e9n quisiera referirme a varios planteos de vecinos, sobre el barrio La Peyrade en relaci\u00f3n al desv\u00edo de la avenida Salaberry a la ruta 14. Debido a las fuertes lluvias y al constante tr\u00e1nsito ligero y pesado, las calles Coronilla, Mataojo, Talas, Misiones, en esta zona, se encuentran en un estado calamitoso. A pesar de los esfuerzos realizados con maquinaria las condiciones viales se empeoran nuevamente con cada nueva precipitaci\u00f3n, los comerciantes locales tambi\u00e9n expresaron su descontento por la disminuci\u00f3n en sus ventas, atribuyendo esta situaci\u00f3n a los trabajos en la nueva rotonda que se llevan a cabo desde setiembre del a\u00f1o pasado\u201d manifest\u00f3 el edil.<\/p>\n<p>\u201cLos constantes desv\u00edos generados por estas obras est\u00e1n afectando negativamente las calles y causando molestias a los residentes y comerciantes de la zona. Adem\u00e1s, hemos recibido quejas de los vecinos del barrio la Lanera que han se\u00f1alado el mal estado de varias calles debido a la presencia de numerosos baches, asimismo residentes de la calle Emilio Rossi han expresado su descontento por las inundaciones que les afectan con las obras de la v\u00eda durante los d\u00edas de lluvia. Pedimos que sea informado el Intendente y la Comisi\u00f3n de Obras\u201d finaliz\u00f3.<\/p>\n","protected":false},"excerpt":{"rendered":"<p>El edil Carlos Garategui del Partido Colorado hizo saber las m\u00faltiples quejas que le han acercado vecinos con motivo del mal estado de las calles en varios barrios de la ciudad.<\/p>\n","protected":false},"author":4,"featured_media":3782,"comment_status":"closed","ping_status":"closed","sticky":false,"template":"","format":"standard","meta":{"footnotes":""},"categories":[5],"tags":[],"class_list":["post-3781","post","type-post","status-publish","format-standard","has-post-thumbnail","hentry","category-durazno"],"_links":{"self":[{"href":"https:\/\/paginacero.com.uy\/index.php?rest_route=\/wp\/v2\/posts\/3781","targetHints":{"allow":["GET"]}}],"collection":[{"href":"https:\/\/paginacero.com.uy\/index.php?rest_route=\/wp\/v2\/posts"}],"about":[{"href":"https:\/\/paginacero.com.uy\/index.php?rest_route=\/wp\/v2\/types\/post"}],"author":[{"embeddable":true,"href":"https:\/\/paginacero.com.uy\/index.php?rest_route=\/wp\/v2\/users\/4"}],"replies":[{"embeddable":true,"href":"https:\/\/paginacero.com.uy\/index.php?rest_route=%2Fwp%2Fv2%2Fcomments&post=3781"}],"version-history":[{"count":1,"href":"https:\/\/paginacero.com.uy\/index.php?rest_route=\/wp\/v2\/posts\/3781\/revisions"}],"predecessor-version":[{"id":3783,"href":"https:\/\/paginacero.com.uy\/index.php?rest_route=\/wp\/v2\/posts\/3781\/revisions\/3783"}],"wp:featuredmedia":[{"embeddable":true,"href":"https:\/\/paginacero.com.uy\/index.php?rest_route=\/wp\/v2\/media\/3782"}],"wp:attachment":[{"href":"https:\/\/paginacero.com.uy\/index.php?rest_route=%2Fwp%2Fv2%2Fmedia&parent=3781"}],"wp:term":[{"taxonomy":"category","embeddable":true,"href":"https:\/\/paginacero.com.uy\/index.php?rest_route=%2Fwp%2Fv2%2Fcategories&post=3781"},{"taxonomy":"post_tag","embeddable":true,"href":"https:\/\/paginacero.com.uy\/index.php?rest_route=%2Fwp%2Fv2%2Ftags&post=3781"}],"curies":[{"name":"wp","href":"https:\/\/api.w.org\/{rel}","templated":true}]}}