{"id":3778,"date":"2024-04-05T11:33:45","date_gmt":"2024-04-05T14:33:45","guid":{"rendered":"https:\/\/paginacero.com.uy\/?p=3778"},"modified":"2024-04-05T11:33:45","modified_gmt":"2024-04-05T14:33:45","slug":"llamado-para-estudiantes-y-egresados-de-administracion-para-desempenarse-como-becarios-en-el-banco-de-prevision-social","status":"publish","type":"post","link":"https:\/\/paginacero.com.uy\/?p=3778","title":{"rendered":"Llamado para estudiantes y egresados de Administraci\u00f3n para desempe\u00f1arse como becarios en el Banco de Previsi\u00f3n Social"},"content":{"rendered":"<p><strong>Las inscripciones ser\u00e1n del lunes 15 de abril al viernes 3 de mayo de forma presencial. La convocatoria es para ocupar puestos en Montevideo, pero los interesados pueden postularse en la capital o desde el interior del pa\u00eds.<\/strong><!--more--><\/p>\n<p>En Montevideo: en la sede del BPS, ubicada en Colonia 1921, \u00e1rea de \u00abReclutamiento, Selecci\u00f3n y Promoci\u00f3n\u00bb, cuarto piso. En el interior del pa\u00eds: en las sucursales de Artigas, Canelones, Carmelo, Ciudad de la Costa, Colonia, Durazno, Florida, Fray Bentos, Las Piedras, Maldonado, Melo, Mercedes, Minas, Pando, Paysand\u00fa, Rivera, Rocha, San Carlos, San Jos\u00e9, Salto, Tacuaremb\u00f3, Treinta y Tres y Trinidad.<\/p>\n<p>Los estudiantes deben ser avanzados y los egresados deben haber terminado de cursar desde el a\u00f1o 2021 en adelante. Llevar\u00e1n a cabo tareas administrativas, de asesoramiento y atenci\u00f3n al p\u00fablico; tanto presencial como telef\u00f3nicamente. Ser\u00e1n contratados durante un a\u00f1o. Los requisitos para postularse son: C\u00e9dula de Identidad vigente y Credencial C\u00edvica.<\/p>\n<p>Los egresados trabajar\u00e1n 40 horas semanales y los estudiantes 30 horas a la semana. El sueldo nominal es de $ 40.998 y $ 30.748, respectivamente.<\/p>\n<p>Por m\u00e1s informaci\u00f3n comunicarse al correo electr\u00f3nico BPSConcursos@bps.gub.uy o al tel\u00e9fono 24000151, interno 3386.<\/p>\n<p>Adem\u00e1s ANEP convoca a mayores de 21 a\u00f1os para las pruebas Acredita para culminar la educaci\u00f3n media b\u00e1sica<\/p>\n<p>Los interesados se podr\u00e1n inscribir hasta el 8 de marzo. Por m\u00e1s informaci\u00f3n: acredita.anep.edu.uy o el call center: 0800 2637 opci\u00f3n 4. La Administraci\u00f3n Nacional de Educaci\u00f3n P\u00fablica (ANEP) implementa por cuarto a\u00f1o consecutivo la prueba nacional Acredita CB.<\/p>\n<p>Para aplicar la prueba las inscripciones est\u00e1n abiertas hasta el 8 de marzo. La misma se realiza con el fin de garantizar el derecho de j\u00f3venes y adultos a la educaci\u00f3n media b\u00e1sica y propiciar la continuidad educativa, se se\u00f1ala desde la ANEP.<\/p>\n<p>Acredita CB est\u00e1 dirigida a todos los habitantes en el pa\u00eds mayores de 21 a\u00f1os que hayan finalizado la educaci\u00f3n primaria y que, por diferentes razones, no ingresaron o no culminaron la educaci\u00f3n b\u00e1sica.<\/p>\n<p>La prueba se realizar\u00e1 presencialmente por computadora y en l\u00ednea con el apoyo de Ceibal. Se proponen actividades y situaciones que se resuelven desarrollando conocimientos y habilidades indispensables para la educaci\u00f3n media b\u00e1sica y evidencia habilidades relacionadas con las \u00e1reas de resoluci\u00f3n de problemas, lectura y escritura.<\/p>\n<p>En el sitio acredita.anep.edu.uy est\u00e1 toda la informaci\u00f3n o por el call center: 0800 2637 opci\u00f3n 4.<\/p>\n<p>Acreditacb habilita a la persona a acceder a \u00e1mbitos laborales que exijan el Ciclo B\u00e1sico culminado, o a continuar su trayectoria educativa en la ANEP. La prueba est\u00e1 dirigida a todos los habitantes, mayores de 21 a\u00f1os (cumplidos al momento de realizarla) que han finalizado la educaci\u00f3n primaria.<\/p>\n<p>&nbsp;<\/p>\n","protected":false},"excerpt":{"rendered":"<p>Las inscripciones ser\u00e1n del lunes 15 de abril al viernes 3 de mayo de forma presencial. La convocatoria es para ocupar puestos en Montevideo, pero los interesados pueden postularse en la capital o desde el interior del pa\u00eds.<\/p>\n","protected":false},"author":4,"featured_media":3779,"comment_status":"closed","ping_status":"closed","sticky":false,"template":"","format":"standard","meta":{"footnotes":""},"categories":[5],"tags":[],"class_list":["post-3778","post","type-post","status-publish","format-standard","has-post-thumbnail","hentry","category-durazno"],"_links":{"self":[{"href":"https:\/\/paginacero.com.uy\/index.php?rest_route=\/wp\/v2\/posts\/3778","targetHints":{"allow":["GET"]}}],"collection":[{"href":"https:\/\/paginacero.com.uy\/index.php?rest_route=\/wp\/v2\/posts"}],"about":[{"href":"https:\/\/paginacero.com.uy\/index.php?rest_route=\/wp\/v2\/types\/post"}],"author":[{"embeddable":true,"href":"https:\/\/paginacero.com.uy\/index.php?rest_route=\/wp\/v2\/users\/4"}],"replies":[{"embeddable":true,"href":"https:\/\/paginacero.com.uy\/index.php?rest_route=%2Fwp%2Fv2%2Fcomments&post=3778"}],"version-history":[{"count":1,"href":"https:\/\/paginacero.com.uy\/index.php?rest_route=\/wp\/v2\/posts\/3778\/revisions"}],"predecessor-version":[{"id":3780,"href":"https:\/\/paginacero.com.uy\/index.php?rest_route=\/wp\/v2\/posts\/3778\/revisions\/3780"}],"wp:featuredmedia":[{"embeddable":true,"href":"https:\/\/paginacero.com.uy\/index.php?rest_route=\/wp\/v2\/media\/3779"}],"wp:attachment":[{"href":"https:\/\/paginacero.com.uy\/index.php?rest_route=%2Fwp%2Fv2%2Fmedia&parent=3778"}],"wp:term":[{"taxonomy":"category","embeddable":true,"href":"https:\/\/paginacero.com.uy\/index.php?rest_route=%2Fwp%2Fv2%2Fcategories&post=3778"},{"taxonomy":"post_tag","embeddable":true,"href":"https:\/\/paginacero.com.uy\/index.php?rest_route=%2Fwp%2Fv2%2Ftags&post=3778"}],"curies":[{"name":"wp","href":"https:\/\/api.w.org\/{rel}","templated":true}]}}