{"id":3775,"date":"2024-04-05T11:30:32","date_gmt":"2024-04-05T14:30:32","guid":{"rendered":"https:\/\/paginacero.com.uy\/?p=3775"},"modified":"2024-04-05T11:30:32","modified_gmt":"2024-04-05T14:30:32","slug":"sensibilizan-sobre-el-cuidado-de-los-tendidos-electricos-ante-la-vegetacion-presente","status":"publish","type":"post","link":"https:\/\/paginacero.com.uy\/?p=3775","title":{"rendered":"Sensibilizan sobre el cuidado de los tendidos el\u00e9ctricos ante la vegetaci\u00f3n presente"},"content":{"rendered":"<p><strong>Marcos Perdomo de la Gerencia de Distribuci\u00f3n Oeste San Jos\u00e9 hizo una presentaci\u00f3n de plan cuyo objetivo es concientizar a la poblaci\u00f3n sobre el control de la vegetaci\u00f3n circundante a la infraestructura el\u00e9ctrica en \u00e1mbitos rurales.<\/strong><!--more--><\/p>\n<p>\u201cEstamos en este momento haciendo una campa\u00f1a de concientizaci\u00f3n de la convivencia de la vegetaci\u00f3n o la urbanizaci\u00f3n con las instalaciones el\u00e9ctricas. El objetivo es concientizar en particular a los vecinos de las zonas rurales, la problem\u00e1tica que generan los \u00e1rboles cuando est\u00e1n en proximidades de la iluminaci\u00f3n, la zona rural es la mayor extensi\u00f3n de l\u00edneas a\u00e9reas que tenemos, en las zonas urbanas por lo general las redes son subterr\u00e1neas y adem\u00e1s tienen muchos menores acciones, entonces b\u00e1sicamente se apunta a las zonas rurales y en particular a los propietarios o arrendatarios, usufructuantes de los predios\u201d dijo.<\/p>\n<p>\u201cLas l\u00edneas de media tensi\u00f3n, por lo general discurren o deben discurrir por lo que se denomina la faja para los servicios p\u00fablicos, que es desde la l\u00ednea de propiedad hacia adentro de la propiedad del padr\u00b4n, dependiendo del tipo de caminer\u00eda, ruta, la categorizaci\u00f3n de la ruta, En algunos casos las l\u00edneas van del lado de adentro de la ruta, entre la calzada y las l\u00edneas de propiedades, en lo que es la faja de uso p\u00fablico y eso es potestad del Ministerio de Transporte y Obras P\u00fablicas, que en las v\u00edas nacionales y carreteras, o en la caminer\u00eda departamental de los municipios y la Intendencia, bueno en zona urbana obviamente tambi\u00e9n es de la Intendencia\u201d agreg\u00f3.<\/p>\n<p>\u201cEntonces en esas zonas donde son propiedades de otras instituciones, se coordina de otra manera la soluci\u00f3n a este tipo de problem\u00e1tica. En los predios privados tenemos grandes dificultades en poder mantener las l\u00edneas alejadas de los \u00e1rboles y que de ese modo no tengamos inconvenientes. Por qu\u00e9 tratar este tema, cuando tenemos \u00e1rboles pr\u00f3ximos a las l\u00edneas se generan inconvenientes, esos inconvenientes pueden ir desde un simple microcorte o pesta\u00f1eo como se dice vulgarmente, cuando una rama se acerca a una l\u00ednea, hasta da\u00f1os cuando vuela en ocasi\u00f3n de vientos fuertes, un gajo, una rama, o cae un \u00e1rbol entero sobre una l\u00ednea y produce da\u00f1os e interrumpe el servicio\u201d manifest\u00f3.<\/p>\n<p>\u201cLas razones son las que los \u00e1rboles en propiedades privada, en esos casos si los propietarios no toman conciencia y no se logra que desde la concepci\u00f3n de que al plantar un \u00e1rbol se tomen las distancias reglamentarias, o despu\u00e9s se mantengan podados a las distancias que tienen que ser, justamente por estas cosas, ante el m\u00ednimo viento puede ocurrir una interrupci\u00f3n o varias interrupciones, o da\u00f1os. Esos da\u00f1os est\u00e1n afectando el servicio a otros clientes, adem\u00e1s de sus propios servicios el de los clientes, los vecinos, algunos distantes varios kil\u00f3metros de la zona. Esas son las consecuencias que tenemos cuando hay \u00e1rboles que no est\u00e1n correctamente controlados, producen daos a las instalaciones\u201d dijo.<\/p>\n<p>\u201cCon respecto a las distancias a cumplir, estamos dando la informaci\u00f3n adecuada para que los propietarios de \u00e1rboles lo tengan en cuenta. Un alto porcentaje de las interrupciones (en el suministro de energ\u00eda el\u00e9ctrica) que los clientes rurales tienen es debido a la vegetaci\u00f3n, aproximadamente el 10% tienen interferencia con vegetaci\u00f3n, el marco normativo vigente y en el que se establece que la distancia de seguridad entre el \u00e1rbol y el tendido debe ser de 7,5 metros en la distancia horizontal. En la vertical no se deben plantar \u00e1rboles que superen los 3 metros, adem\u00e1s de eso deben mantener 3 metros limpios entre la l\u00ednea de media tensi\u00f3n y los \u00e1rboles\u201d agreg\u00f3.<\/p>\n<p>\u201cAnte situaciones en que un propietario desee podar o controlar la vegetaci\u00f3n, si se entiende que est\u00e1 a una distancia de menos de 3 metros de la l\u00ednea, pueden haber aspectos de seguridad a controlar y para eso UTE ha creado una consulta de tr\u00e1mite de consulta para que vecinos y propietarios se asesoren, si quiere hacer esa poda, es recomendable que lo haga pero en el caso de que esas distancias se vean comprometidas, puede asesorarse mediante la consulta a UTE por distintos medios, para hacerlo en forma segura\u201d indic\u00f3.<\/p>\n<p>\u201cEstas consultas se pueden hacer en las oficinas comerciales, a trav\u00e9s de un sms o al tel\u00e9fono 0900 1930 o 0800 1930. En cuanto a las menciones de las l\u00edneas rurales, como han podido ver en Durazno tenemos tres mil kil\u00f3metros de l\u00edneas de media tensi\u00f3n, donde aproximadamente el 10% tiene interferencias con \u00e1rboles, esto es la preocupaci\u00f3n fundamental, es un problema que de verdad tiene una magnitud muy importante\u201d agreg\u00f3.<\/p>\n","protected":false},"excerpt":{"rendered":"<p>Marcos Perdomo de la Gerencia de Distribuci\u00f3n Oeste San Jos\u00e9 hizo una presentaci\u00f3n de plan cuyo objetivo es concientizar a la poblaci\u00f3n sobre el control de la vegetaci\u00f3n circundante a la infraestructura el\u00e9ctrica en \u00e1mbitos rurales.<\/p>\n","protected":false},"author":4,"featured_media":3776,"comment_status":"closed","ping_status":"closed","sticky":false,"template":"","format":"standard","meta":{"footnotes":""},"categories":[5],"tags":[],"class_list":["post-3775","post","type-post","status-publish","format-standard","has-post-thumbnail","hentry","category-durazno"],"_links":{"self":[{"href":"https:\/\/paginacero.com.uy\/index.php?rest_route=\/wp\/v2\/posts\/3775","targetHints":{"allow":["GET"]}}],"collection":[{"href":"https:\/\/paginacero.com.uy\/index.php?rest_route=\/wp\/v2\/posts"}],"about":[{"href":"https:\/\/paginacero.com.uy\/index.php?rest_route=\/wp\/v2\/types\/post"}],"author":[{"embeddable":true,"href":"https:\/\/paginacero.com.uy\/index.php?rest_route=\/wp\/v2\/users\/4"}],"replies":[{"embeddable":true,"href":"https:\/\/paginacero.com.uy\/index.php?rest_route=%2Fwp%2Fv2%2Fcomments&post=3775"}],"version-history":[{"count":1,"href":"https:\/\/paginacero.com.uy\/index.php?rest_route=\/wp\/v2\/posts\/3775\/revisions"}],"predecessor-version":[{"id":3777,"href":"https:\/\/paginacero.com.uy\/index.php?rest_route=\/wp\/v2\/posts\/3775\/revisions\/3777"}],"wp:featuredmedia":[{"embeddable":true,"href":"https:\/\/paginacero.com.uy\/index.php?rest_route=\/wp\/v2\/media\/3776"}],"wp:attachment":[{"href":"https:\/\/paginacero.com.uy\/index.php?rest_route=%2Fwp%2Fv2%2Fmedia&parent=3775"}],"wp:term":[{"taxonomy":"category","embeddable":true,"href":"https:\/\/paginacero.com.uy\/index.php?rest_route=%2Fwp%2Fv2%2Fcategories&post=3775"},{"taxonomy":"post_tag","embeddable":true,"href":"https:\/\/paginacero.com.uy\/index.php?rest_route=%2Fwp%2Fv2%2Ftags&post=3775"}],"curies":[{"name":"wp","href":"https:\/\/api.w.org\/{rel}","templated":true}]}}