{"id":3768,"date":"2024-04-04T11:16:10","date_gmt":"2024-04-04T14:16:10","guid":{"rendered":"https:\/\/paginacero.com.uy\/?p=3768"},"modified":"2024-04-04T11:16:10","modified_gmt":"2024-04-04T14:16:10","slug":"se-debe-controlar-la-ocupacion-de-casas-en-zonas-de-la-crecida-del-rio-yi","status":"publish","type":"post","link":"https:\/\/paginacero.com.uy\/?p=3768","title":{"rendered":"\u201cSe debe controlar la ocupaci\u00f3n de casas en zonas de la crecida del r\u00edo Y\u00ed\u201d"},"content":{"rendered":"<p><strong>El edil frenteamplista Wilson Barit\u00e9 hizo una presentaci\u00f3n donde solicit\u00f3 que el nombre de Ra\u00fal \u201cBebe\u201d Sendic sea integrado al nomenclator duraznense, adem\u00e1s de que se vele porque las casas en zonas inundables no sean vueltas a ocupar luego de ser canjeadas por viviendas.<\/strong><!--more--><\/p>\n<p>\u201cEl 16 de marzo se cumplieron 99 a\u00f1os del nacimiento de Ra\u00fal Sendic, sin duda una de las figuras pol\u00edticas m\u00e1s influyentes del siglo XX en nuestro pa\u00eds. Nacido en la localidad de Chamang\u00e1 del vecino departamento de Flores, fue un militante del partido Socialista primero y luego pas\u00f3 a ser uno de los miembros fundadores y m\u00e1s relevantes del Movimiento de Liberaci\u00f3n Nacional Tupamaros. A principios de los a\u00f1os 60, a nivel nacional en esta d\u00e9cada se comenzaba a notar el agotamiento del modelo neobatllista generado como consecuencia del aumento del desempleo y la desigualdad social, acercando a\u00f1o a a\u00f1o la crisis social y econ\u00f3mica, que luego se profundiz\u00f3\u201d record\u00f3.<\/p>\n<p>\u201cLa medidas pronta de seguridad y la represi\u00f3n sistem\u00e1tica por parte de las fuerzas del orden eran moneda corriente, a nivel internacional y regional la situaci\u00f3n pol\u00edtica era de efervescencia social con movimientos cotidianos en todos los pa\u00edses de Am\u00e9rica Latina, bajo la influencia del triunfo de la revoluci\u00f3n cubana y el aumento de las tensiones de las potencias centrales en el marco de la Guerra Fr\u00eda. en ese contexto y luego de su regreso de Cuba, ya con el t\u00edtulo de procurador por la Universidad de la Rep\u00fablica, Sendic se vincul\u00f3 como asesor legal de los trabajadores de la industria azucarera del norte del Uruguay, impactado por las condiciones de m\u00e1xima desprotecci\u00f3n y marginaci\u00f3n social que viv\u00edan esas familias\u201d agreg\u00f3.<\/p>\n<p>\u201cParte de su trabajo social consisti\u00f3 en la organizaci\u00f3n de los llamados ca\u00f1eros, los trabajadores de la ca\u00f1a de az\u00facar en la Uni\u00f3n de Trabajadores de Az\u00facar de Artigas, UTAA, esos trabajadores tambi\u00e9n llamados peludos, que cumpl\u00edan sus tareas en las peores condiciones, sumidos en una pobreza lindante con la miseria, comprendieron la importancia de visibilizar la situaci\u00f3n de su padecimiento al grito de \u201cUTAA por la tierra y con Sendic\u201d, realizaron varias marchas hacia la capital. Ya en la clandestinidad fue detenido en el a\u00f1o 70 en el Penal de Punta Carretas junto a otros miembros pol\u00edticos fug\u00e1ndose al poco tiempo. Dos a\u00f1os despues, en setiembre de 1972 fue herido y capturado y desde ese momento se convirti\u00f3 en uno de los rehenes de la dictadura c\u00edvicomilitar, esa condici\u00f3n de reh\u00e9n le signific\u00f3 que durante 12 a\u00f1os fue sometido a las peores condiciones de tortura, incomunicado y soportando condiciones inhumanas, algo que fue avalado por la Cruz Roja internacional. Sendic fue liberado junto a sus compa\u00f1eros en marzo del 85 tras el retorno de la democracia, continuando con su lucha pol\u00edtica con una prol\u00edfica producci\u00f3n de documentos pol\u00edticos te\u00f3ricos, tan necesarios hoy en d\u00eda\u201d indic\u00f3.<\/p>\n<p>\u201cSu legado sigue vivo hoy en d\u00eda. Por todo lo expuesto anteriormente, por su relevancia hist\u00f3rica, por el interior del pa\u00eds, por su lucha por los menos favorecidos, por su valent\u00eda y sus ideales, por una patria m\u00e1s justa, quiero proponer que el nombre de Ra\u00fal \u201cBebe\u201d Sendic integre el nomenclator de la ciudad\u201d dijo.<\/p>\n<p>El edil tambi\u00e9n pidi\u00f3 responsabilidad a la Intendencia ante la reocupaci\u00f3n de viviendas de vecinos que fueron realojados, ya que no se cumpli\u00f3 el compromiso de destruir las viviendas y controlar que las zonas inundables no fueran habitadas.<\/p>\n<p>\u201cEn otro orden quiero solidarizar con nuestros vecinos que est\u00e1n padeciendo la creciente, si bien sabemos que el CECOED tiene todo organizado, todo preparado para que las familias evacuadas puedan sobrellevar este duro momento, si bien muchos de esos terrenos las familias que viven en ellos fueron realojadas en terrenos no inundables, hoy hay nuevas familias viviendo en ellas y es la responsabilidad de la Intendencia que esos terrenos no se volvieran a poblar. No se debe perjudicar m\u00e1s a gente que vive en la zona de crecida del Y\u00ed por eso la responsabilidad de la Intendencia, quiero decirles que es responsabilidad de los Intendentes actuantes que se volvieran a ocupar, porque el convenio en que se entregaban las viviendas y que la gente no pudiera volver a poblar, por lo tanto se deb\u00edan romper las casas existentes y controlar. Eso no sucedi\u00f3 y esos evacuados que van a padecer la creciente del r\u00edo, es porque no se le control\u00f3 y se volvi\u00f3 a poblar una zona que no est\u00e1<\/p>\n<p>permitida para ello\u201d finaliz\u00f3.<\/p>\n","protected":false},"excerpt":{"rendered":"<p>El edil frenteamplista Wilson Barit\u00e9 hizo una presentaci\u00f3n donde solicit\u00f3 que el nombre de Ra\u00fal \u201cBebe\u201d Sendic sea integrado al nomenclator duraznense, adem\u00e1s de que se vele porque las casas en zonas inundables no sean vueltas a ocupar luego de ser canjeadas por viviendas.<\/p>\n","protected":false},"author":4,"featured_media":3769,"comment_status":"closed","ping_status":"closed","sticky":false,"template":"","format":"standard","meta":{"footnotes":""},"categories":[5],"tags":[],"class_list":["post-3768","post","type-post","status-publish","format-standard","has-post-thumbnail","hentry","category-durazno"],"_links":{"self":[{"href":"https:\/\/paginacero.com.uy\/index.php?rest_route=\/wp\/v2\/posts\/3768","targetHints":{"allow":["GET"]}}],"collection":[{"href":"https:\/\/paginacero.com.uy\/index.php?rest_route=\/wp\/v2\/posts"}],"about":[{"href":"https:\/\/paginacero.com.uy\/index.php?rest_route=\/wp\/v2\/types\/post"}],"author":[{"embeddable":true,"href":"https:\/\/paginacero.com.uy\/index.php?rest_route=\/wp\/v2\/users\/4"}],"replies":[{"embeddable":true,"href":"https:\/\/paginacero.com.uy\/index.php?rest_route=%2Fwp%2Fv2%2Fcomments&post=3768"}],"version-history":[{"count":1,"href":"https:\/\/paginacero.com.uy\/index.php?rest_route=\/wp\/v2\/posts\/3768\/revisions"}],"predecessor-version":[{"id":3770,"href":"https:\/\/paginacero.com.uy\/index.php?rest_route=\/wp\/v2\/posts\/3768\/revisions\/3770"}],"wp:featuredmedia":[{"embeddable":true,"href":"https:\/\/paginacero.com.uy\/index.php?rest_route=\/wp\/v2\/media\/3769"}],"wp:attachment":[{"href":"https:\/\/paginacero.com.uy\/index.php?rest_route=%2Fwp%2Fv2%2Fmedia&parent=3768"}],"wp:term":[{"taxonomy":"category","embeddable":true,"href":"https:\/\/paginacero.com.uy\/index.php?rest_route=%2Fwp%2Fv2%2Fcategories&post=3768"},{"taxonomy":"post_tag","embeddable":true,"href":"https:\/\/paginacero.com.uy\/index.php?rest_route=%2Fwp%2Fv2%2Ftags&post=3768"}],"curies":[{"name":"wp","href":"https:\/\/api.w.org\/{rel}","templated":true}]}}