{"id":3765,"date":"2024-04-04T10:54:29","date_gmt":"2024-04-04T13:54:29","guid":{"rendered":"https:\/\/paginacero.com.uy\/?p=3765"},"modified":"2024-04-04T10:54:29","modified_gmt":"2024-04-04T13:54:29","slug":"la-circulacion-vial-en-la-zona-de-las-higueras-y-la-peyrade-debe-ser-controlada","status":"publish","type":"post","link":"https:\/\/paginacero.com.uy\/?p=3765","title":{"rendered":"\u201cLa circulaci\u00f3n vial en la zona de Las Higueras y La Peyrade debe ser controlada\u201d"},"content":{"rendered":"<p><strong>El edil nacionalista Julio D\u00edaz present\u00f3 en la Junta Departamental la preocupaci\u00f3n por la circulaci\u00f3n a alta velocidad en la zona de La Higuera y La Peyrade, a la vez que record\u00f3 una petici\u00f3n anterior, de creaci\u00f3n de un Hogar de Ancianos en La Paloma y Blanquillo.<\/strong><!--more--><\/p>\n<p>\u201cEn primer lugar vamos a hacer un planteo que no tiene otro prop\u00f3sito que contemplar el pedido de vecinos de La Higuera y de las viviendas de La Peyrade. Trajimos algunas im\u00e1genes para acompa\u00f1ar estas expresiones que los vecinos han pedido y tiene que ver con el corte de la ruta 14, tambi\u00e9n est\u00e1 cortado el acceso desde La Higuera hacia la ciudad, todo lo que deriva el tr\u00e1fico hacia las calles internas de las viviendas y obviamente genera mucho peligro. Esa situaci\u00f3n es consecuencia de las obras que se est\u00e1n realizando en la zona, el tr\u00e1nsito en doble v\u00eda es intenso, por esas razones precisamente entonces decimos, creemos que es necesario tal vez flechar una de las calles y fundamentalmente se\u00f1alizar muy bien para dar seguridad a las personas que viven en ese barrio y para los conductores de autos, tambi\u00e9n los motociclistas, los que vienen desde ruta 14 lo hacen a alta velocidad eso genera, insisto, peligro, por lo que repetimos es conveniente se\u00f1alizar\u201d dijo.<\/p>\n<p>\u201cSolicito que esta palabras pasen al Ministerio de Transporte y Obras P\u00fablicas y al Departamento de Administraci\u00f3n de la Intendencia\u201d agreg\u00f3.<\/p>\n<p>Se mostr\u00f3 preocupado por un tema que hab\u00edan presentado como parte del Programa de Gobierno Departamental y tambi\u00e9n como moci\u00f3n desde la Junta Departamental, la creaci\u00f3n de un Hogar de Ancianos en Blanquillo y La Paloma.<\/p>\n<p>\u201cEn segundo lugar quer\u00eda plantear que en nuestro programa de gobierno departamental hab\u00edamos hablado de la imperiosa necesidad de creaci\u00f3n de un Hogar de Ancianos en Blanquillo para que atendiera personas mayores de toda esa zona de influencia, incluso La Paloma. M\u00e1s adelante en el tiempo, luego de haberse iniciado este periodo legislativo, desde esta banca, fue el 27 de agosto exactamente de 2021, a trav\u00e9s de la intervenci\u00f3n de la se\u00f1ora edil Ercilia Aramburu volvimos a mencionar el tema y formular nuevamente el pedido con argumentos muy s\u00f3lidos, pidiendo la instalaci\u00f3n de un Hogar de Ancianos en Blanquillo y La Paloma\u201d dijo.<\/p>\n<p>\u201cEsto evitar\u00eda que las personas mayores, quiero decir con todo cari\u00f1o los viejitos, tengan que trasladarse por servicios a Sarand\u00ed del Y\u00ed o Durazno. Ello naturalmente genera desarraigo y por razones de distancia y econ\u00f3micas inclusive, pierden relaci\u00f3n con familiares y amigos, lo que naturalmente provocar\u00eda mucho dolor a estas personas a esa edad. Pido que estas palabras pasen al se\u00f1or presidente del Banco de Previsi\u00f3n Social y al Ministerio de Salud P\u00fablica\u201d finaliz\u00f3 diciendo.<\/p>\n<p>En relaci\u00f3n a este tema, en el mes de marzo en la Junta Local de Blanquillo se realiz\u00f3 una productiva reuni\u00f3n con vecinos de la localidad y el vicepresidente de BPS, Lic. Daniel Graffigna, quien fue invitado por el Diputado Dr. Felipe Algorta a ra\u00edz del planteo del grupo de adultos mayores de la localidad que tienen el anhelo desde hace tiempo de contar con un Hogar de Ancianos. De la reuni\u00f3n tambi\u00e9n tom\u00f3 parte el Director Departamental de Salud, Dr. Javier Bessonart quien tambi\u00e9n conoce la tem\u00e1tica planteada.<\/p>\n<p>Graffignia dijo que la reuni\u00f3n fue muy importante por la concurrencia de muchos vecinos y porque se genera la posibilidad de tener un Hogar de Ancianos sin fines de lucro en toda una zona que carece de este servicio para adultos mayores. \u201cLe damos mucha importancia a c\u00f3mo afecta el desarraigo en la persona, por lo tanto, con el apoyo de BPS, se podr\u00eda generar aqu\u00ed un Hogar de Ancianos para quien es oriundo de esta zona\u201d mencion\u00f3 el vicepresidente del Banco de Previsi\u00f3n Social. Agreg\u00f3 que los primeros pasos a dar son el generar una comisi\u00f3n de apoyo con personer\u00eda jur\u00eddica y tener un lugar f\u00edsico. Ambas cosas ya se empezaron a gestionar en la propia reuni\u00f3n y la mayor\u00eda de los vecinos que participaron de la reuni\u00f3n se comprometieron a trabajar para hacer realidad el Hogar en Blanquillo. Por su parte el Diputado Algorta resalt\u00f3 la importancia de la participaci\u00f3n de la gente en todo esto, \u201calgo absolutamente necesario porque podemos traer autoridades y generar acciones pero es la gente la que tiene que ponerse al hombro este tipo de oportunidades\u201d dijo. Agreg\u00f3 que hoy se logr\u00f3 generar este \u201cpuntapi\u00e9 con cosas concretas porque a veces se tienen ideas y las ideas son fant\u00e1sticas pero el tiempo corre y nosotros precisamos bajar a tierra esas ideas\u201d.<\/p>\n","protected":false},"excerpt":{"rendered":"<p>El edil nacionalista Julio D\u00edaz present\u00f3 en la Junta Departamental la preocupaci\u00f3n por la circulaci\u00f3n a alta velocidad en la zona de La Higuera y La Peyrade, a la vez que record\u00f3 una petici\u00f3n anterior, de creaci\u00f3n de un Hogar de Ancianos en La Paloma y Blanquillo.<\/p>\n","protected":false},"author":4,"featured_media":3766,"comment_status":"closed","ping_status":"closed","sticky":false,"template":"","format":"standard","meta":{"footnotes":""},"categories":[5],"tags":[],"class_list":["post-3765","post","type-post","status-publish","format-standard","has-post-thumbnail","hentry","category-durazno"],"_links":{"self":[{"href":"https:\/\/paginacero.com.uy\/index.php?rest_route=\/wp\/v2\/posts\/3765","targetHints":{"allow":["GET"]}}],"collection":[{"href":"https:\/\/paginacero.com.uy\/index.php?rest_route=\/wp\/v2\/posts"}],"about":[{"href":"https:\/\/paginacero.com.uy\/index.php?rest_route=\/wp\/v2\/types\/post"}],"author":[{"embeddable":true,"href":"https:\/\/paginacero.com.uy\/index.php?rest_route=\/wp\/v2\/users\/4"}],"replies":[{"embeddable":true,"href":"https:\/\/paginacero.com.uy\/index.php?rest_route=%2Fwp%2Fv2%2Fcomments&post=3765"}],"version-history":[{"count":1,"href":"https:\/\/paginacero.com.uy\/index.php?rest_route=\/wp\/v2\/posts\/3765\/revisions"}],"predecessor-version":[{"id":3767,"href":"https:\/\/paginacero.com.uy\/index.php?rest_route=\/wp\/v2\/posts\/3765\/revisions\/3767"}],"wp:featuredmedia":[{"embeddable":true,"href":"https:\/\/paginacero.com.uy\/index.php?rest_route=\/wp\/v2\/media\/3766"}],"wp:attachment":[{"href":"https:\/\/paginacero.com.uy\/index.php?rest_route=%2Fwp%2Fv2%2Fmedia&parent=3765"}],"wp:term":[{"taxonomy":"category","embeddable":true,"href":"https:\/\/paginacero.com.uy\/index.php?rest_route=%2Fwp%2Fv2%2Fcategories&post=3765"},{"taxonomy":"post_tag","embeddable":true,"href":"https:\/\/paginacero.com.uy\/index.php?rest_route=%2Fwp%2Fv2%2Ftags&post=3765"}],"curies":[{"name":"wp","href":"https:\/\/api.w.org\/{rel}","templated":true}]}}