{"id":3761,"date":"2024-04-04T10:45:14","date_gmt":"2024-04-04T13:45:14","guid":{"rendered":"https:\/\/paginacero.com.uy\/?p=3761"},"modified":"2024-04-04T10:45:14","modified_gmt":"2024-04-04T13:45:14","slug":"utu-firmo-un-convenio-con-el-instituto-de-la-comunidad-sorda-del-uruguay","status":"publish","type":"post","link":"https:\/\/paginacero.com.uy\/?p=3761","title":{"rendered":"UTU firm\u00f3 un convenio con el Instituto de la Comunidad Sorda del Uruguay"},"content":{"rendered":"<p><strong>Este jueves, ambas instituciones firmaron las bases para realizar acciones en conjunto, lo cual es de gran relevancia para UTU porque profundiza los v\u00ednculos y el trabajo con dicha comunidad.<\/strong><!--more--><\/p>\n<p>Para UTU es fundamental el trabajo que desarrollan los Int\u00e9rpretes de Lengua de Se\u00f1as con estudiantes y docentes; por lo tanto, es importante este acuerdo con el instituto que dicta la carrera. Dicha formaci\u00f3n es de nivel terciario, no universitaria, y reconocida por el Ministerio de Educaci\u00f3n y Cultura.<\/p>\n<p>Este convenio permitir\u00e1 llevar a cabo pr\u00e1cticas, pasant\u00edas u otras modalidades de intercambio con estudiantes y docentes del Instituto de la Comunidad Sorda del Uruguay (Incosur). Tambi\u00e9n se podr\u00e1n desarrollar proyectos de investigaci\u00f3n, capacitaciones, seminarios y jornadas de difusi\u00f3n de conocimientos y tecnolog\u00edas vinculadas a promover la integraci\u00f3n de la comunidad sorda.<\/p>\n<p>INCOSUR es el Instituto de la Comunidad Sorda del Uruguay, donde se dicta la Carrera de Int\u00e9rprete de Lengua de Se\u00f1as Uruguaya (Plan 2013), reconocida como carrera de nivel terciario no universitario por el Ministerio de Educaci\u00f3n y Cultura en 2018.<\/p>\n<p>Desde ASUR, la Asociaci\u00f3n de Sordos del Uruguay, se logr\u00f3 que el 25 de julio sea el D\u00eda Nacional de la Lengua de Se\u00f1as Uruguaya. Para sumarse a la iniciativa #DiaNacional LSU para el 25 de julio o antes: Utiliza el color turquesa (o en su defecto, azul) en un lazo en este d\u00eda, o alguna prenda de vestir con el mismo color, o iluminar alg\u00fan lugar de este color, o modificar las p\u00e1ginas web para concientizar de ese d\u00eda; tambi\u00e9n puedes subir una historia al Instagram, film\u00e1ndote diciendo #DiaNacionalLSU en un lugar conocido (edificio hist\u00f3rico, monumento, plaza, etc) o en tu casa. Poner el hashtag #DiaNacionalLSU, mencionar la ubicaci\u00f3n del lugar (departamento) y etiquetar a la cuenta de @asur1928 o ir a uno de los puntos de encuentro que difundiremos en Instagram para compartir y conversar con personas sordas.<\/p>\n<p>Esta fecha se conmemora debido a que el 25 de julio del a\u00f1o 2001 se promulg\u00f3 la Ley N\u00b0 17.378 la cual reconoce la Lengua de Se\u00f1as Uruguaya como lengua natural de las personas sordas y sus comunidades en el pa\u00eds. Esta ley tiene por objeto la remoci\u00f3n de las barreras comunicacionales para asegurar la equiparaci\u00f3n de oportunidades para las personas sordas e hipoac\u00fasticas.<\/p>\n<p>El Servicio Central de Inclusi\u00f3n y Bienestar, a trav\u00e9s de sus pol\u00edticas sociales, busca implementar acciones que contribuyan para avanzar hacia el cumplimiento de los derechos de las personas sordas, reconociendo a\u00fan el camino por recorrer.<\/p>\n<p>La Ley 17.378 del 25 de julio del 2001, reconoce la Lengua de Se\u00f1as Uruguaya como la lengua natural de las personas sordas en el pa\u00eds<\/p>\n<p>Adem\u00e1s, el 25 de Julio es el D\u00eda Nacional de la Lengua de Se\u00f1as, en el marco de la Ley 17.378 del 25 de julio del 2001, que reconoce la Lengua de Se\u00f1as Uruguaya como la lengua natural de las personas sordas en el pa\u00eds. Es tambi\u00e9n el aniversario de la escuela N\u00b0 197, primera para ni\u00f1os sordos en Uruguay<\/p>\n<p>Algunos datos importantes con respecto a la Lengua de Se\u00f1as es que el n\u00famero de usuarios de la LSU, en el a\u00f1o 2011 hab\u00eda en Uruguay 25.771 personas sordas (22.629 personas con mucha dificultad para o\u00edr, incluso con aud\u00edfonos y 3.142 que no pod\u00edan o\u00edr. Eso corresponde al 0,8% de la poblaci\u00f3n total para ese a\u00f1o, 3.251.654 habitantes, seg\u00fan el Censo INE 2011).<\/p>\n<p>La LSU fue reconocida el a\u00f1o 2001 a trav\u00e9s de la Ley 17368, que reconoce la LSU como lengua natural de las personas sordas. Una segunda ley, la N\u00ba 18.437 de 2008, ampl\u00eda y profundiza ese estatus, al establecer \u00abexpl\u00edcitamente que la educaci\u00f3n debe promover y promulgar el libre ejercicio de las pr\u00e1cticas ling\u00fc\u00edsticas de la comunidad sorda\u201d.<\/p>\n<p>El d\u00eda 25 de Julio se abre en Montevideo el Instituto Nacional de Sordomudos, la primera escuela de sordos del pa\u00eds. La instituci\u00f3n, que existe todav\u00eda, lleva hoy el nombre de su primera directora, Ana Bruzzone de Scarone. En 1987 aparece el primer estudio ling\u00fc\u00edstico de la LSU, una descripci\u00f3n l\u00e9xica b\u00e1sica.<\/p>\n<p>En 2001 se aprueba la Ley 17.368, que reconoce la LSU como lengua natural de las personas sordas y en 2008, en la Ley General de Educaci\u00f3n, N\u00ba 18.437 (Art. 40, I, 5:) se establece que la LSU es una de las tres lenguas maternas existentes en el pa\u00eds (espa\u00f1ol del Uruguay, portugu\u00e9s del Uruguay,<\/p>\n<p>lengua de se\u00f1as uruguaya).<\/p>\n","protected":false},"excerpt":{"rendered":"<p>Este jueves, ambas instituciones firmaron las bases para realizar acciones en conjunto, lo cual es de gran relevancia para UTU porque profundiza los v\u00ednculos y el trabajo con dicha comunidad.<\/p>\n","protected":false},"author":4,"featured_media":3762,"comment_status":"closed","ping_status":"closed","sticky":false,"template":"","format":"standard","meta":{"footnotes":""},"categories":[5],"tags":[],"class_list":["post-3761","post","type-post","status-publish","format-standard","has-post-thumbnail","hentry","category-durazno"],"_links":{"self":[{"href":"https:\/\/paginacero.com.uy\/index.php?rest_route=\/wp\/v2\/posts\/3761","targetHints":{"allow":["GET"]}}],"collection":[{"href":"https:\/\/paginacero.com.uy\/index.php?rest_route=\/wp\/v2\/posts"}],"about":[{"href":"https:\/\/paginacero.com.uy\/index.php?rest_route=\/wp\/v2\/types\/post"}],"author":[{"embeddable":true,"href":"https:\/\/paginacero.com.uy\/index.php?rest_route=\/wp\/v2\/users\/4"}],"replies":[{"embeddable":true,"href":"https:\/\/paginacero.com.uy\/index.php?rest_route=%2Fwp%2Fv2%2Fcomments&post=3761"}],"version-history":[{"count":1,"href":"https:\/\/paginacero.com.uy\/index.php?rest_route=\/wp\/v2\/posts\/3761\/revisions"}],"predecessor-version":[{"id":3763,"href":"https:\/\/paginacero.com.uy\/index.php?rest_route=\/wp\/v2\/posts\/3761\/revisions\/3763"}],"wp:featuredmedia":[{"embeddable":true,"href":"https:\/\/paginacero.com.uy\/index.php?rest_route=\/wp\/v2\/media\/3762"}],"wp:attachment":[{"href":"https:\/\/paginacero.com.uy\/index.php?rest_route=%2Fwp%2Fv2%2Fmedia&parent=3761"}],"wp:term":[{"taxonomy":"category","embeddable":true,"href":"https:\/\/paginacero.com.uy\/index.php?rest_route=%2Fwp%2Fv2%2Fcategories&post=3761"},{"taxonomy":"post_tag","embeddable":true,"href":"https:\/\/paginacero.com.uy\/index.php?rest_route=%2Fwp%2Fv2%2Ftags&post=3761"}],"curies":[{"name":"wp","href":"https:\/\/api.w.org\/{rel}","templated":true}]}}