{"id":3758,"date":"2024-04-03T11:17:49","date_gmt":"2024-04-03T14:17:49","guid":{"rendered":"https:\/\/paginacero.com.uy\/?p=3758"},"modified":"2024-04-03T11:17:49","modified_gmt":"2024-04-03T14:17:49","slug":"el-salon-de-los-recuerdos-en-cerro-convento-es-una-atraccion-turistica-departamental","status":"publish","type":"post","link":"https:\/\/paginacero.com.uy\/?p=3758","title":{"rendered":"El Sal\u00f3n de los Recuerdos en Cerro Convento es una atracci\u00f3n tur\u00edstica departamental"},"content":{"rendered":"<p><strong>La edil Yenny Niche destac\u00f3 varias acciones que se han dado en el interior, una de ellas es el homenaje que pide se realice a estudiantes y docentes que se desempe\u00f1aron exitosamente en los Juegos Sudamericanos realizados en Chile. La otra, es el Sal\u00f3n de los Recuerdos en Cerro Convento, hoy convertido en atractivo turistico departamental.<\/strong><!--more--><\/p>\n<p>\u201cHoy quiero solicitar el reconocimiento a nivel departamental y en esta Junta de dos profesores y dos estudiantes del interior del departamento, por su destacada participaci\u00f3n en los Juegos Sudamericanos de Atletismo en Chile, ellos son los profesores Juan Pablo Pereira y Gabriela Abreu y los estudiantes son Andy Rodr\u00edguez y Santiago M\u00e9ndez. Ellos representando a los liceos de Blanquillo y La Paloma respectivamente, participaron en los Juegos Deportivos Nacionales donde all\u00ed logran clasificar para representar a Uruguay en Chile\u201d dijo.<\/p>\n<p>\u201cAndy clasifica como Campe\u00f3n Nacional de Lanzamiento de Jabalina y Santiago como segundo puesto en Salto Alto, en diciembre concurren a dichos juegos, el 7 de diciembre del a\u00f1o pasado cumplen sus respectivas participaciones superando sus propias marcas, donde Andy Rodr\u00edguez obtiene medalla de bronce y Santiago M\u00e9ndez un muy buen merecido sexto puesto. Pido que mis palabras pasen al se\u00f1or Intendente y a la Comisi\u00f3n de Deporte y Juventud de esta Junta, pidiendo que se apruebe este reconocimiento\u201d agreg\u00f3.<\/p>\n<p>\u201cTambi\u00e9n solicito si la Junta podr\u00eda sesionar ese d\u00eda en la localidad de Blanquillo para que sea un homenaje m\u00e1s redondito, de los dos profesores y los dos estudiantes, para que puedan compartirlo con sus familias y con su pueblo\u201d indic\u00f3.<\/p>\n<p>La edila tambi\u00e9n agradeci\u00f3 la inclusi\u00f3n del Sal\u00f3n de los Recuerdos del pueblo de Cerro Convento en la agenda tur\u00edstica departamental.<\/p>\n<p>\u201cQuiero este agradecer a la Intendencia y a la Oficina de Turismo, ya que despu\u00e9s de tanto luchar y pedir que el Sal\u00f3n de los Recuerdos de la localidad del pueblo de Cerro Convento, ubicado a 7 km de Blanquillo, ocupara un lugar en los lugares a visitar de nuestro departamento. Lo logramos y en la semana de turismo, en la propaganda que se nos muestra este Sal\u00f3n de los Recuerdos es un lugar m\u00e1s en Blanquillo a visitar\u201d dijo.<\/p>\n<p>\u201cAs\u00ed que los invito no solo que visiten en turismo sino en cualquier pasadita que hagan por aquella zona, que lleguen hasta el sal\u00f3n de los recuerdos\u201d agreg\u00f3.<\/p>\n<p>Mar\u00eda Isabel Fern\u00e1ndez es la propietaria de este espacio denominado el Sal\u00f3n de los Recuerdos. Cerro Convento es un paraje rural donde viven pocas personas, se ha despoblado much\u00edsimo, tal vez no lleguen a treinta sus habitantes, pero se ha convertido en un nuevo espacio tur\u00edstico del departamento.<\/p>\n<p>\u201cHay una Capilla con policl\u00ednica, obra iniciada por el Padre Emiliano Buffoli y respaldada por todos los vecinos, con la comunidad toda se logr\u00f3 levantar la capilla y sigue prestando sus servicios, hay misa una vez por mes, ya no funciona como policl\u00ednica como en un principio, de a poco se van dejando de prestar servicios, por la falta de poblaci\u00f3n se ha dejado de brindar asistencia sanitaria\u201d cont\u00f3 Mar\u00eda Isabel quien vive hace 50 a\u00f1os en Cerro Convento<\/p>\n<p>\u201cEl Sal\u00f3n de los Recuerdos es un sal\u00f3n con una muestra de antig\u00fcedades y recuerdos, todos de la zona, son objetos que llaman a la memoria. Muchos de esos objetos est\u00e1n en pr\u00e9stamo y otros han sido donados\u201d cont\u00f3.<\/p>\n<p>\u201cMi hobby siempre fue coleccionar antig\u00fcedades, l\u00e1pices, cajitas de f\u00f3sforos, despu\u00e9s fui ampli\u00e1ndolo con mis antig\u00fcedades propias y funcion\u00f3 en el mismo sal\u00f3n donde hoy est\u00e1 el Sal\u00f3n de los Recuerdos un grupo de mujeres artesanas, que se llamaba Mujeres Unidas de Cerro Convento donde se fabricaban artesan\u00edas, se repujaba en aluminio, confecci\u00f3n de prendas que ten\u00eda su sello propio, pero eso tambi\u00e9n se dej\u00f3 de hacer debido a la despoblaci\u00f3n de la zona, por lo tanto ocupe ese lugar con mis antig\u00fcedades, comenzaron a traerme otras de sus casas con su historia y todo eso est\u00e1 registrado en el Sal\u00f3n\u201d agreg\u00f3.<\/p>\n<p>\u201cEl mayor valor de todos los objetos es la historia, los recuerdos que trae, conozco a sus propietarios, se como llegaron hasta este lugar, por lo tanto hay algunos muy especiales como una vitrola que era de la casa de mis padres, donde se celebraban cumplea\u00f1os, se daban serenatas a los cumplea\u00f1eros, hay muchos recuerdos en cada objeto. A veces me han hecho ofertas, incluso han<\/p>\n<p>llegado anticuarios, para comprarme cosas, objetos que no los tengo para la venta, es una muestra\u201d dijo.<\/p>\n<p>\u201cVivir ac\u00e1 es vivir en paz, con una gran tranquilidad. Amo mi lugar, por eso mucha gente de la ciudad se asombra que viva en medio del campo, pero ac\u00e1 se vive muy tranquilo y feliz, amando lo que uno tiene y lo que hace, se encuentra la felicidad\u201d finaliz\u00f3.<\/p>\n","protected":false},"excerpt":{"rendered":"<p>La edil Yenny Niche destac\u00f3 varias acciones que se han dado en el interior, una de ellas es el homenaje que pide se realice a estudiantes y docentes que se desempe\u00f1aron exitosamente en los Juegos Sudamericanos realizados en Chile. La otra, es el Sal\u00f3n de los Recuerdos en Cerro Convento, hoy convertido en atractivo turistico [&hellip;]<\/p>\n","protected":false},"author":4,"featured_media":3759,"comment_status":"closed","ping_status":"closed","sticky":false,"template":"","format":"standard","meta":{"footnotes":""},"categories":[5],"tags":[],"class_list":["post-3758","post","type-post","status-publish","format-standard","has-post-thumbnail","hentry","category-durazno"],"_links":{"self":[{"href":"https:\/\/paginacero.com.uy\/index.php?rest_route=\/wp\/v2\/posts\/3758","targetHints":{"allow":["GET"]}}],"collection":[{"href":"https:\/\/paginacero.com.uy\/index.php?rest_route=\/wp\/v2\/posts"}],"about":[{"href":"https:\/\/paginacero.com.uy\/index.php?rest_route=\/wp\/v2\/types\/post"}],"author":[{"embeddable":true,"href":"https:\/\/paginacero.com.uy\/index.php?rest_route=\/wp\/v2\/users\/4"}],"replies":[{"embeddable":true,"href":"https:\/\/paginacero.com.uy\/index.php?rest_route=%2Fwp%2Fv2%2Fcomments&post=3758"}],"version-history":[{"count":1,"href":"https:\/\/paginacero.com.uy\/index.php?rest_route=\/wp\/v2\/posts\/3758\/revisions"}],"predecessor-version":[{"id":3760,"href":"https:\/\/paginacero.com.uy\/index.php?rest_route=\/wp\/v2\/posts\/3758\/revisions\/3760"}],"wp:featuredmedia":[{"embeddable":true,"href":"https:\/\/paginacero.com.uy\/index.php?rest_route=\/wp\/v2\/media\/3759"}],"wp:attachment":[{"href":"https:\/\/paginacero.com.uy\/index.php?rest_route=%2Fwp%2Fv2%2Fmedia&parent=3758"}],"wp:term":[{"taxonomy":"category","embeddable":true,"href":"https:\/\/paginacero.com.uy\/index.php?rest_route=%2Fwp%2Fv2%2Fcategories&post=3758"},{"taxonomy":"post_tag","embeddable":true,"href":"https:\/\/paginacero.com.uy\/index.php?rest_route=%2Fwp%2Fv2%2Ftags&post=3758"}],"curies":[{"name":"wp","href":"https:\/\/api.w.org\/{rel}","templated":true}]}}