{"id":3755,"date":"2024-04-03T11:14:36","date_gmt":"2024-04-03T14:14:36","guid":{"rendered":"https:\/\/paginacero.com.uy\/?p=3755"},"modified":"2024-04-03T11:14:36","modified_gmt":"2024-04-03T14:14:36","slug":"pedimos-que-se-vea-por-la-situacion-laboral-de-las-personas-que-van-a-ocupar-las-viviendas-donadas-por-upm","status":"publish","type":"post","link":"https:\/\/paginacero.com.uy\/?p=3755","title":{"rendered":"\u201cPedimos que se vea por la situaci\u00f3n laboral de las personas que van a ocupar las viviendas donadas por UPM\u201d"},"content":{"rendered":"<p><strong>El edil Julio Marcenal hizo una aclaraci\u00f3n sobre la entrega de viviendas a personas que viven en el asentamiento de calle Herrera al fondo, entre otros, haciendo notar que se pone en peligro su sustento por la falta de oportunidades laborales.<\/strong><!--more--><\/p>\n<p>\u201cQuiero hacer menci\u00f3n un poco a las expropiaciones que se han llevado a cabo, que se est\u00e1n llevando a cabo tanto en la zona de la Terminal como en la zona de Herrera al fondo rumbo al r\u00edo, y quiero aclarar algunas cosas sobre este asunto que obviamente, es un tema bastante opinable las circunstancias y la designaci\u00f3n de asentamientos de personas que viven con anuencia de los propietarios en zonas que son predios privados\u201d dijo.<\/p>\n<p>\u201cLo que pasa con estos lugares, en cierto sentido compartimos la intenci\u00f3n de la Intendencia de darle una vivienda, una propiedad donde ellos puedan vivir, vale la pena recalcar a\u00fan as\u00ed de que la parte de la Terminal todav\u00eda no se ha terminado con el proceso de expropiaci\u00f3n, porque todav\u00eda vemos en los documentos que est\u00e1 pendiente la culminaci\u00f3n de ese proceso, pero eso ser\u00e1 harina de otro costal\u201d agreg\u00f3.<\/p>\n<p>Con referencia a los nuevos destinos que tendr\u00e1n esas familias, el edil se mostr\u00f3 preocupado por la falta de oportunidades laborales fuera del lugar que ocupan actualmente, por la falta de espacio para desarrollar las labores a las que est\u00e1n habituados.<\/p>\n<p>\u201cLo que s\u00ed queremos comunicar o hacer entender es que, si bien hubieron reuniones por parte de la Intendencia con estas personas que viven ah\u00ed, cada uno tiene una problem\u00e1tica distinta, pero casi todos viven y se desempe\u00f1an, hacen su jornal diario, donde est\u00e1n viviendo. La realidad es que trabajan donde est\u00e1n ,en la zona de la Terminal hay tres personas que se dedican a la mec\u00e1nica por ejemplo, a la mec\u00e1nica que tiene que ver con situaciones muy particulares, no es un taller mec\u00e1nico de los que alguien lleva un auto \u00faltimo modelo y que cuentan con todos los repuestos, sea el due\u00f1o del taller como la capacidad que tiene el propietario del veh\u00edculo para poder pagarlo. Son mec\u00e1nicas de arreglos de veh\u00edculos de escaso de escaso monto y de gente que precisa de ese medio para movilizarse y muchas veces cuando rompe algo le cuesta much\u00edsimo poder conseguir los repuestos\u201d dijo.<\/p>\n<p>\u201cPr\u00e1cticamente la zona tiene una gran cantidad de veh\u00edculos que est\u00e1n parados y uno piensa que ser\u00e1n para la venta, pero la mayor\u00eda de los autom\u00f3viles que est\u00e1n ah\u00ed son justamente para para arreglar Lo que pasa es que no hay la capacidad econ\u00f3mica de cada propietario como para poder solucionar las cosas en un par de d\u00edas. En el asentamiento entre comillas de la zona de Herrera al fondo hay gente que vive de tareas que precisan un caballo y los tienen por ah\u00ed, en esa zona\u201d agreg\u00f3.<\/p>\n<p>\u201cAhora estas personas van a ir a vivir a una zona donde se le da una vivienda en el barrio Moroni, de esas que UPM don\u00f3 y que se refaccionaron y que se han puesto a punto para que esta gente la ocupe, viva ah\u00ed y sea propietaria y opinamos que su jornal diario, el lugar donde puedan establecer su giro comercial, que es que acabo de decir reci\u00e9n, no lo tienen y obviamente estas personas no tienen lugar para hacerlo, ni una capacidad econ\u00f3mica para alquilar un lugar o un predio para poder ejercer su trabajo. Por lo tanto les estamos dando casa pero les estamos diciendo vayan a buscar su trabajo a otro lado, y creo que no es justo\u201d indic\u00f3.<\/p>\n<p>Present\u00f3 la propuesta de que la zona del terreno que queda a\u00fan sin ocupar, pueda ser utilizada por estos trabajadores para desarrollar su actividad.<\/p>\n<p>\u201cLa zona en la parte de atr\u00e1s de las viviendas est\u00e1 previsto que vayan cooperativas, esto es necesario ya que dada la situaci\u00f3n actual se exigen m\u00e1s viviendas. Pero hay mucho trabajo para hacer porque son zonas de ba\u00f1ados, por lo tanto hemos pensado que de forma provisoria hasta que se defina que se va a hacer con el resto de ese predio, creo que ser\u00eda importante buscarle la posibilidad de que estas personas puedan tener como uso un derecho para poder ejercer ah\u00ed su su trabajo y de esa manera no venir a tener que poner todos los veh\u00edculos en la vereda, que es quiz\u00e1 lo que la Intendencia no quiere que se haga y obviamente todos estamos de acuerdo. As\u00ed que pido que mi<\/p>\n<p>palabra pasen al intendente y al Se\u00f1or Juan Jos\u00e9 Bruno que es el encargado de estas viviendas\u201d finaliz\u00f3.<\/p>\n","protected":false},"excerpt":{"rendered":"<p>El edil Julio Marcenal hizo una aclaraci\u00f3n sobre la entrega de viviendas a personas que viven en el asentamiento de calle Herrera al fondo, entre otros, haciendo notar que se pone en peligro su sustento por la falta de oportunidades laborales.<\/p>\n","protected":false},"author":4,"featured_media":3756,"comment_status":"closed","ping_status":"closed","sticky":false,"template":"","format":"standard","meta":{"footnotes":""},"categories":[5],"tags":[],"class_list":["post-3755","post","type-post","status-publish","format-standard","has-post-thumbnail","hentry","category-durazno"],"_links":{"self":[{"href":"https:\/\/paginacero.com.uy\/index.php?rest_route=\/wp\/v2\/posts\/3755","targetHints":{"allow":["GET"]}}],"collection":[{"href":"https:\/\/paginacero.com.uy\/index.php?rest_route=\/wp\/v2\/posts"}],"about":[{"href":"https:\/\/paginacero.com.uy\/index.php?rest_route=\/wp\/v2\/types\/post"}],"author":[{"embeddable":true,"href":"https:\/\/paginacero.com.uy\/index.php?rest_route=\/wp\/v2\/users\/4"}],"replies":[{"embeddable":true,"href":"https:\/\/paginacero.com.uy\/index.php?rest_route=%2Fwp%2Fv2%2Fcomments&post=3755"}],"version-history":[{"count":1,"href":"https:\/\/paginacero.com.uy\/index.php?rest_route=\/wp\/v2\/posts\/3755\/revisions"}],"predecessor-version":[{"id":3757,"href":"https:\/\/paginacero.com.uy\/index.php?rest_route=\/wp\/v2\/posts\/3755\/revisions\/3757"}],"wp:featuredmedia":[{"embeddable":true,"href":"https:\/\/paginacero.com.uy\/index.php?rest_route=\/wp\/v2\/media\/3756"}],"wp:attachment":[{"href":"https:\/\/paginacero.com.uy\/index.php?rest_route=%2Fwp%2Fv2%2Fmedia&parent=3755"}],"wp:term":[{"taxonomy":"category","embeddable":true,"href":"https:\/\/paginacero.com.uy\/index.php?rest_route=%2Fwp%2Fv2%2Fcategories&post=3755"},{"taxonomy":"post_tag","embeddable":true,"href":"https:\/\/paginacero.com.uy\/index.php?rest_route=%2Fwp%2Fv2%2Ftags&post=3755"}],"curies":[{"name":"wp","href":"https:\/\/api.w.org\/{rel}","templated":true}]}}