{"id":3751,"date":"2024-04-03T11:05:37","date_gmt":"2024-04-03T14:05:37","guid":{"rendered":"https:\/\/paginacero.com.uy\/?p=3751"},"modified":"2024-04-03T11:05:37","modified_gmt":"2024-04-03T14:05:37","slug":"platanos-anosos-estan-causando-problemas-en-zona-de-la-amarilla","status":"publish","type":"post","link":"https:\/\/paginacero.com.uy\/?p=3751","title":{"rendered":"\u201cPl\u00e1tanos a\u00f1osos est\u00e1n causando problemas en zona de La Amarilla\u201d"},"content":{"rendered":"<p><strong>El edil colorado Daniel Lerena present\u00f3 la inquietud de vecinos de barrio La Amarilla que est\u00e1n siendo afectados por el crecimiento desmesurado de cuatro pl\u00e1tanos en la zona, que han provocado cortes de servicios indispensables.<\/strong><!--more--><\/p>\n<p>\u201cVamos a plantear un tema que est\u00e1 afectando a vecinos de la zona del barrio La Amarilla, espec\u00edficamente en la calle 18 de Mayo entre Parallada e Irigoyen, all\u00ed lo que sucede es que hay cuatro pl\u00e1tanos muy a\u00f1osos, unos pl\u00e1tanos que deben tener unos ochenta a\u00f1os, que les est\u00e1n provocando problemas con los servicios de luz, tel\u00e9fono y cable\u201d dijo.<\/p>\n<p>\u201cEsos pl\u00e1tanos levantaron a una altura importante los cables y cada vez que hay viento, como en d\u00edas pasados, se les cortan todos los servicios. Adem\u00e1s, resulta muy peligroso que un cable de electricidad, con esos movimientos, se corte y provoque alg\u00fan accidente\u201d agreg\u00f3.<\/p>\n<p>\u201cLos vecinos nos plantean la posibilidad de podar esos \u00e1rboles, se que son pl\u00e1tanos muy antiguos, lo han hecho en otras oportunidades, lo han podado y se ha terminado el problema, entonces solicitan que se corten esas ramas, que no son muchas y que en estos d\u00edas dej\u00f3 sin luz a veinticinco familias, ser\u00eda bueno que el Departamento de Servicios se diera una vueltita por all\u00ed y le buscara una soluci\u00f3n a esto que, repito, representa un peligro porque hay muchos ni\u00f1os viviendo en el lugar, pasan muchas personas por la vereda, es una zona muy populosa donde hay mucha gente y pueden provocar alg\u00fan accidente\u201d indic\u00f3.<\/p>\n<p>\u201cSolicito que mis palabras pasen a la Direcci\u00f3n de Servicios, a la Comisi\u00f3n de Obras y al Ejecutivo Departamental para que se busque una soluci\u00f3n y no pase a mayores\u201d finaliz\u00f3 diciendo.<\/p>\n","protected":false},"excerpt":{"rendered":"<p>El edil colorado Daniel Lerena present\u00f3 la inquietud de vecinos de barrio La Amarilla que est\u00e1n siendo afectados por el crecimiento desmesurado de cuatro pl\u00e1tanos en la zona, que han provocado cortes de servicios indispensables.<\/p>\n","protected":false},"author":4,"featured_media":3752,"comment_status":"closed","ping_status":"closed","sticky":false,"template":"","format":"standard","meta":{"footnotes":""},"categories":[5],"tags":[],"class_list":["post-3751","post","type-post","status-publish","format-standard","has-post-thumbnail","hentry","category-durazno"],"_links":{"self":[{"href":"https:\/\/paginacero.com.uy\/index.php?rest_route=\/wp\/v2\/posts\/3751","targetHints":{"allow":["GET"]}}],"collection":[{"href":"https:\/\/paginacero.com.uy\/index.php?rest_route=\/wp\/v2\/posts"}],"about":[{"href":"https:\/\/paginacero.com.uy\/index.php?rest_route=\/wp\/v2\/types\/post"}],"author":[{"embeddable":true,"href":"https:\/\/paginacero.com.uy\/index.php?rest_route=\/wp\/v2\/users\/4"}],"replies":[{"embeddable":true,"href":"https:\/\/paginacero.com.uy\/index.php?rest_route=%2Fwp%2Fv2%2Fcomments&post=3751"}],"version-history":[{"count":1,"href":"https:\/\/paginacero.com.uy\/index.php?rest_route=\/wp\/v2\/posts\/3751\/revisions"}],"predecessor-version":[{"id":3753,"href":"https:\/\/paginacero.com.uy\/index.php?rest_route=\/wp\/v2\/posts\/3751\/revisions\/3753"}],"wp:featuredmedia":[{"embeddable":true,"href":"https:\/\/paginacero.com.uy\/index.php?rest_route=\/wp\/v2\/media\/3752"}],"wp:attachment":[{"href":"https:\/\/paginacero.com.uy\/index.php?rest_route=%2Fwp%2Fv2%2Fmedia&parent=3751"}],"wp:term":[{"taxonomy":"category","embeddable":true,"href":"https:\/\/paginacero.com.uy\/index.php?rest_route=%2Fwp%2Fv2%2Fcategories&post=3751"},{"taxonomy":"post_tag","embeddable":true,"href":"https:\/\/paginacero.com.uy\/index.php?rest_route=%2Fwp%2Fv2%2Ftags&post=3751"}],"curies":[{"name":"wp","href":"https:\/\/api.w.org\/{rel}","templated":true}]}}