{"id":3748,"date":"2024-04-03T10:59:43","date_gmt":"2024-04-03T13:59:43","guid":{"rendered":"https:\/\/paginacero.com.uy\/?p=3748"},"modified":"2024-04-03T10:59:43","modified_gmt":"2024-04-03T13:59:43","slug":"sembrando-futuro-en-la-educacion","status":"publish","type":"post","link":"https:\/\/paginacero.com.uy\/?p=3748","title":{"rendered":"Sembrando futuro en la educaci\u00f3n"},"content":{"rendered":"<p><strong>Se lanz\u00f3 el llamado para los centros educativos que quieran ser parte de la tercera edici\u00f3n del programa Huertas Educativas implementado en el marco del Programa Sembrando, tiene como objetivo general habilitar oportunidades de aprendizaje significativas, din\u00e1micas y flexibles desde una perspectiva integral, en consonancia con las l\u00edneas del Plan de Desarrollo Educativo de la Administraci\u00f3n Nacional de Educaci\u00f3n P\u00fablica.<\/strong><!--more--><\/p>\n<p>Hasta el 5 de mayo estar\u00e1n abiertas las postulaciones para que se incorporen nuevas instituciones y proyectos, adem\u00e1s de la reformulaci\u00f3n de los ya realizados en los dos a\u00f1os anteriores que lleva el programa en ejecuci\u00f3n.<\/p>\n<p>Sembrando Nuestra Huerta es un programa de impacto nacional surge con la intenci\u00f3n de promover la conciencia de cultivar y autogestionar alimentos saludables haciendo uso de espacios comunes y favoreciendo la participaci\u00f3n ciudadana en varios niveles.<\/p>\n<p>Dentro de los principales objetivos de este programa, se encuentran el de fortalecer el valor de la tierra de nuestro pa\u00eds, descentralizar, impactando en los 19 departamentos del pa\u00eds, generar conciencia de cultivo y autogestionar alimentos saludables.<\/p>\n<p>Sembrando Nuestra Huerta se realiza a trav\u00e9s de 3 ejes de acci\u00f3n para impactar en 3 escenarios distintos. Por un lado, la Oficina de Planeamiento y Presupuesto que liderar\u00e1 el eje de Huertas Comunitarias en distintas localidades de los 19 departamentos del pa\u00eds, acci\u00f3n que se llevar\u00e1 adelante mediante llamados a concursos, y cuya base y formato ser\u00e1 anunciado y explicado a continuaci\u00f3n.<\/p>\n<p>ANEP a trav\u00e9s de Primaria y con el apoyo t\u00e9cnico de UTU, llevar\u00e1 adelante el proyecto de Huertas en Centros Educativos, construyendo invern\u00e1culos y mejorando huertas en las escuelas p\u00fablicas generando un espacio de recreaci\u00f3n, aprendizaje y socializaci\u00f3n para inculcar valores y conductas saludables. A su vez, el Ministerio del Interior, a trav\u00e9s de Instituto Nacional de Rehabilitaci\u00f3n, liderar\u00e1 el desarrollo de las Huertas en distintos Centros de Penitenciar\u00eda, con el foco puesto en capacitar a personas privadas de libertad en todo lo que respecta al trabajo con la tierra y la autogesti\u00f3n de alimentos saludables.<\/p>\n<p>El Ministerio de Ganader\u00eda, Agricultura y Pesca brindar\u00e1 asesoramiento t\u00e9cnico en todos los departamentos del pa\u00eds como referente en materia de promoci\u00f3n de conciencia agropecuaria y valorizaci\u00f3n de la tierra.<\/p>\n<p>Los profesionales de Huerta en Casa, oficiar\u00e1n de mentores en las 6 penitenciar\u00edas en las que el Programa Sembrando ejecutar\u00e1 acciones junto al Instituto Nacional de Rehabilitaci\u00f3n. Este programa cuenta con la participaci\u00f3n y articulaci\u00f3n de m\u00e1s de 20 organizaciones, p\u00fablicas y privadas, para ejecuci\u00f3n.<\/p>\n<p>Esta l\u00ednea de desarrollo econ\u00f3mico local, que pretende impulsar el \u00c1rea de descentralizaci\u00f3n y cohesi\u00f3n de la OPP, recoge y considera los antecedentes de trabajo que los municipios llevan adelante en la instalaci\u00f3n y ejecuci\u00f3n de huertas -desde las m\u00e1s diversas formas de participaci\u00f3n y gesti\u00f3n- cobrando especial relevancia en este quinquenio. Se entiende como una oportunidad el di\u00e1logo entre l\u00edneas productivas y l\u00edneas vinculadas al dise\u00f1o para la mejora de la gesti\u00f3n ambiental municipal, ya que el complemento de las acciones posibilita un abordaje integral de la tem\u00e1tica, siendo propiciado por la articulaci\u00f3n de los tres niveles de gobierno.<\/p>\n<p>De esta manera se espera que la instalaci\u00f3n, desarrollo y sostenibilidad de huertas municipales, sean un disparador para lograr una mejora en el dise\u00f1o de los sistemas de gesti\u00f3n ambiental municipal, y de esa manera sean un est\u00edmulo para el clasificado de residuos en origen, la producci\u00f3n de compost domiciliario, instalaci\u00f3n de puntos de entrega voluntario de materiales reciclables en instituciones y espacios p\u00fablicos, y mejoren la producci\u00f3n de alimentos por parte de la poblaci\u00f3n local.<\/p>\n<p>El objetivo general de la convocatoria consiste en fortalecer la capacidad institucional de los gobiernos locales desde la perspectiva del desarrollo sostenible por medio de la promoci\u00f3n de huertas municipales y agricultura familiar \/ comunitaria, como sistema de producci\u00f3n sustentable que protege el ambiente, promoviendo la reducci\u00f3n de residuos a trav\u00e9s del compostaje, asegurando una mejora en la calidad de vida de las personas.<\/p>\n<p>En particular se busca Fortalecer a los Municipios en di\u00e1logo con la sociedad civil, en sus capacidades para la promoci\u00f3n de h\u00e1bitos saludables, por medio de la implantaci\u00f3n o<\/p>\n<p>fortalecimiento de huertas comunitarias con base agroecol\u00f3gica; estimular la generaci\u00f3n de cambios permanentes en la poblaci\u00f3n en relaci\u00f3n a la salud, en esta ocasi\u00f3n impulsando la producci\u00f3n y consumo de alimentos, de forma sustentable y sostenible; impulsar actividades donde la conexi\u00f3n con la tierra y el v\u00ednculo comunitario promueva un estado de salud mental saludable; aportar al consumo de hortalizas en la dieta familiar y\/o comunitaria, promoviendo acuerdos entre centros educativos, organizaciones y residencias para adultos mayores con municipios para el abastecimiento y comercializaci\u00f3n y fortalecer los canales de comercializaci\u00f3n, mercados, ferias, red de productores desarrollo de circuitos comerciales en predios productivos.<\/p>\n","protected":false},"excerpt":{"rendered":"<p>Se lanz\u00f3 el llamado para los centros educativos que quieran ser parte de la tercera edici\u00f3n del programa Huertas Educativas implementado en el marco del Programa Sembrando, tiene como objetivo general habilitar oportunidades de aprendizaje significativas, din\u00e1micas y flexibles desde una perspectiva integral, en consonancia con las l\u00edneas del Plan de Desarrollo Educativo de la [&hellip;]<\/p>\n","protected":false},"author":4,"featured_media":3749,"comment_status":"closed","ping_status":"closed","sticky":false,"template":"","format":"standard","meta":{"footnotes":""},"categories":[5],"tags":[],"class_list":["post-3748","post","type-post","status-publish","format-standard","has-post-thumbnail","hentry","category-durazno"],"_links":{"self":[{"href":"https:\/\/paginacero.com.uy\/index.php?rest_route=\/wp\/v2\/posts\/3748","targetHints":{"allow":["GET"]}}],"collection":[{"href":"https:\/\/paginacero.com.uy\/index.php?rest_route=\/wp\/v2\/posts"}],"about":[{"href":"https:\/\/paginacero.com.uy\/index.php?rest_route=\/wp\/v2\/types\/post"}],"author":[{"embeddable":true,"href":"https:\/\/paginacero.com.uy\/index.php?rest_route=\/wp\/v2\/users\/4"}],"replies":[{"embeddable":true,"href":"https:\/\/paginacero.com.uy\/index.php?rest_route=%2Fwp%2Fv2%2Fcomments&post=3748"}],"version-history":[{"count":1,"href":"https:\/\/paginacero.com.uy\/index.php?rest_route=\/wp\/v2\/posts\/3748\/revisions"}],"predecessor-version":[{"id":3750,"href":"https:\/\/paginacero.com.uy\/index.php?rest_route=\/wp\/v2\/posts\/3748\/revisions\/3750"}],"wp:featuredmedia":[{"embeddable":true,"href":"https:\/\/paginacero.com.uy\/index.php?rest_route=\/wp\/v2\/media\/3749"}],"wp:attachment":[{"href":"https:\/\/paginacero.com.uy\/index.php?rest_route=%2Fwp%2Fv2%2Fmedia&parent=3748"}],"wp:term":[{"taxonomy":"category","embeddable":true,"href":"https:\/\/paginacero.com.uy\/index.php?rest_route=%2Fwp%2Fv2%2Fcategories&post=3748"},{"taxonomy":"post_tag","embeddable":true,"href":"https:\/\/paginacero.com.uy\/index.php?rest_route=%2Fwp%2Fv2%2Ftags&post=3748"}],"curies":[{"name":"wp","href":"https:\/\/api.w.org\/{rel}","templated":true}]}}