{"id":3745,"date":"2024-04-02T11:00:54","date_gmt":"2024-04-02T14:00:54","guid":{"rendered":"https:\/\/paginacero.com.uy\/?p=3745"},"modified":"2024-04-02T11:00:54","modified_gmt":"2024-04-02T14:00:54","slug":"dia-del-metalurgico-y-afines-una-oportunidad-de-agradecer-su-dedicacion-y-esfuerzo","status":"publish","type":"post","link":"https:\/\/paginacero.com.uy\/?p=3745","title":{"rendered":"\u201cD\u00eda del Metal\u00fargico y afines: una oportunidad de agradecer su dedicaci\u00f3n y esfuerzo\u201d"},"content":{"rendered":"<p><strong>La edil Ver\u00f3nica Abi-Rached de Cabildo Abierto hizo referencia a dos celebraciones mundiales que se realizaron d\u00edas pasados y sobre las cuales se deber\u00eda tomar consideraci\u00f3n para fortalecer esos sectores de la poblaci\u00f3n.<\/strong><!--more--><\/p>\n<p>Hizo referencia en primera instancia a la celebraci\u00f3n del D\u00eda del Trabajador Metal\u00fargico y ramas afines,que se conmemorara a mediados de marzo.<\/p>\n<p>\u201cEn la sesi\u00f3n pasada iba a hablar sobre el D\u00eda del Trabajador Metal\u00fargico y Ramas afines, para la cual estoy elevando una propuesta que se ve reflejada en la Ley 18.316 promulgada el 11 de julio de 2008, la cual establece que el 14 de marzo es el d\u00eda destinado a reconocer la labor de los trabajadores metal\u00fargicos, en momento de honrar su dedicaci\u00f3n, esfuerzo y contribuci\u00f3n al desarrollo de nuestra industria y por ende de nuestro departamento, ya que desempe\u00f1an un papel fundamental en nuestra econom\u00eda y sociedad. Son quienes forjan el futuro con sus manos, moldeando el progreso con cada pieza que ensamblan, cada m\u00e1quina que reparan y cada estructura que construyen. Su labor es la base sobre la cual se dirige nuestra industria y nuestro bienestar colectivo. Reconocer este d\u00eda como feriado pago no laborable es un acto de justicia y reconocimiento hacia estos trabajadores\u201d dijo.<\/p>\n<p>\u201cAdem\u00e1s, es una manera de resaltar la importancia de esta profesi\u00f3n y motivar a las futuras generaciones a seguir sus pasos en este campo tan valioso, por tanto insto a todos los presentes a respaldar esta propuesta y tomar medidas concretas para su implementaci\u00f3n, para que se cumpla este decreto del 14 de marzo como feriado pago no laborable en honor al D\u00eda del Trabajador Metal\u00fargico y ramas afines. Es un gesto de gratitud y reconocimiento que fortalecer\u00e1 el v\u00ednculo entre el Ejecutivo y los trabajadores, as\u00ed como impulsar\u00e1 el desarrollo de nuestra industria metal\u00fargica\u201d agreg\u00f3.<\/p>\n<p>\u201cQue esta iniciativa refleje nuestro compromiso con la justicia social y el reconocimiento de aquellos que construyen d\u00eda a d\u00eda el futuro de nuestro departamento. Quiero que mis palabras pasen al Intendente, al Ejecutivo Departamental, al Ministerio de Trabajo y Seguridad Social, por un Durazno m\u00e1s justo y pr\u00f3spero para todos\u201dindic\u00f3.<\/p>\n<p>La edila tambi\u00e9n hizo referencia al D\u00eda del S\u00edndrome de Down.<\/p>\n<p>\u201cTambi\u00e9n me quer\u00eda referir al D\u00eda Mundial del S\u00edndrome de Down, se conmemora cada 21 de marzo y es una ocasi\u00f3n para celebrar la diversidad y el valor de las personas que viven con este s\u00edndrome. Se trata de una instancia m\u00e1s para reflexionar sobre los desaf\u00edos que enfrentan en su d\u00eda a d\u00eda, pero tambi\u00e9n para reconocer y apreciar las habilidades y contribuciones que aportan a nuestras vidas y comunidades\u201d indic\u00f3.<\/p>\n<p>Cada 21 de marzo se celebra el D\u00eda Mundial del S\u00edndrome de Down, cuyo principal objetivo es crear conciencia dentro de la sociedad acerca del valor que tienen estas personas, a pesar de su discapacidad intelectual. Se pretende reivindicar sus aportaciones a la sociedad, sus derechos e independencia para la toma de sus propias decisiones y crecimiento personal. El D\u00eda Mundial del S\u00edndrome de Down se celebra desde el 21 de marzo de 2012, por Resoluci\u00f3n aprobada por la Asamblea General de la Organizaci\u00f3n de las Naciones Unidas (ONU) el 19 de diciembre de 2011 (A\/RES\/66\/149).<\/p>\n<p>La elecci\u00f3n de la fecha de esta efem\u00e9ride es debido al proceso de divisi\u00f3n gen\u00e9tico denominado Trisom\u00eda 21. El d\u00eda 21 del mes 3 del a\u00f1o se usa para simbolizar esa trisom\u00eda.<\/p>\n<p>El S\u00edndrome de Down, no es una enfermedad, como la mayor\u00eda de las personas creen. Se trata de una condici\u00f3n o trastorno cromos\u00f3mico que ocurre cuando aparece una alteraci\u00f3n o material gen\u00e9tico extra en el cromosoma 21, generando discapacidad intelectual.<\/p>\n<p>De acuerdo a datos de la Organizaci\u00f3n de las Naciones Unidas esta condici\u00f3n ocurre entre 1 de cada 1.100 reci\u00e9n nacidos.Todav\u00eda no hay explicaci\u00f3n de por qu\u00e9 existe material gen\u00e9tico extra en estas personas, aunque se sospecha que puede deberse a un proceso de divisi\u00f3n defectuoso que da como resultado un cromosoma m\u00e1s, llamado trisom\u00eda 21. La consecuencia m\u00e1s evidente es un desarrollo incompleto a nivel cerebral, que provoca discapacidad intelectual y algunos trastornos f\u00edsicos, que<\/p>\n<p>afectan el sistema digestivo y tambi\u00e9n ocasiona da\u00f1os en el coraz\u00f3n.<\/p>\n<p>Las personas con S\u00edndrome de Down deben gozar de los mismos beneficios y privilegios que la mayor\u00eda de las personas en la sociedad actual. Su derecho a la igualdad, oportunidad, y felicidad plena, son inalienables. Para la Organizaci\u00f3n de las Naciones Unidas, el D\u00eda Mundial del S\u00edndrome de Down forma parte de la Agenda 2030, como parte del plan de acci\u00f3n sostenible para proteger a estas personas contra cualquier tipo de abuso, atropello o discriminaci\u00f3n.<\/p>\n<p>Su valor y contribuci\u00f3n para la humanidad no debe ser inferior a pesar de su discapacidad, ya que con trabajo, atenci\u00f3n y ayuda las personas con S\u00edndrome de Down pueden ser incorporadas a la vida social, desempe\u00f1ando m\u00faltiples actividades.<\/p>\n<p>El lema de 2024 es \u00abAcabar con los estereotipos\u00bb. Porque la mayor\u00eda de los estereotipos son limitantes, ya sean positivos, negativos o neutros. Son ideas falsas, preconcebidas que nada tienen que ver con la realidad. Los estereotipos muchas veces se ven reforzados por c\u00f3mo se trata un tema en los medios de comunicaci\u00f3n. Y una vez formado un clich\u00e9, puede ser dif\u00edcil de cambiar.<\/p>\n<p>Para las personas con s\u00edndrome de down, los estereotipos pueden crear desigualdades, hacer que dejemos de tratarlos como a los dem\u00e1s. Se les trata como a ni\u00f1os, se los infravalora y excluye. En ocasiones, sufren malos tratos o incluso abusos. Por ello, se hace un llamamiento para acabar con los estereotipos en torno al s\u00edndrome de down y a las personas con discapacidad intelectual.<\/p>\n","protected":false},"excerpt":{"rendered":"<p>La edil Ver\u00f3nica Abi-Rached de Cabildo Abierto hizo referencia a dos celebraciones mundiales que se realizaron d\u00edas pasados y sobre las cuales se deber\u00eda tomar consideraci\u00f3n para fortalecer esos sectores de la poblaci\u00f3n.<\/p>\n","protected":false},"author":4,"featured_media":3746,"comment_status":"closed","ping_status":"closed","sticky":false,"template":"","format":"standard","meta":{"footnotes":""},"categories":[5],"tags":[],"class_list":["post-3745","post","type-post","status-publish","format-standard","has-post-thumbnail","hentry","category-durazno"],"_links":{"self":[{"href":"https:\/\/paginacero.com.uy\/index.php?rest_route=\/wp\/v2\/posts\/3745","targetHints":{"allow":["GET"]}}],"collection":[{"href":"https:\/\/paginacero.com.uy\/index.php?rest_route=\/wp\/v2\/posts"}],"about":[{"href":"https:\/\/paginacero.com.uy\/index.php?rest_route=\/wp\/v2\/types\/post"}],"author":[{"embeddable":true,"href":"https:\/\/paginacero.com.uy\/index.php?rest_route=\/wp\/v2\/users\/4"}],"replies":[{"embeddable":true,"href":"https:\/\/paginacero.com.uy\/index.php?rest_route=%2Fwp%2Fv2%2Fcomments&post=3745"}],"version-history":[{"count":1,"href":"https:\/\/paginacero.com.uy\/index.php?rest_route=\/wp\/v2\/posts\/3745\/revisions"}],"predecessor-version":[{"id":3747,"href":"https:\/\/paginacero.com.uy\/index.php?rest_route=\/wp\/v2\/posts\/3745\/revisions\/3747"}],"wp:featuredmedia":[{"embeddable":true,"href":"https:\/\/paginacero.com.uy\/index.php?rest_route=\/wp\/v2\/media\/3746"}],"wp:attachment":[{"href":"https:\/\/paginacero.com.uy\/index.php?rest_route=%2Fwp%2Fv2%2Fmedia&parent=3745"}],"wp:term":[{"taxonomy":"category","embeddable":true,"href":"https:\/\/paginacero.com.uy\/index.php?rest_route=%2Fwp%2Fv2%2Fcategories&post=3745"},{"taxonomy":"post_tag","embeddable":true,"href":"https:\/\/paginacero.com.uy\/index.php?rest_route=%2Fwp%2Fv2%2Ftags&post=3745"}],"curies":[{"name":"wp","href":"https:\/\/api.w.org\/{rel}","templated":true}]}}