{"id":3742,"date":"2024-04-02T10:59:33","date_gmt":"2024-04-02T13:59:33","guid":{"rendered":"https:\/\/paginacero.com.uy\/?p=3742"},"modified":"2024-04-02T10:59:33","modified_gmt":"2024-04-02T13:59:33","slug":"las-comisiones-de-la-junta-deben-reunirse-mas-asiduamente","status":"publish","type":"post","link":"https:\/\/paginacero.com.uy\/?p=3742","title":{"rendered":"\u201cLas Comisiones de la Junta deben reunirse m\u00e1s asiduamente\u201d"},"content":{"rendered":"<p><strong>El edil frenteamplista Pablo Revello hizo menci\u00f3n a la celebraci\u00f3n mundial por el D\u00eda del Agua, a la vez que se manifest\u00f3 desconforme con la falta de regularidad en las reuniones de las Comisiones de la Junta Departamental, a pesar de contar con varios temas en carpeta.<\/strong><!--more--><\/p>\n<p>\u201cEl 22 de marzo se celebr\u00f3 el D\u00eda mundial del Agua, esta fecha fue sugerida y generada por la Organizaci\u00f3n de Naciones Unidas en el a\u00f1o 1992 para concientizar sobre el cuidado y la importancia del cuidado de los recursos h\u00eddricos. En este pa\u00eds en que tenemos presente lo cruel de una sequ\u00eda con el impacto primeramente en la producci\u00f3n pero tambi\u00e9n en la vida humana, ahora el impacto de una lluvia muy copiosa en todo el pa\u00eds que hace que muchas ciudades est\u00e9n sufriendo inundaciones que no recordaban, creo que el cuidado de los recursos h\u00eddricos nos dice que es un elemento central y tenemos que tenerlo en cuenta\u201d dijo.<\/p>\n<p>El edil hizo referencia a la necesidad de priorizar los recursos existentes de agua para el consumo humano y la vida.<\/p>\n<p>\u201cEl hecho de que para el uso humano haya faltado agua, el hecho de que se haya estado a muy pocos d\u00edas de sequ\u00eda que colapsara el suministro en las ciudades del interior, el hecho de que haya colapsado en la ciudad de Montevideo el suministro de agua, nos parece que es importante reafirmar que los abundantes recursos de aguas subterr\u00e1neas que tenemos, tendr\u00eda que disponerse por normativa, quiz\u00e1s una normativa de rango Constitucional, que esos recursos deben reservarse para la vida y no como recursos industriales\u201d agreg\u00f3.<\/p>\n<p>Tambi\u00e9n se mostr\u00f3 preocupado por la contaminaci\u00f3n que sufre el r\u00edo Y\u00ed en su pasaje por la ciudad.<\/p>\n<p>\u201cNos parece importante en este d\u00eda rescatar eso, sobre todo cuando existen informaciones sobre emprendimientos econ\u00f3micos que cuentan como gratis con el agua subterr\u00e1nea de nuestro pa\u00eds. El hecho de que hoy nuestro r\u00edo, por las mediciones oficiales, nos dicen que est\u00e1 altamente contaminado porque no cuidamos, nos hace pensar que la Intendencia de Durazno y de Florida, pero sobre todo de Durazno que tiene ciudades en las m\u00e1rgenes del Y\u00ed, tiene que hacer mucho por cuidarlo. Hace algunos meses hab\u00edamos planteado en los previos la necesidad de que OSE y la Intendencia firmen un convenio, para que las roturas de la red de saneamiento no hagan que el r\u00edo se contamine como se contamina al pasar por la ciudad de Durazno\u201d dijo.<\/p>\n<p>\u201cHabr\u00eda muchos aspectos m\u00e1s para hablar sobre el agua, pero como recordatorio creo que alcanza esto. Muchas veces los d\u00edas internacionales que convoca la ONU y otras instituciones, nos surgen como acciones lejanas, pero ac\u00e1 estamos hablando de acciones muy cercanas. Quiero que estas palabras pasen al Ejecutivo Departamental y a la Comisi\u00f3n de Medio Ambiente\u201d agreg\u00f3.<\/p>\n<p>Por otra parte, se mostr\u00f3 desconforme con las pocas convocatorias a trabajar de las Comisiones integradas en la Junta Departamental, especificando que son varios los temas en carpeta que no se han tratado.<\/p>\n<p>\u201cQuisiera en el pleno de esta Junta, mostrar mi disconformidad con la frecuencia con que se est\u00e1n citando las comisiones de trabajo. Por ejemplo la Comisi\u00f3n de Medio Ambiente hay varios temas en carpeta, entre ellas la iniciativa para hablar con el Ministerio de Ambiente, hoy en los asuntos entrados hay varios que pasan por la Comisi\u00f3n de Ambiente y no se ha reunido pr\u00e1cticamente en lo que va del a\u00f1o, solamente una vez. La Comisi\u00f3n de Legislaci\u00f3n que tambi\u00e9n integro tiene una gran frecuencia de citaciones y un gran trabajo \u00e1gil, pero no es el momento, quisiera que en parte depende del oficialismo, desde que entraron el tema de las firmas, la decisi\u00f3n de la Corte Electoral de que esta Junta deb\u00eda expresarse, casi no nos hemos reunido, cuando lo hemos hecho es por urgencias que tiene el Ejecutivo y no por temas que a nuestro entender son importantes\u201d finaliz\u00f3 diciendo.<\/p>\n","protected":false},"excerpt":{"rendered":"<p>El edil frenteamplista Pablo Revello hizo menci\u00f3n a la celebraci\u00f3n mundial por el D\u00eda del Agua, a la vez que se manifest\u00f3 desconforme con la falta de regularidad en las reuniones de las Comisiones de la Junta Departamental, a pesar de contar con varios temas en carpeta.<\/p>\n","protected":false},"author":4,"featured_media":3743,"comment_status":"closed","ping_status":"closed","sticky":false,"template":"","format":"standard","meta":{"footnotes":""},"categories":[5],"tags":[],"class_list":["post-3742","post","type-post","status-publish","format-standard","has-post-thumbnail","hentry","category-durazno"],"_links":{"self":[{"href":"https:\/\/paginacero.com.uy\/index.php?rest_route=\/wp\/v2\/posts\/3742","targetHints":{"allow":["GET"]}}],"collection":[{"href":"https:\/\/paginacero.com.uy\/index.php?rest_route=\/wp\/v2\/posts"}],"about":[{"href":"https:\/\/paginacero.com.uy\/index.php?rest_route=\/wp\/v2\/types\/post"}],"author":[{"embeddable":true,"href":"https:\/\/paginacero.com.uy\/index.php?rest_route=\/wp\/v2\/users\/4"}],"replies":[{"embeddable":true,"href":"https:\/\/paginacero.com.uy\/index.php?rest_route=%2Fwp%2Fv2%2Fcomments&post=3742"}],"version-history":[{"count":1,"href":"https:\/\/paginacero.com.uy\/index.php?rest_route=\/wp\/v2\/posts\/3742\/revisions"}],"predecessor-version":[{"id":3744,"href":"https:\/\/paginacero.com.uy\/index.php?rest_route=\/wp\/v2\/posts\/3742\/revisions\/3744"}],"wp:featuredmedia":[{"embeddable":true,"href":"https:\/\/paginacero.com.uy\/index.php?rest_route=\/wp\/v2\/media\/3743"}],"wp:attachment":[{"href":"https:\/\/paginacero.com.uy\/index.php?rest_route=%2Fwp%2Fv2%2Fmedia&parent=3742"}],"wp:term":[{"taxonomy":"category","embeddable":true,"href":"https:\/\/paginacero.com.uy\/index.php?rest_route=%2Fwp%2Fv2%2Fcategories&post=3742"},{"taxonomy":"post_tag","embeddable":true,"href":"https:\/\/paginacero.com.uy\/index.php?rest_route=%2Fwp%2Fv2%2Ftags&post=3742"}],"curies":[{"name":"wp","href":"https:\/\/api.w.org\/{rel}","templated":true}]}}