{"id":3739,"date":"2024-04-02T10:55:34","date_gmt":"2024-04-02T13:55:34","guid":{"rendered":"https:\/\/paginacero.com.uy\/?p=3739"},"modified":"2024-04-02T10:55:34","modified_gmt":"2024-04-02T13:55:34","slug":"inefop-bachilleres-otorgara-3-500-becas-a-estudiantes-en-situacion-de-vulnerabilidad","status":"publish","type":"post","link":"https:\/\/paginacero.com.uy\/?p=3739","title":{"rendered":"Inefop Bachilleres otorgar\u00e1 3.500 becas a estudiantes en situaci\u00f3n de vulnerabilidad"},"content":{"rendered":"<p><strong>M\u00e1s de 10.000 estudiantes se inscribieron para acceder a la beca educativa que promueve Inefop Bachilleres. La Administraci\u00f3n Nacional de Educaci\u00f3n P\u00fablica (ANEP), el Ministerio de Educaci\u00f3n y Cultura (MEC) y el Instituto Nacional de Empleo y Formaci\u00f3n Profesional (Inefop) convocan a estudiantes de Bachillerato que tengan entre 15 y 20 a\u00f1os a inscribirse al Programa Bachilleres, que otorga becas de apoyo econ\u00f3mico para sostener la culminaci\u00f3n de la Educaci\u00f3n Media Superior.<\/strong><!--more--><\/p>\n<p>Quienes resulten seleccionados recibir\u00e1n entre abril y diciembre un total de m\u00e1s de $ 30.000 de forma ininterrumpida, monto que ser\u00e1 distribuido en mensualidades, siempre y cuando los postulantes cumplan con las condiciones establecidas.<\/p>\n<p>Durante la presentaci\u00f3n del programa, la presidenta de la ANEP, Virginia C\u00e1ceres, se\u00f1al\u00f3 que esta iniciativa configura \u201cUn aporte m\u00e1s al sistema educativo que viene trabajando desde hace mucho tiempo en proteger las trayectorias educativas y que est\u00e1 dando sus frutos, porque por primera vez logramos superar en nuestro pa\u00eds un n\u00famero muy duro que ten\u00edamos de egreso de Bachillerato, y el a\u00f1o pasado tuvimos un 51% de egreso\u201d.<\/p>\n<p>Si bien el aumento en el egreso es positivo, es necesario continuar trabajando para mejorar a\u00fan m\u00e1s la cifra. \u201cEste a\u00f1o la transformaci\u00f3n educativa inicia en Bachillerato, donde tambi\u00e9n estamos haciendo una fuerte apuesta para seguir avanzando\u201d, agreg\u00f3.<\/p>\n<p>Asimismo, destac\u00f3 que un 50% de las beneficiadas declararon realizar tareas de cuidado en el hogar. \u201cEs un dato en el que tendr\u00edamos que empezar a profundizar, porque estamos atacando tambi\u00e9n un problema silencioso que tenemos en nuestro pa\u00eds, que ata\u00f1e a los cuidados y el trabajo no remunerado\u201d.<\/p>\n<p>Por su parte, el ministro del MEC, Pablo da Silveira, indic\u00f3 que existe una fuerte demanda por este tipo de becas, que en los tres tipos de ayudas concedidas a esta poblaci\u00f3n supera ampliamente la cantidad de becas otorgadas. \u00abHay capacidad operativa, las agencias del Estado han conseguido hacerlo con un nivel de rigor y profesionalismo alto. Nos queda por delante evaluar las diferentes estrategias\u201d.<\/p>\n<p>El subsecretario del Ministerio de Trabajo y Seguridad Social, Mario Arizti, destac\u00f3 que la iniciativa \u00abEs una verdadera pol\u00edtica p\u00fablica porque est\u00e1 focalizada en los j\u00f3venes, contempla el \u00cdndice de Vulnerabilidad Social y por su cometido de lograr que el estudiante complete los niveles de educaci\u00f3n\u00bb.<\/p>\n<p>El director general de Inefop, Pablo Darscht, reflexion\u00f3 acerca de que \u00abEl tema del desempleo juvenil en Uruguay es un problema end\u00e9mico, grave y que un Instituto como Inefop siempre intenta abordar desde sus distintas facetas. Una de las cosas que nos dicen las estad\u00edsticas es que tener el Bachillerato culminado es una caracter\u00edstica que diferencia claramente las probabilidades de \u00e9xito que tienen los muchachos al insertarse laboralmente\u00bb.<\/p>\n<p>Federico Zubillaga, del equipo t\u00e9cnico de Inefop, se refiri\u00f3 al convenio suscripto entre el instituto, ANEP y el MEC el a\u00f1o pasado que sostiene esta iniciativa. Asimismo, indic\u00f3 que el programa est\u00e1 dirigido a estudiantes de Educaci\u00f3n Media Superior (Bachillerato) de UTU y Secundaria que tengan entre 15 y 20 a\u00f1os de edad y se encuentren en una situaci\u00f3n de vulnerabilidad socioeducativa.<\/p>\n<p>La propuesta tiene como cometido apoyar econ\u00f3micamente a los beneficiarios, bajo la forma de una transferencia monetaria que oficia de soporte para la continuidad de sus trayectorias educativas y culminaci\u00f3n de la Educaci\u00f3n Media Superior.<\/p>\n<p>En este sentido, para este a\u00f1o se prev\u00e9 la adjudicaci\u00f3n de 3.500 becas anuales con posibilidad de renovaci\u00f3n anual. Luego de recibirse las postulaciones, el ordenamiento ubica en los primeros lugares a los estudiantes en base al \u00cdndice de Vulnerabilidad Social elaborado por la Divisi\u00f3n de Investigaci\u00f3n, Evaluaci\u00f3n y Estad\u00edstica de la ANEP. Este prioriza a los estudiantes con hijos menores de 5 a\u00f1os, que se encuentren en situaci\u00f3n de discapacidad o vivan en el medio rural.<\/p>\n<p>En 2023 recibieron la beca 3.618 j\u00f3venes, lo que implic\u00f3 una inversi\u00f3n de 112.829.951 millones de pesos. De los estudiantes seleccionados en 2023, un 61% de las becadas son mujeres, un 38% varones y un 1% no binario. Por otro lado, un 43% cursa cuarto a\u00f1o, un 32% quinto y un 25% sexto a\u00f1o o su equivalente en UTU. De las estudiantes beneficiadas en 2023, un 1,3% se encontraba<\/p>\n<p>cursando un embarazo, un 3,2% de los beneficiados tiene hijos menores de 5 a\u00f1os y un 0,7% hijos mayores de 5 a\u00f1os.<\/p>\n","protected":false},"excerpt":{"rendered":"<p>M\u00e1s de 10.000 estudiantes se inscribieron para acceder a la beca educativa que promueve Inefop Bachilleres. La Administraci\u00f3n Nacional de Educaci\u00f3n P\u00fablica (ANEP), el Ministerio de Educaci\u00f3n y Cultura (MEC) y el Instituto Nacional de Empleo y Formaci\u00f3n Profesional (Inefop) convocan a estudiantes de Bachillerato que tengan entre 15 y 20 a\u00f1os a inscribirse al [&hellip;]<\/p>\n","protected":false},"author":4,"featured_media":3740,"comment_status":"closed","ping_status":"closed","sticky":false,"template":"","format":"standard","meta":{"footnotes":""},"categories":[5,15],"tags":[],"class_list":["post-3739","post","type-post","status-publish","format-standard","has-post-thumbnail","hentry","category-durazno","category-educacion"],"_links":{"self":[{"href":"https:\/\/paginacero.com.uy\/index.php?rest_route=\/wp\/v2\/posts\/3739","targetHints":{"allow":["GET"]}}],"collection":[{"href":"https:\/\/paginacero.com.uy\/index.php?rest_route=\/wp\/v2\/posts"}],"about":[{"href":"https:\/\/paginacero.com.uy\/index.php?rest_route=\/wp\/v2\/types\/post"}],"author":[{"embeddable":true,"href":"https:\/\/paginacero.com.uy\/index.php?rest_route=\/wp\/v2\/users\/4"}],"replies":[{"embeddable":true,"href":"https:\/\/paginacero.com.uy\/index.php?rest_route=%2Fwp%2Fv2%2Fcomments&post=3739"}],"version-history":[{"count":1,"href":"https:\/\/paginacero.com.uy\/index.php?rest_route=\/wp\/v2\/posts\/3739\/revisions"}],"predecessor-version":[{"id":3741,"href":"https:\/\/paginacero.com.uy\/index.php?rest_route=\/wp\/v2\/posts\/3739\/revisions\/3741"}],"wp:featuredmedia":[{"embeddable":true,"href":"https:\/\/paginacero.com.uy\/index.php?rest_route=\/wp\/v2\/media\/3740"}],"wp:attachment":[{"href":"https:\/\/paginacero.com.uy\/index.php?rest_route=%2Fwp%2Fv2%2Fmedia&parent=3739"}],"wp:term":[{"taxonomy":"category","embeddable":true,"href":"https:\/\/paginacero.com.uy\/index.php?rest_route=%2Fwp%2Fv2%2Fcategories&post=3739"},{"taxonomy":"post_tag","embeddable":true,"href":"https:\/\/paginacero.com.uy\/index.php?rest_route=%2Fwp%2Fv2%2Ftags&post=3739"}],"curies":[{"name":"wp","href":"https:\/\/api.w.org\/{rel}","templated":true}]}}