{"id":3729,"date":"2024-04-01T16:10:21","date_gmt":"2024-04-01T19:10:21","guid":{"rendered":"https:\/\/paginacero.com.uy\/?p=3729"},"modified":"2024-04-01T16:10:21","modified_gmt":"2024-04-01T19:10:21","slug":"pedimos-que-se-prohiba-la-instalacion-de-carteleria-politica-en-espacios-publicos","status":"publish","type":"post","link":"https:\/\/paginacero.com.uy\/?p=3729","title":{"rendered":"\u201cPedimos que se proh\u00edba la instalaci\u00f3n de carteler\u00eda pol\u00edtica en espacios p\u00fablicos\u201d"},"content":{"rendered":"<p><strong>El edil nacionalista Enrique Erramuspe present\u00f3 un proyecto en el cual se busca prohibir la carteler\u00eda pol\u00edtica en espacios p\u00fablicos, con el objetivo de mantener el buen estado de la ciudad y tambi\u00e9n la seguridad. El pedido es respaldado por la totalidad de los integrantes de la Junta Departamental.<\/strong><!--more--><\/p>\n<p>La carteler\u00eda pol\u00edtica, en la etapa preelectoral y electoral, fue el tema que convoc\u00f3 al edil nacionalista, que luego de dialogar con sus pares en la Junta Departamental present\u00f3 un proyecto de ampliaci\u00f3n de lo regulado hasta el momento en cuanto a su colocaci\u00f3n en espacios p\u00fablicos.<\/p>\n<p>\u201cMe quiero referir a un tema que aqueja peri\u00f3dicamente a los duraznenses en esta etapa previa a las elecciones, qu\u00e9 es la propaganda visual que se instalan todas las ciudades y localidades de nuestro departamento. Creo que hemos llegado a un exceso que realmente tiene una contaminaci\u00f3n visual importante, que afea la ciudad, tambi\u00e9n con mucho riesgo en algunos casos cuando se caen los pasacalles, quedan los alambres sueltos. Otras intendencias han reglamentado ya este tema, creo que es oportuno que Durazno tambi\u00e9n lo haga\u201d dijo.<\/p>\n<p>\u201cHemos hablado previamente con las otras bancadas de los otros partidos, primero que nada el Partido Nacional, el Frente Amplio, el Partido Colorado, Cabildo Abierto, realmente hemos tenido una muy buena respuesta en el sentido que todos han apoyado esta inquietud. Este tema no lo queremos presentar como algo de un edil solamente, sino que todos somos part\u00edcipes de este tema que tambi\u00e9n es m\u00e1s democr\u00e1tico, que todos tengan la igualdad de posibilidades de trabajar en pol\u00edtica y no a veces que el tema econ\u00f3mico haga que la balanza se incline a favor de alguno\u201d agreg\u00f3.<\/p>\n<p>El edil quiere ampliar lo reglamentado hasta el momento con respecto a la carteler\u00eda pol\u00edtica.<\/p>\n<p>\u201cPero creo que ya hay algo reglamentado por el ejecutivo, pero nosotros queremos hacerlo m\u00e1s extensivo, que se proh\u00edba en los espacios p\u00fablicos y el ornato p\u00fablico, porque vemos muchas veces que los \u00e1rboles de nuestra ciudad y del interior del departamento son objeto de un ataque, someti\u00e9ndolos a exigencias que no est\u00e1n para eso. Tambi\u00e9n experimentan riesgo los propios militantes que suben a los \u00e1rboles, a las columnas a colocar todas esas propagandas, arriesgando tener un accidente como ha pasado en otros lados y es dif\u00edcil que despu\u00e9s alguien se haga responsable. Sabemos bien que cuando las cosas est\u00e1n bien, no pasa nada, pero cuando algo sale mal todo se complica, todos queremos un resarcimiento, todos queremos una devoluci\u00f3n a nuestras necesidades, porque son personas de trabajo, personas de familia\u201d indic\u00f3.<\/p>\n<p>\u201cPedimos al Ejecutivo Departamental que se proh\u00edba la publicidad visual en plazas, parques, en todo espacio p\u00fablico, que se proh\u00edba la pintada con leyendas, colores y n\u00fameros de calles o columnas, y cordones de la v\u00eda p\u00fablica, que se proh\u00edba el uso de carteler\u00eda de cualquier tipo, pinturas o similares, a metros de las se\u00f1ales de tr\u00e1nsito, que se proh\u00edba la colocaci\u00f3n de pasacalles y columneras, que se proh\u00edba tambi\u00e9n la colocaci\u00f3n de carteler\u00eda de cualquier tipo en el ornato p\u00fablico, columnas y luminarias\u201d dijo.<\/p>\n<p>\u201cQuiero que mis palabras pasen al Ejecutivo Departamental y a la Comisi\u00f3n de Legislaci\u00f3n, que tambi\u00e9n puede tratar el tema para hacer alguna correcci\u00f3n o agregado\u201d finaliz\u00f3 diciendo.<\/p>\n<p>Los ediles de la Junta esperan que el tema sea tratado a la brevedad para evitar la contaminaci\u00f3n visual en la ciudad capital y ciudades del interior, donde ya est\u00e1n despleg\u00e1ndose las acciones de los partidos pol\u00edticos.<\/p>\n","protected":false},"excerpt":{"rendered":"<p>El edil nacionalista Enrique Erramuspe present\u00f3 un proyecto en el cual se busca prohibir la carteler\u00eda pol\u00edtica en espacios p\u00fablicos, con el objetivo de mantener el buen estado de la ciudad y tambi\u00e9n la seguridad. El pedido es respaldado por la totalidad de los integrantes de la Junta Departamental.<\/p>\n","protected":false},"author":4,"featured_media":3730,"comment_status":"closed","ping_status":"closed","sticky":false,"template":"","format":"standard","meta":{"footnotes":""},"categories":[5],"tags":[],"class_list":["post-3729","post","type-post","status-publish","format-standard","has-post-thumbnail","hentry","category-durazno"],"_links":{"self":[{"href":"https:\/\/paginacero.com.uy\/index.php?rest_route=\/wp\/v2\/posts\/3729","targetHints":{"allow":["GET"]}}],"collection":[{"href":"https:\/\/paginacero.com.uy\/index.php?rest_route=\/wp\/v2\/posts"}],"about":[{"href":"https:\/\/paginacero.com.uy\/index.php?rest_route=\/wp\/v2\/types\/post"}],"author":[{"embeddable":true,"href":"https:\/\/paginacero.com.uy\/index.php?rest_route=\/wp\/v2\/users\/4"}],"replies":[{"embeddable":true,"href":"https:\/\/paginacero.com.uy\/index.php?rest_route=%2Fwp%2Fv2%2Fcomments&post=3729"}],"version-history":[{"count":1,"href":"https:\/\/paginacero.com.uy\/index.php?rest_route=\/wp\/v2\/posts\/3729\/revisions"}],"predecessor-version":[{"id":3731,"href":"https:\/\/paginacero.com.uy\/index.php?rest_route=\/wp\/v2\/posts\/3729\/revisions\/3731"}],"wp:featuredmedia":[{"embeddable":true,"href":"https:\/\/paginacero.com.uy\/index.php?rest_route=\/wp\/v2\/media\/3730"}],"wp:attachment":[{"href":"https:\/\/paginacero.com.uy\/index.php?rest_route=%2Fwp%2Fv2%2Fmedia&parent=3729"}],"wp:term":[{"taxonomy":"category","embeddable":true,"href":"https:\/\/paginacero.com.uy\/index.php?rest_route=%2Fwp%2Fv2%2Fcategories&post=3729"},{"taxonomy":"post_tag","embeddable":true,"href":"https:\/\/paginacero.com.uy\/index.php?rest_route=%2Fwp%2Fv2%2Ftags&post=3729"}],"curies":[{"name":"wp","href":"https:\/\/api.w.org\/{rel}","templated":true}]}}