{"id":3718,"date":"2024-03-22T11:36:43","date_gmt":"2024-03-22T14:36:43","guid":{"rendered":"https:\/\/paginacero.com.uy\/?p=3718"},"modified":"2024-03-22T11:36:43","modified_gmt":"2024-03-22T14:36:43","slug":"ellas-construyendo-nuevas-oportunidades-desde-la-educacion-en-el-marco-del-mes-de-la-mujer","status":"publish","type":"post","link":"https:\/\/paginacero.com.uy\/?p=3718","title":{"rendered":"Ellas, construyendo nuevas oportunidades desde la educaci\u00f3n en el marco del mes de la mujer"},"content":{"rendered":"<p><strong>En el marco del D\u00eda Internacional de la Mujer, bajo la consigna: \u00abTenemos los mismos derechos.<\/strong><!--more--><\/p>\n<p>Necesitamos las mismas oportunidades\u00bb, se realiz\u00f3 el conversatorio Ellas, construyendo nuevas oportunidades desde la educaci\u00f3n organizado por la Administraci\u00f3n Nacional de Educaci\u00f3n P\u00fablica. El evento cont\u00f3 con la presencia de la presidenta de Anep, Virginia C\u00e1ceres; M\u00f3nica Bottero, directora de INMUJERES, autoridades de DGETP; Gloria Canclini, directora de la Direcci\u00f3n de Derechos Humanos de ANEP; Eleonora Oliver, coordinadora del Espacio de Educaci\u00f3n Inclusiva y Patricia Pivel, integrante de la Comisi\u00f3n de Educaci\u00f3n Sexual de la DGES.<\/p>\n<p>El conversatorio se llev\u00f3 a cabo en el hall principal del Auditorio Nacional Adela Reta, Espacio Perifoneo, ubicado en Mercedes 823 esquina Andes.<\/p>\n<p>Este evento conmemorativo tuvo como protagonistas centrales a las estudiantes de Educaci\u00f3n Media. Durante la actividad, las j\u00f3venes participantes intercambiaron vivencias relacionadas con su participaci\u00f3n en diversas iniciativas y programas como el Parlamento Juvenil, \u00abReimaginar la educaci\u00f3n\u00bb, proyectos STEM (Ciencia, Tecnolog\u00eda, Ingenier\u00eda y Matem\u00e1ticas) y la campa\u00f1a \u00abNoviazgos libres de violencia\u00bb con el objetivo de destacar el impacto positivo de la educaci\u00f3n en esos \u00e1mbitos.<\/p>\n<p>Por cada una de las experiencias se convoc\u00f3 a participar a dos estudiantes de Educaci\u00f3n B\u00e1sica Integrada, acompa\u00f1adas por su referente adulto. En el caso de la Campa\u00f1a \u00abNoviazgos libres de violencia\u00bb, fueron invitadas dos alumnas y su correspondiente Referente de Educaci\u00f3n Sexual tanto por la Direcci\u00f3n General de Educaci\u00f3n Secundaria (DGES) como por la Direcci\u00f3n General de Educaci\u00f3n T\u00e9cnico Profesional (DGETP).<\/p>\n<p>El conversatorio, dise\u00f1ado para generar un ambiente distendido y de di\u00e1logo, comenz\u00f3 a las 11:30 h y se desarroll\u00f3 en modalidad living. Estuvo moderado por una comunicadora que realiz\u00f3 preguntas disparadoras para enriquecer el intercambio de experiencias entre las participantes.<\/p>\n<p>Clara M\u00f3dena, estudiante del Liceo N.\u00b0 1 de Rocha, que hab\u00eda participado en \u201cReimaginar la educaci\u00f3n\u201d, expres\u00f3: \u201cMe pareci\u00f3 muy interesante la oportunidad de expresarnos con respecto a nuestro propio sistema educativo, reflexionar, cuestionar y saber que nuestras ideas iban a ser tenidas en cuenta. De hecho en el taller final logramos traspasar nuestras ideas a los actuales programas. Creo que cabe destacar que se gener\u00f3 un muy lindo ambiente en cada taller, creo que la brecha de g\u00e9nero no se sinti\u00f3, me sent\u00ed muy incluida como mujer y creo que eso es un punto muy bueno a valorar.\u00bb<\/p>\n<p>Sobre la campa\u00f1a \u00abNoviazgos libres de violencia\u00bb hablaron la estudiante del Liceo N.\u00b0 47 Luana Barreiro y la referente de Educaci\u00f3n Sexual, Carla Penna.<\/p>\n<p>Es una acci\u00f3n colectiva a nivel nacional que promueve el involucramiento y la participaci\u00f3n protag\u00f3nica de adolescentes y j\u00f3venes de todo el pa\u00eds. Tiene por objetivo lograr un cambio cultural mediante la promoci\u00f3n de relaciones de noviazgo libres de violencia.<\/p>\n<p>La Campa\u00f1a Noviazgos Libres de Violencia (NLV) es una acci\u00f3n colectiva a nivel nacional que promueve el involucramiento y la participaci\u00f3n protag\u00f3nica de adolescentes y j\u00f3venes de todo el pa\u00eds y tiene como objetivo contribuir al cambio cultural a trav\u00e9s de la promoci\u00f3n de pautas de relacionamiento no violentas en las relaciones de noviazgos.<\/p>\n<p>Actualmente es la pol\u00edtica p\u00fablica de prevenci\u00f3n la violencia basada en g\u00e9nero (VBG), con foco en las adolescencias y juventudes, con mayor alcance, llevada adelante por el Estado uruguayo.<\/p>\n<p>La campa\u00f1a es liderada por el Instituto Nacional de las Mujeres del Ministerio de Desarrollo Social (InMujeres-MIDES), organismo rector de la pol\u00edtica nacional de igualdad de g\u00e9nero (Ley N\u00ba 19.846; Art. 13).<\/p>\n<p>Asimismo, su ejecuci\u00f3n se enmarca en el Consejo de G\u00e9nero (CNG)2, que para el periodo 2020-2025, defini\u00f3 como tema de trabajo del eje 1 \u201cLa violencia basada en g\u00e9nero (VBG) hacia mujeres, ni\u00f1os y ni\u00f1as y adolescentes\u201d, implementado a trav\u00e9s del Consejo Nacional Consultivo por una Vida Libre de Violencia de G\u00e9nero hacia las Mujeres (CNC).<\/p>\n<p>En las ediciones anteriores (2016-2021) han participado m\u00e1s de 74.320 adolescentes, con el apoyo de 7.211 personas adultas referentes.<\/p>\n<p>Para pr\u00f3ximas ediciones se defini\u00f3 seguir profundizando en la violencia digital, considerando que las herramientas digitales contribuyen a que las violencias que suceden en la vida real se vean<\/p>\n<p>reflejadas en el \u00e1mbito de lo digital, impidiendo el desarrollo y pleno disfrute de una vida libre de violencia a mujeres, ni\u00f1as, ni\u00f1os y adolescentes, as\u00ed como el respeto a su dignidad, libertad de expresi\u00f3n y protecci\u00f3n de datos personales.<\/p>\n","protected":false},"excerpt":{"rendered":"<p>En el marco del D\u00eda Internacional de la Mujer, bajo la consigna: \u00abTenemos los mismos derechos.<\/p>\n","protected":false},"author":4,"featured_media":3719,"comment_status":"closed","ping_status":"closed","sticky":false,"template":"","format":"standard","meta":{"footnotes":""},"categories":[5,17],"tags":[],"class_list":["post-3718","post","type-post","status-publish","format-standard","has-post-thumbnail","hentry","category-durazno","category-suplemento-mujer"],"_links":{"self":[{"href":"https:\/\/paginacero.com.uy\/index.php?rest_route=\/wp\/v2\/posts\/3718","targetHints":{"allow":["GET"]}}],"collection":[{"href":"https:\/\/paginacero.com.uy\/index.php?rest_route=\/wp\/v2\/posts"}],"about":[{"href":"https:\/\/paginacero.com.uy\/index.php?rest_route=\/wp\/v2\/types\/post"}],"author":[{"embeddable":true,"href":"https:\/\/paginacero.com.uy\/index.php?rest_route=\/wp\/v2\/users\/4"}],"replies":[{"embeddable":true,"href":"https:\/\/paginacero.com.uy\/index.php?rest_route=%2Fwp%2Fv2%2Fcomments&post=3718"}],"version-history":[{"count":1,"href":"https:\/\/paginacero.com.uy\/index.php?rest_route=\/wp\/v2\/posts\/3718\/revisions"}],"predecessor-version":[{"id":3720,"href":"https:\/\/paginacero.com.uy\/index.php?rest_route=\/wp\/v2\/posts\/3718\/revisions\/3720"}],"wp:featuredmedia":[{"embeddable":true,"href":"https:\/\/paginacero.com.uy\/index.php?rest_route=\/wp\/v2\/media\/3719"}],"wp:attachment":[{"href":"https:\/\/paginacero.com.uy\/index.php?rest_route=%2Fwp%2Fv2%2Fmedia&parent=3718"}],"wp:term":[{"taxonomy":"category","embeddable":true,"href":"https:\/\/paginacero.com.uy\/index.php?rest_route=%2Fwp%2Fv2%2Fcategories&post=3718"},{"taxonomy":"post_tag","embeddable":true,"href":"https:\/\/paginacero.com.uy\/index.php?rest_route=%2Fwp%2Fv2%2Ftags&post=3718"}],"curies":[{"name":"wp","href":"https:\/\/api.w.org\/{rel}","templated":true}]}}