{"id":3715,"date":"2024-03-22T11:32:23","date_gmt":"2024-03-22T14:32:23","guid":{"rendered":"https:\/\/paginacero.com.uy\/?p=3715"},"modified":"2024-03-22T11:32:23","modified_gmt":"2024-03-22T14:32:23","slug":"en-mapep-vuelven-las-clases-de-yoga","status":"publish","type":"post","link":"https:\/\/paginacero.com.uy\/?p=3715","title":{"rendered":"En MAPEP vuelven las clases de yoga"},"content":{"rendered":"<p><strong>Gabriela Ag\u00fcero Rocha es artista visual, Instructora de yoga y chi chung, madre de Ivo Aldama y entre sus m\u00faltiples actividades, comenzar\u00e1 un espacio en el Centro MAPEP con clases de yoga dirigido a un p\u00fablico \u00e1vido de esta disciplina.<\/strong><!--more--><\/p>\n<p>\u201cMe desempe\u00f1o como docente de conocimiento art\u00edstico, para infancias y docente de pintura para adultos t\u00e9cnica pintura sobre loza o tercer fuego. Soy integrante de colectivo MUROS VIVOS, que se lleva adelante en el departamento\u201d cont\u00f3 present\u00e1ndose.<\/p>\n<p>\u201cMi infancia y juventud la viv\u00ed en el medio rural, en el paraje de Sarand\u00ed de los Perros, conoc\u00ed el paisaje agreste de Cerro Largo y el interior de Colonia por el trabajo de mis padres. Tambi\u00e9n los antepasados m\u00e1s directos (abuelos maternos y paternos) eran trabajadores rurales. En memoria de todo esto surge una colecci\u00f3n de pinturas que denomine \u201cTERRU\u00d1O\u201d, que son composiciones costumbristas que describen el modo de vivir de las personas de nuestro campo, las que se expusieron en Durazno y Sarand\u00ed del Yi\u201d agreg\u00f3.<\/p>\n<p>\u201cMe parece que he tenido y tengo tantos maestros que me siento muy afortunada de esto. El Taller de Artes Pl\u00e1sticas me da la oportunidad de formarme en arte desde temprano. Me acerco por mi madre que se vincula a la cer\u00e1mica, all\u00e1 en los a\u00f1os noventa. Yo iba ver, como de acompa\u00f1ante, poco a poco ese lugar me fue ganando. All\u00ed conoc\u00ed a Hugo Rovira con gran admiraci\u00f3n vi su destreza para el dibujo, el modelado, su capacidad intelectual y humanidad. Liliana Fern\u00e1ndez m\u00e1s tarde que me capt\u00f3, me facilit\u00f3 todo lo que pudo para ense\u00f1arme, la b\u00fasqueda de la perfecci\u00f3n en una t\u00e9cnica que demanda mucho compromiso e investigaci\u00f3n. Tom\u00e9 clases con la artista uruguaya Nelbia Romero y obtuve mi primer certificado de arte por el Ministerio de Educaci\u00f3n y Cultura en el a\u00f1o 1998\u201d agreg\u00f3.<\/p>\n<p>Junto con su educaci\u00f3n formal, Gabriela iba form\u00e1ndose en el arte.<\/p>\n<p>\u201cLuego de secundaria tomo unos cursos de formaci\u00f3n para trabajar en administraci\u00f3n trabaj\u00e9 en algunos comercios, estuve varios a\u00f1os en el s\u00faper Gonz\u00e1lez Hnos. en la parte administrativa. Por el a\u00f1o 2000 participo de la expo itinerante \u201cCapilla Farruco\u201d. \u201cB\u00fasqueda x 3\u201d junto con Alexis Sibru y Leo Aldama, \u201cPincelando Candombe\u201d junto a Leo Aldama\u201d dijo.<\/p>\n<p>\u201cPor el 2007 participo de la creaci\u00f3n de los primeros dibujos animados del interior entonces armamos equipo con Gerardo Ag\u00fcero, Fabrizio Volpe y Leo Aldama, de ah\u00ed sali\u00f3 \u201cNata y Maruja\u201d y \u201cEl Canillita\u201d. Desde el a\u00f1o 2008 al 2012 participo en maquillaje art\u00edstico junto a Liliana Fern\u00e1ndez y Leo Aldama en comparsa lubola. Desde el a\u00f1o 2007 al 2019 participo activamente de una experiencia educativa inspirada en modelo ense\u00f1anza de Montessori. Escuela el Jard\u00edn.<\/p>\n<p>2009 al 2012 integro grupo 18&#215;50\u201d agreg\u00f3.<\/p>\n<p>\u201cParalelamente en 2014 comienzo al frente del curso de pintura sobre loza en el Taller de Artes Pl\u00e1sticas. En el a\u00f1o 2016 al 2018 ingreso al grupo de meditaci\u00f3n con Mirna Piriz y Carmen Se\u00f1aris, creo el espacio de \u201carte protegido\u201d inspirado en el investigador Arno Stern. \u201cArte desde el ser\u201d , para todas las edades y comienzo estudios de yoga en espacio Evoluci\u00f3n en Florida. En el 2019 comienzo en espacio Conocimiento art\u00edstico para nivel primaria San Luis Marista hasta la fecha\u201d dijo.<\/p>\n<p>\u201cComo ilustradora intervengo en algunos libros de Celestina Andrade, Gonzalo Recuero. Dise\u00f1o para vinos Gobelet. Desde el 2018 hasta 2023 tomo clases de educaci\u00f3n permanente de la UDELAR. con la profa. Dra. Mariel Cisneros y desde el 2022 tomo clases de opera, an\u00e1lisis de obras, con la Profa. Concepci\u00f3n Perre. Paralelamente tomo clases de gr\u00e1fica sobre Cer\u00e1mica, cursos de extensi\u00f3n universidad de la Plata. Con la Profa. Graciela Barreto, cursos que contin\u00fao en la actualidad. En el 2023 profundizo estudios de chi kung en Centro ojo de Luz. Las Piedras\u201d agreg\u00f3. \u201cAgradezco la gu\u00eda de Ricardo Giordano que aguarda que yo pinte con la virtud que tiene \u00e9l. Reconozco varias personas que dejan huella en m\u00ed ser, algunos ya no est\u00e1n pero siento pr\u00f3ximos\u201d.<\/p>\n<p>Dentro de sus actividades, Gabriela encuentra tiempo para desarrollar algunos hobbies.<\/p>\n<p>\u201cComo hobby me gusta pasear en bicicleta, dibujar sin sentido, investigar alguna cosa (ahora arte isl\u00e1mico), leer algo y todo lo que me llame la atenci\u00f3n. Este a\u00f1o contin\u00fao en centro MAPEP como hace ya algunos a\u00f1os, tambi\u00e9n en grupo Armon\u00eda de adulto mayor. En estos espacios implemento lo<\/p>\n<p>que llamo ARTE VITAL yoga y chi kung, con la intenci\u00f3n de difundir esta cultura de bienestar y buena salud general, conocimientos que existen desde hace miles de a\u00f1os, el yoga es patrimonio de la humanidad. Hay que saber interpretar, traer y aplicar en nuestra cultura para poder disfrutar de los beneficios permanentes y que sea accesible para todas las persona independiente de su estado de salud\u201d cont\u00f3.<\/p>\n<p>El yoga es una pr\u00e1ctica que conecta el cuerpo, la respiraci\u00f3n y la mente. Esta pr\u00e1ctica utiliza posturas f\u00edsicas, ejercicios de respiraci\u00f3n y meditaci\u00f3n para mejorar la salud general. El yoga se desarroll\u00f3 como una pr\u00e1ctica espiritual hace miles de a\u00f1os. Hoy en d\u00eda, la mayor\u00eda de las personas en occidente que practican yoga lo hacen como ejercicio o para reducir el estr\u00e9s.<\/p>\n<p>El yoga puede mejorar el nivel general de su estado f\u00edsico y mejorar su postura y su flexibilidad. Tambi\u00e9n puede: Reducir su presi\u00f3n arterial y su frecuencia card\u00edaca; ayudarle a relajarse; mejorar su confianza en usted mismo; reducir el estr\u00e9s; mejorar su coordinaci\u00f3n; mejorar su concentraci\u00f3n; ayudarle a dormir mejor; ayudar a la digesti\u00f3n. Adicionalmente, practicar yoga tambi\u00e9n puede ayudar con las siguientes afecciones: ansiedad, dolor de espalda y depresi\u00f3n.<\/p>\n","protected":false},"excerpt":{"rendered":"<p>Gabriela Ag\u00fcero Rocha es artista visual, Instructora de yoga y chi chung, madre de Ivo Aldama y entre sus m\u00faltiples actividades, comenzar\u00e1 un espacio en el Centro MAPEP con clases de yoga dirigido a un p\u00fablico \u00e1vido de esta disciplina.<\/p>\n","protected":false},"author":4,"featured_media":3716,"comment_status":"closed","ping_status":"closed","sticky":false,"template":"","format":"standard","meta":{"footnotes":""},"categories":[5,17],"tags":[],"class_list":["post-3715","post","type-post","status-publish","format-standard","has-post-thumbnail","hentry","category-durazno","category-suplemento-mujer"],"_links":{"self":[{"href":"https:\/\/paginacero.com.uy\/index.php?rest_route=\/wp\/v2\/posts\/3715","targetHints":{"allow":["GET"]}}],"collection":[{"href":"https:\/\/paginacero.com.uy\/index.php?rest_route=\/wp\/v2\/posts"}],"about":[{"href":"https:\/\/paginacero.com.uy\/index.php?rest_route=\/wp\/v2\/types\/post"}],"author":[{"embeddable":true,"href":"https:\/\/paginacero.com.uy\/index.php?rest_route=\/wp\/v2\/users\/4"}],"replies":[{"embeddable":true,"href":"https:\/\/paginacero.com.uy\/index.php?rest_route=%2Fwp%2Fv2%2Fcomments&post=3715"}],"version-history":[{"count":1,"href":"https:\/\/paginacero.com.uy\/index.php?rest_route=\/wp\/v2\/posts\/3715\/revisions"}],"predecessor-version":[{"id":3717,"href":"https:\/\/paginacero.com.uy\/index.php?rest_route=\/wp\/v2\/posts\/3715\/revisions\/3717"}],"wp:featuredmedia":[{"embeddable":true,"href":"https:\/\/paginacero.com.uy\/index.php?rest_route=\/wp\/v2\/media\/3716"}],"wp:attachment":[{"href":"https:\/\/paginacero.com.uy\/index.php?rest_route=%2Fwp%2Fv2%2Fmedia&parent=3715"}],"wp:term":[{"taxonomy":"category","embeddable":true,"href":"https:\/\/paginacero.com.uy\/index.php?rest_route=%2Fwp%2Fv2%2Fcategories&post=3715"},{"taxonomy":"post_tag","embeddable":true,"href":"https:\/\/paginacero.com.uy\/index.php?rest_route=%2Fwp%2Fv2%2Ftags&post=3715"}],"curies":[{"name":"wp","href":"https:\/\/api.w.org\/{rel}","templated":true}]}}