{"id":3712,"date":"2024-03-22T11:28:13","date_gmt":"2024-03-22T14:28:13","guid":{"rendered":"https:\/\/paginacero.com.uy\/?p=3712"},"modified":"2024-03-22T11:28:13","modified_gmt":"2024-03-22T14:28:13","slug":"las-pitangas-un-paseo-de-campo-son-sabor-a-familia","status":"publish","type":"post","link":"https:\/\/paginacero.com.uy\/?p=3712","title":{"rendered":"\u201cLas Pitangas\u201d: un paseo de campo son sabor a familia"},"content":{"rendered":"<p><strong>Liliana Casas es maestra, estudiante de profesorado de lengua espa\u00f1ola pr\u00f3ximo a terminar, trabaja en Educaci\u00f3n Secundaria en el liceo de Sarand\u00ed del Y\u00ed donde tambi\u00e9n realiza la Did\u00e1ctica III, \u00faltimo a\u00f1o de pr\u00e1ctica del profesorado<\/strong><!--more--><\/p>\n<p>A las escuelas concurre en forma de suplente, por lo que su trabajo central es en Secundaria. Paralelamente, su emprendimiento \u201cLas Pitangas\u201d, que lleva adelante en familia, pone un sello diferente al \u00e1mbito rural.<\/p>\n<p>\u201cElijo este subsistema de educaci\u00f3n debido a la forma de trabajo, que me permite destinar las horas que elijo y a que resido en el campo, de esa forma puedo atender el emprendimiento al que estoy dedicada. Tengo dos hijos, Matilde y Gast\u00f3n, me gusta ser docente y a su vez me encanta emprender\u201d cont\u00f3.<\/p>\n<p>\u201cEste emprendimiento, \u201cLas Pitangas\u201d surge debido a que donde vivimos nosotros es una casa muy grande, porque fue un lugar que hered\u00f3 mi esposo por tercera generaci\u00f3n, contigua a la casa principal que nosotros habitamos hab\u00eda una casa en desuso, que antiguamente perteneci\u00f3 al capataz y su familia, por supuesto que nosotros no la \u00edbamos a ocupar y decidimos, debido a que se estaban arreglando los accesos al lugar, la caminer\u00eda en la zona, el nuevo trazado de la ruta 6, la construcci\u00f3n del nuevo puente Paso del Gordo que nos comunica con Cerro Largo, sabiendo que iban a mejorar los accesos decidimos hacer un emprendimiento tur\u00edstico\u201d agreg\u00f3.<\/p>\n<p>\u201cContamos con nuestro fondo, por llamarlo de alguna manera, tenemos costas del arroyo Cordob\u00e9s que est\u00e1n en nuestro campo y tambi\u00e9n hay all\u00ed f\u00f3siles marinos, de 400 millones de a\u00f1os atr\u00e1s, por lo que vimos que era un lugar para conservar y de inter\u00e9s educativo. Llevamos a cabo, cuando inauguramos hace un a\u00f1o el emprendimiento, una actividad de exposici\u00f3n de restos f\u00f3siles extra\u00eddos de all\u00ed, llevamos a estudiantes para que los pudieran extraer, contamos con la presencia de mi hermano que es aficionado a la paleontolog\u00eda e ingeniero agr\u00f3nomo\u201d dijo.<\/p>\n<p>\u201cLa ubicaci\u00f3n es en la ex ruta 6, Camino del Gordo 7\u00b0 Secci\u00f3n el departamento de Durazno, La Paloma y all\u00ed brindamos las habitaciones con ba\u00f1o privado, una barbacoa que pueden utilizar y se sirve tambi\u00e9n el desayuno, merienda y cena, contamos con una carta de comida criolla, tenemos wifi, aire acondicionado, el turista llega y tiene todos los servicios esenciales pero adem\u00e1s cabalgatas, traves\u00edas en bicicleta por los alrededores del lugar\u201d cont\u00f3.<\/p>\n<p>En \u201cLas Pitangas\u201d este a\u00f1o tuvo lugar un encuentro regional con motivo del D\u00eda de la Mujer.<\/p>\n<p>\u201cEste a\u00f1o la primer actividad que tuvimos fue relacionada al D\u00eda de la Mujer, el domingo 10 de marzo, con una muestra y exposici\u00f3n de productos artesanales de mujeres zona, pueblos cercanos, vino gente de Cerro Largo, Tacuaremb\u00f3, se realiz\u00f3 un desfile con productos de artesanas que estuvieron exponiendo ese d\u00eda. Fue una concurrencia muy buena, tambi\u00e9n particip\u00f3 Mar\u00eda Hern\u00e1ndez, que vino a animar la jornada, ella tambi\u00e9n hace productos en cuero en forma artesanal. Tuvimos una charla a cargo de CDM y se dio un intercambio muy lindo entre mujeres emprendedoras, que era el objetivo de la actividad, promover a mujeres emprendedoras de la zona que muchas veces por distancia no pueden asistir a las ciudades a exponer sus productos\u201d agreg\u00f3.<\/p>\n<p>\u201cTambi\u00e9n la de estrechar v\u00ednculos porque uno se enriquece al conocer otro tipo de emprendedoras\u201d dijo.<\/p>\n<p>\u201cMi vocaci\u00f3n como docente surgi\u00f3 desde chica, siempre me gust\u00f3 ense\u00f1ar, de ni\u00f1a jugaba a ser maestra, ah\u00ed fue que comenz\u00f3 mi vocaci\u00f3n. estudi\u00e9 magisterio, me recib\u00ed de maestra y cuando me vine para mi pueblo, yo soy nacida en La Paloma, me cas\u00e9 y regres\u00e9 ac\u00e1. Estuve trabajando como maestra pero despu\u00e9s la realidad nos indic\u00f3 que al trabajar mi esposo en el medio rural, deb\u00edamos irnos para all\u00ed, decid\u00ed entonces estudiar profesorado, porque me permit\u00eda trabajar menos tiempo y no tener que viajar todos los d\u00edas a la escuela\u201d cont\u00f3.<\/p>\n<p>\u201cFue una linda oportunidad porque pude estudiar en forma virtual. Los proyectos a futuros son instalar un sal\u00f3n multiuso para los turistas y grupos que est\u00e1n consultando para hacer otras actividades, donde pueda brindar otros servicios, ya que al no tener tanta capacidad para alojar personas, es importante tener un sal\u00f3n as\u00ed para realizar actividades por el d\u00eda. A mucha gente le ha gustado el lugar y por eso el proyecto se est\u00e1 impulsando\u201d finaliz\u00f3 anticipando las novedades para el emprendimiento.<\/p>\n","protected":false},"excerpt":{"rendered":"<p>Liliana Casas es maestra, estudiante de profesorado de lengua espa\u00f1ola pr\u00f3ximo a terminar, trabaja en Educaci\u00f3n Secundaria en el liceo de Sarand\u00ed del Y\u00ed donde tambi\u00e9n realiza la Did\u00e1ctica III, \u00faltimo a\u00f1o de pr\u00e1ctica del profesorado<\/p>\n","protected":false},"author":4,"featured_media":3713,"comment_status":"closed","ping_status":"closed","sticky":false,"template":"","format":"standard","meta":{"footnotes":""},"categories":[5,17],"tags":[],"class_list":["post-3712","post","type-post","status-publish","format-standard","has-post-thumbnail","hentry","category-durazno","category-suplemento-mujer"],"_links":{"self":[{"href":"https:\/\/paginacero.com.uy\/index.php?rest_route=\/wp\/v2\/posts\/3712","targetHints":{"allow":["GET"]}}],"collection":[{"href":"https:\/\/paginacero.com.uy\/index.php?rest_route=\/wp\/v2\/posts"}],"about":[{"href":"https:\/\/paginacero.com.uy\/index.php?rest_route=\/wp\/v2\/types\/post"}],"author":[{"embeddable":true,"href":"https:\/\/paginacero.com.uy\/index.php?rest_route=\/wp\/v2\/users\/4"}],"replies":[{"embeddable":true,"href":"https:\/\/paginacero.com.uy\/index.php?rest_route=%2Fwp%2Fv2%2Fcomments&post=3712"}],"version-history":[{"count":1,"href":"https:\/\/paginacero.com.uy\/index.php?rest_route=\/wp\/v2\/posts\/3712\/revisions"}],"predecessor-version":[{"id":3714,"href":"https:\/\/paginacero.com.uy\/index.php?rest_route=\/wp\/v2\/posts\/3712\/revisions\/3714"}],"wp:featuredmedia":[{"embeddable":true,"href":"https:\/\/paginacero.com.uy\/index.php?rest_route=\/wp\/v2\/media\/3713"}],"wp:attachment":[{"href":"https:\/\/paginacero.com.uy\/index.php?rest_route=%2Fwp%2Fv2%2Fmedia&parent=3712"}],"wp:term":[{"taxonomy":"category","embeddable":true,"href":"https:\/\/paginacero.com.uy\/index.php?rest_route=%2Fwp%2Fv2%2Fcategories&post=3712"},{"taxonomy":"post_tag","embeddable":true,"href":"https:\/\/paginacero.com.uy\/index.php?rest_route=%2Fwp%2Fv2%2Ftags&post=3712"}],"curies":[{"name":"wp","href":"https:\/\/api.w.org\/{rel}","templated":true}]}}