{"id":3699,"date":"2024-03-20T11:06:25","date_gmt":"2024-03-20T14:06:25","guid":{"rendered":"https:\/\/paginacero.com.uy\/?p=3699"},"modified":"2024-03-20T11:06:25","modified_gmt":"2024-03-20T14:06:25","slug":"quinta-edicion-del-curso-aproximacion-a-emprendimientos-cooperativos","status":"publish","type":"post","link":"https:\/\/paginacero.com.uy\/?p=3699","title":{"rendered":"Quinta edici\u00f3n del curso Aproximaci\u00f3n a emprendimientos cooperativos"},"content":{"rendered":"<p><strong>El curso se estar\u00e1 realizando en formato h\u00edbrido en nuestra ciudad. Este curso permite conocer c\u00f3mo se desarrollan los emprendimientos con el modelo de gesti\u00f3n empresarial cooperativo. Es una forma de insertarse en el mercado laboral generando proyectos asociativos viables.<\/strong><!--more--><\/p>\n<p>El curso tiene dos encuentros presenciales, uno virtual sincr\u00f3nico y m\u00f3dulos autogestionados en plataforma. El comienzo Presencial en Durazno ser\u00e1 el martes 2 de abril de 13 a 15 horas en la sede de UTEC, sal\u00f3n A2. El encuentro virtual sincr\u00f3nico ser\u00e1 el martes 23 de abril de 13 a 15 horas y sobre la fecha se enviar\u00e1 link de participacion.<\/p>\n<p>La finalizaci\u00f3n ser\u00e1 presencial en nuestra ciudad el viernes 10 de mayo de 13 a 15 horas tambi\u00e9n en la sede de UTEC. Los cupos limitados para estudiantes, colaboradores y p\u00fablico en general y las inscripciones pueden realizarse a trav\u00e9s del formulario en: http:\/\/bit.ly\/inscripcionUTECinnova donde deben seleccionar \u00abCurso H\u00edbrido: Aproximaci\u00f3n a emprendimientos Cooperativos 5ta Edici\u00f3n &#8211; Durazno \u00bb en la lista de talleres y cursos \u00abActividad UTECinnova\u00bb.<\/p>\n<p>Con respecto al movimiento cooperativo Uruguayo, el mismo posee sus caracter\u00edsticas particulares. Teniendo en cuenta lo que plantea Bertullo, sus or\u00edgenes, as\u00ed como la evoluci\u00f3n y desarrollo, est\u00e1 vinculado a los movimientos sociales, espec\u00edficamente a gremios, sindicatos, ya sea en trabajadores de sectores urbanos como productores rurales. Su expansi\u00f3n y crecimiento se asocia a la acci\u00f3n del Estado, en cuanto a su apoyo o no a trav\u00e9s de leyes y normas, sin dejar de tener su independencia con respecto a las pol\u00edticas p\u00fablicas. Por otra parte es caracter\u00edstico que en el Uruguay el movimiento cooperativo se ha desarrollado marcadamente en el interior del pa\u00eds, representando las cooperativas el 70 % del total del pa\u00eds.<\/p>\n<p>El surgimiento de las cooperativas en Uruguay se remontan a la llegada de inmigrantes que impulsaban organizaciones colectivas. Luego, en el a\u00f1o 1889 se crea la primer cooperativa de consumo, desarroll\u00e1ndose a partir de all\u00ed diversas experiencias cooperativas. Pero es a finales del a\u00f1o 1920 donde surgen con mayor fuerza las \u201ccooperativas propiamente dichas\u201d (Ibidem: 7).<\/p>\n<p>Los principios en los que se basa el cooperativismo son: adhesi\u00f3n abierta y voluntaria, lo que implica que \u201cLas cooperativas son organizaciones voluntarias abiertas para todas aquellas personas dispuestas a utilizar sus servicios y dispuestas a aceptar las responsabilidades que conlleva la membrec\u00eda sin discriminaci\u00f3n de g\u00e9nero, raza, clase social, posici\u00f3n pol\u00edtica o religiosa\u201d.<\/p>\n<p>Las modalidades de las cooperativas en Uruguay son de dos tipos, coperativas de trabajo o producci\u00f3n Uruguay se caracteriza por ser un pa\u00eds donde el cooperativismo tiene un peso importante, en donde uno de cada cuatro uruguayos est\u00e1 vinculado de alguna manera con el mismo. Existen diferentes tipos de cooperativas, unas m\u00e1s antiguas que otras, entre las que podemos encontrar: de producci\u00f3n o trabajo, de consumo, de ahorro y cr\u00e9dito, agrarias, de vivienda, sociales, de educaci\u00f3n.<\/p>\n<p>Las cooperativas de trabajo son organizaciones que se basan en la gesti\u00f3n colectiva de bienes o servicios que proveen de trabajo a sus asociados buscando una elevaci\u00f3n tanto econ\u00f3mica como cultural, social y profesional de sus trabajadores. En nuestro pa\u00eds se aprob\u00f3 durante el a\u00f1o 2004 una ley espec\u00edfica para cooperativas de trabajo. Dicha ley establece que son cooperativas de producci\u00f3n o trabajo asociado: \u201clas que tienen por objeto proporcionar a sus asociados puestos de trabajo, mediante su esfuerzo personal y directo, a trav\u00e9s de una organizaci\u00f3n conjunta destinada a producir bienes o servicios para terceros, en cualquier sector de la actividad econ\u00f3mica siempre que sus asociados no tengan trabajadores dependientes y el uso de los medios de producci\u00f3n de propiedad de los asociados, est\u00e9 afectado exclusivamente al cumplimiento del objeto de la cooperativa, salvo autorizaci\u00f3n expresa de \u00e9sta \u00faltima\u201d.<\/p>\n<p>Las cooperativas de trabajo pueden tener distintas causas al momento de su creaci\u00f3n, entre las que se destacan: Cooperativas que surgen ante la quiebra de una empresa, en donde los trabajadores tratan por medios cooperativos y autogestionarios, sostener su fuente de empleo. Por otra parte aquellas que se forman con trabajadores desocupados, promovidas o apoyadas por gremios,<\/p>\n<p>organizaciones no gubernamentales.<\/p>\n","protected":false},"excerpt":{"rendered":"<p>El curso se estar\u00e1 realizando en formato h\u00edbrido en nuestra ciudad. Este curso permite conocer c\u00f3mo se desarrollan los emprendimientos con el modelo de gesti\u00f3n empresarial cooperativo. Es una forma de insertarse en el mercado laboral generando proyectos asociativos viables.<\/p>\n","protected":false},"author":4,"featured_media":3700,"comment_status":"closed","ping_status":"closed","sticky":false,"template":"","format":"standard","meta":{"_monsterinsights_skip_tracking":false,"_monsterinsights_sitenote_active":false,"_monsterinsights_sitenote_note":"","_monsterinsights_sitenote_category":0,"footnotes":""},"categories":[5],"tags":[],"class_list":["post-3699","post","type-post","status-publish","format-standard","has-post-thumbnail","hentry","category-durazno"],"_links":{"self":[{"href":"https:\/\/paginacero.com.uy\/index.php?rest_route=\/wp\/v2\/posts\/3699","targetHints":{"allow":["GET"]}}],"collection":[{"href":"https:\/\/paginacero.com.uy\/index.php?rest_route=\/wp\/v2\/posts"}],"about":[{"href":"https:\/\/paginacero.com.uy\/index.php?rest_route=\/wp\/v2\/types\/post"}],"author":[{"embeddable":true,"href":"https:\/\/paginacero.com.uy\/index.php?rest_route=\/wp\/v2\/users\/4"}],"replies":[{"embeddable":true,"href":"https:\/\/paginacero.com.uy\/index.php?rest_route=%2Fwp%2Fv2%2Fcomments&post=3699"}],"version-history":[{"count":1,"href":"https:\/\/paginacero.com.uy\/index.php?rest_route=\/wp\/v2\/posts\/3699\/revisions"}],"predecessor-version":[{"id":3701,"href":"https:\/\/paginacero.com.uy\/index.php?rest_route=\/wp\/v2\/posts\/3699\/revisions\/3701"}],"wp:featuredmedia":[{"embeddable":true,"href":"https:\/\/paginacero.com.uy\/index.php?rest_route=\/wp\/v2\/media\/3700"}],"wp:attachment":[{"href":"https:\/\/paginacero.com.uy\/index.php?rest_route=%2Fwp%2Fv2%2Fmedia&parent=3699"}],"wp:term":[{"taxonomy":"category","embeddable":true,"href":"https:\/\/paginacero.com.uy\/index.php?rest_route=%2Fwp%2Fv2%2Fcategories&post=3699"},{"taxonomy":"post_tag","embeddable":true,"href":"https:\/\/paginacero.com.uy\/index.php?rest_route=%2Fwp%2Fv2%2Ftags&post=3699"}],"curies":[{"name":"wp","href":"https:\/\/api.w.org\/{rel}","templated":true}]}}