{"id":3696,"date":"2024-03-20T11:03:34","date_gmt":"2024-03-20T14:03:34","guid":{"rendered":"https:\/\/paginacero.com.uy\/?p=3696"},"modified":"2024-03-20T11:03:34","modified_gmt":"2024-03-20T14:03:34","slug":"los-jovenes-de-la-paloma-y-zonas-aledanas-buscan-una-oportunidad-educativa-local","status":"publish","type":"post","link":"https:\/\/paginacero.com.uy\/?p=3696","title":{"rendered":"\u201cLos j\u00f3venes de La Paloma y zonas aleda\u00f1as buscan una oportunidad educativa local\u201d"},"content":{"rendered":"<p><strong>Tatiana Anzola, edila nacionalista, elev\u00f3 el pedido de vecinos de La Paloma por la concreci\u00f3n de una Escuela Agraria o UTU en la localidad, o en la zona, para beneficiar a una amplia poblaci\u00f3n que requiere de oportunidades educativas para los j\u00f3venes.<\/strong><!--more--><\/p>\n<p>Tambi\u00e9n se refiri\u00f3 al Espacio de la Memoria recientemente inaugurado en Blanquillo.<\/p>\n<p>\u201cHace dos a\u00f1os se pensaba y se ped\u00eda en esta banca la posibilidad de tener en uno de los talleres de cer\u00e1mica de Blanquillo, un espacio de exposici\u00f3n y memoria que diera cuenta de la historia de nuestra comunidad. Su crecimiento y los actores que hicieron a la lucha con tanto para el desarrollo de la misma. Fue pensado y dise\u00f1ado en uno de los talleres de cer\u00e1mica, siendo este fundado integrado por mujeres, una de ellas es \u00edcono de la historia de nuestro pueblo, como lo fue la maestra Mar\u00eda Gloria Alvez. En su memoria y en agradecimiento a los variados aportes que hizo a nuestra comunidad, qued\u00f3 formalmente inaugurado este rinconcito y que mejor mes que el de la mujer para recordar a una luchadora incansable, que junto a otros actores dieron pie a variados proyectos que hicieron al crecimiento y progreso de nuestro pueblo\u201d dijo.<\/p>\n<p>\u201cUna vez m\u00e1s, quiero agradecer a las personas que escucharon y apoyaron esta idea, a los compa\u00f1eros Vidal\u00edn y Valletta as\u00ed como al diputado Irraz\u00e1bal y el intendente Vidalin. Celebro este peque\u00f1o pedazo de historia que nos hace sentir tan orgullosos de nuestra comunidad, Blanquillo con un coraz\u00f3n tan puro y blanco como su caol\u00edn que yace bajo las tierras coloradas\u201d agreg\u00f3.<\/p>\n<p>La edila tambi\u00e9n se hizo eco de una preocupaci\u00f3n de vecinos de La Paloma, que buscan concretar una oportunidad educativa para sus j\u00f3venes.<\/p>\n<p>\u201cEn segundo orden voy a hacer llegar un pedido que vienen realizando vecinos de la localidad de La Paloma, junto a zonas aleda\u00f1as. Motivados por la reciente inauguraci\u00f3n de la Escuela Agraria de Carlos Reyles, ellos se preguntaron por que no en nuestra zona. Nosotros tambi\u00e9n lo necesitamos, a nosotros tambi\u00e9n se nos van los gurises en busca de otro horizontes que le den oportunidad de formarse para poder trabajar. Qu\u00e9 pasa con los que no tienen la oportunidad de irse, por qu\u00e9 no ofrecerles oportunidades en nuestro pueblo, en nuestra zona. Fue as\u00ed que tomaron fuerza, a reunirse, pensar en la posibilidad de una Escuela Agraria que facilite tambi\u00e9n el hospedaje a los chicos de lunes a viernes. Siguiendo estas l\u00edneas de acci\u00f3n escribieron una carta dirigida a nuestro presidente, solicitando que se piense en la posibilidad de tener o cursos m\u00f3viles o una escuela agraria all\u00ed instalada\u201d dijo.<\/p>\n<p>\u201cTener la posibilidad de comenzar a so\u00f1ar, tener la posibilidad de formar en oficios, para que la campa\u00f1a no se despueble y seguir peleando por ella para mantenerla viva y latiendo. Este impulso ha logrado juntar m\u00e1s de quinientas firmas que apoyan la idea, me parece justo comenzar a so\u00f1ar junto con ellos y poder contribuir desde este lugar. Es por eso que voy a leer la nota y despu\u00e9s voy a pedir que las palabras pasen a la Presidenta del CODICEN, al director General de la Escuela T\u00e9cnica, a los diputados por el departamento, al Intendente y a la Comisi\u00f3n de Educaci\u00f3n de la Junta\u201d agreg\u00f3.<\/p>\n<p>La carta expresa \u201cse\u00f1or presidente Dr. Luis Lacalle Pou, en primer lugar queremos felicitarlo por su gesti\u00f3n en este gobierno teniendo en cuenta el apoyo que le ha dado a la educaci\u00f3n para que todos los estudiantes de diferentes puntos del pa\u00eds tengan acceso a ella. Tambi\u00e9n por la reciente inauguraci\u00f3n de la Escuela Agraria en Carlos reyles y a todos los que la hicieron posible, dirigimos a usted por la presente carta con el fin de expresarles nuestra preocupaci\u00f3n actual en la comunidad. La falta de una Escuela Agraria o UTU en nuestra zona, La Paloma, ya que ser\u00eda el centro de una amplia zona rural, como residentes de esta localidad hemos notado que los j\u00f3venes terminan el Liceo y no siguen su formaci\u00f3n terciaria por falta de recursos econ\u00f3micos\u201d indic\u00f3 la edil.<\/p>\n<p>\u201cLos j\u00f3venes tienen que viajar a Durazno u otros departamentos, lo cual se les hace dif\u00edcil para las familias solventar estos gastos. Teniendo en cuenta esa problem\u00e1tica, este a\u00f1o formamos un equipo para trabajar y lograr contar con dinero para apoyar a aquellos que deseen continuar sus estudios. El equipo est\u00e1 formado por padres, personas que desean ayudar, con el objetivo e interesados en seguir sus estudios. Por otra parte, consideramos que no es solo nuestra comunidad la que se ver\u00e1 beneficiada en tener una Escuela Agraria o UTU, sino que se benefician zonas rurales muy cercanas a La Paloma que tambi\u00e9n plantean esta problem\u00e1tica como La Alegr\u00eda, Migues, Paso del Gordo,<\/p>\n<p>Banquillo, Chileno y Cerro Convento. Adem\u00e1s hoy en d\u00eda contamos con un nuevo puente llamado Picada de Oribe, el cual posibilita la conexi\u00f3n de San Gregorio de Polanco. Tambi\u00e9n vemos una vieja oficina de UTE en desuso desde hace mucho tiempo que a futuro puede funcionar como Cuartelillo de Bomberos. Le pedimos que tome en consideraci\u00f3n estas preocupaciones y que trabaje en conjunto con su equipo de gobierno para buscar soluciones que beneficien a toda la poblaci\u00f3n. Sin otro particular, vienen adjuntas m\u00e1s de quinientas firmas en esta solicitud\u201d finaliz\u00f3.<\/p>\n","protected":false},"excerpt":{"rendered":"<p>Tatiana Anzola, edila nacionalista, elev\u00f3 el pedido de vecinos de La Paloma por la concreci\u00f3n de una Escuela Agraria o UTU en la localidad, o en la zona, para beneficiar a una amplia poblaci\u00f3n que requiere de oportunidades educativas para los j\u00f3venes.<\/p>\n","protected":false},"author":4,"featured_media":3697,"comment_status":"closed","ping_status":"closed","sticky":false,"template":"","format":"standard","meta":{"_monsterinsights_skip_tracking":false,"_monsterinsights_sitenote_active":false,"_monsterinsights_sitenote_note":"","_monsterinsights_sitenote_category":0,"footnotes":""},"categories":[5],"tags":[],"class_list":["post-3696","post","type-post","status-publish","format-standard","has-post-thumbnail","hentry","category-durazno"],"_links":{"self":[{"href":"https:\/\/paginacero.com.uy\/index.php?rest_route=\/wp\/v2\/posts\/3696","targetHints":{"allow":["GET"]}}],"collection":[{"href":"https:\/\/paginacero.com.uy\/index.php?rest_route=\/wp\/v2\/posts"}],"about":[{"href":"https:\/\/paginacero.com.uy\/index.php?rest_route=\/wp\/v2\/types\/post"}],"author":[{"embeddable":true,"href":"https:\/\/paginacero.com.uy\/index.php?rest_route=\/wp\/v2\/users\/4"}],"replies":[{"embeddable":true,"href":"https:\/\/paginacero.com.uy\/index.php?rest_route=%2Fwp%2Fv2%2Fcomments&post=3696"}],"version-history":[{"count":1,"href":"https:\/\/paginacero.com.uy\/index.php?rest_route=\/wp\/v2\/posts\/3696\/revisions"}],"predecessor-version":[{"id":3698,"href":"https:\/\/paginacero.com.uy\/index.php?rest_route=\/wp\/v2\/posts\/3696\/revisions\/3698"}],"wp:featuredmedia":[{"embeddable":true,"href":"https:\/\/paginacero.com.uy\/index.php?rest_route=\/wp\/v2\/media\/3697"}],"wp:attachment":[{"href":"https:\/\/paginacero.com.uy\/index.php?rest_route=%2Fwp%2Fv2%2Fmedia&parent=3696"}],"wp:term":[{"taxonomy":"category","embeddable":true,"href":"https:\/\/paginacero.com.uy\/index.php?rest_route=%2Fwp%2Fv2%2Fcategories&post=3696"},{"taxonomy":"post_tag","embeddable":true,"href":"https:\/\/paginacero.com.uy\/index.php?rest_route=%2Fwp%2Fv2%2Ftags&post=3696"}],"curies":[{"name":"wp","href":"https:\/\/api.w.org\/{rel}","templated":true}]}}