{"id":3693,"date":"2024-03-19T15:39:18","date_gmt":"2024-03-19T18:39:18","guid":{"rendered":"https:\/\/paginacero.com.uy\/?p=3693"},"modified":"2024-03-19T15:39:18","modified_gmt":"2024-03-19T18:39:18","slug":"se-debe-hacer-un-justo-homenaje-a-hugo-rovira-y-liliana-fernandez-en-honor-al-trabajo-que-dejaron-en-durazno","status":"publish","type":"post","link":"https:\/\/paginacero.com.uy\/?p=3693","title":{"rendered":"\u201cSe debe hacer un justo homenaje a Hugo Rovira y Liliana Fern\u00e1ndez en honor al trabajo que dejaron en Durazno\u201d"},"content":{"rendered":"<p><strong>El edil Andr\u00e9s Pereyra del Partido Nacional hizo referencia a dos figuras del Taller de Artes Pl\u00e1sticas y la necesidad de que se les rinda un homenaje por el legado que han dejado en el departamento.<\/strong><!--more--><\/p>\n<p>\u201cQuisi\u00e9ramos tener un tiempo para valorar a vecinos que han contribuido al departamento y a Durazno en s\u00ed. A veces las cuestiones que son cotidianas o costumbres que son cotidianas, las pasamos como que son parte de la vida nuestra y no la valoramos en su justa medida, entiendo que en este caso estas personas que lo han rodeado en su vida, si lo han valorado, porque en estos d\u00edas he tenido la posibilidad de conocer m\u00e1s sobre ellos, escuchar a quienes compartieron momentos sobre ellos, tanto alumnos como docentes, compa\u00f1eros de trabajo\u201d dijo.<\/p>\n<p>\u201cEl taller de Artes Pl\u00e1sticas en el departamento ha sido algo muy importante reflejar la cultura de los barrios, el sentir del departamento. Entre ellos los docentes que han trabajado all\u00ed, los directores que han pasado por all\u00ed, incluso el actual, pero aquellos directores que han sido queridos por el respeto, por dedicarle tiempo a la gente, por tratar de trabajar en equipo. Creo que ya est\u00e1n viendo hacia d\u00f3nde va nuestra l\u00ednea, quiero con sumo respeto resaltar la la persona de Hugo Rovira, creemos que ha contribuido de una manera ejemplar en el sentir de eso que le gustaba, que era el carnaval, murguero s\u00ed, dibujante, escritor, m\u00fasico, pero ha tenido una vocaci\u00f3n de pensar cuestiones que reflejen su identidad, su sentir y la del sentir de su barrio, sin duda alguna con el monumento al tambor y aquella apertura de haberlo hecho en conjunto con los dem\u00e1s docentes del Taller de Artes Pl\u00e1sticas, la apertura de haber ido a buscar a los ni\u00f1os del barrio para que sean parte de esa obra poniendo sus manitos sobre el barro, quedando grabada, interpretando un sentir que naci\u00f3 en ese almac\u00e9n del barrio Bertonasco y que hoy es una figura, un sentir, no solo de Durazno y de ese barrio, sino de todo el departamento\u201d agreg\u00f3.<\/p>\n<p>El edil agreg\u00f3 que todos los duraznenses conocemos y disfrutamos del trabajo que ellos han realizado en forma generosa, integrados con otros docentes y artistas.<\/p>\n<p>\u201cCreo que todos los duraznenses, que todos lo que estamos en el departamento tenemos orgullo y una admiraci\u00f3n por ese barrio y tambi\u00e9n una admiraci\u00f3n por ese monumento que nos regalara, encabezado la idea por Hugo Rovira, ese Taller de Artes Pl\u00e1sticas. Y en esto de valorar a las personas que han contribuido a la cultura nuestra, al sentir de un pueblo, nos parece sumamente destacado proponer a esta Junta y el intendente que en este nuevo Centro Cultural, creado hace poco, votado por este presupuesto, hecho realidad podamos dejar dos salas con el nombre de docentes que han contribuido y han dejado algo m\u00e1s que su tiempo, sin dudas que es importante, sino que han dejado parte de su coraz\u00f3n en cada obra, como ha sido el caso de Hugo Rovira y Liliana Fern\u00e1ndez. Nos parece que ser\u00eda de un reconocimiento a ellos y a lo que han querido el departamento y lo que han demostrado a sus compa\u00f1eros docentes y alumnos en las obras que hicieron\u201d indic\u00f3.<\/p>\n<p>\u201cMe parece que ser\u00eda oportuno que la Comisi\u00f3n de Cultura de la Junta y la Intendencia pueda lograr darle una sala que lleve su nombre, algo que nos parece que ser\u00eda muy noble de nuestra parte sin duda alguna que estas palabras no son las due\u00f1as de la verdad, sino simplemente un aporte a todos de algo que nos parece importante y que sin duda alguna alguien que lo conozca m\u00e1s va a decir palabras m\u00e1s bonitas y quiz\u00e1s algunos tambi\u00e9n acompa\u00f1en la idea de que alg\u00fan d\u00eda nos tomemos un tiempo de hacerle un homenaje a estos docentes del Taller de Artes Pl\u00e1stica que entendemos se lo merecen porque han dejado en el departamento, en el microcentro, en algunos barrios, en ese tambor, parte de nuestra cultura que no la tenemos que dejar como una cuesti\u00f3n natural de que existen, sino valorar y agradecer que lo han hecho con cari\u00f1o y lo han demostrado\u201d finaliz\u00f3 diciendo.<\/p>\n","protected":false},"excerpt":{"rendered":"<p>El edil Andr\u00e9s Pereyra del Partido Nacional hizo referencia a dos figuras del Taller de Artes Pl\u00e1sticas y la necesidad de que se les rinda un homenaje por el legado que han dejado en el departamento.<\/p>\n","protected":false},"author":4,"featured_media":3694,"comment_status":"closed","ping_status":"closed","sticky":false,"template":"","format":"standard","meta":{"_monsterinsights_skip_tracking":false,"_monsterinsights_sitenote_active":false,"_monsterinsights_sitenote_note":"","_monsterinsights_sitenote_category":0,"footnotes":""},"categories":[5],"tags":[],"class_list":["post-3693","post","type-post","status-publish","format-standard","has-post-thumbnail","hentry","category-durazno"],"_links":{"self":[{"href":"https:\/\/paginacero.com.uy\/index.php?rest_route=\/wp\/v2\/posts\/3693","targetHints":{"allow":["GET"]}}],"collection":[{"href":"https:\/\/paginacero.com.uy\/index.php?rest_route=\/wp\/v2\/posts"}],"about":[{"href":"https:\/\/paginacero.com.uy\/index.php?rest_route=\/wp\/v2\/types\/post"}],"author":[{"embeddable":true,"href":"https:\/\/paginacero.com.uy\/index.php?rest_route=\/wp\/v2\/users\/4"}],"replies":[{"embeddable":true,"href":"https:\/\/paginacero.com.uy\/index.php?rest_route=%2Fwp%2Fv2%2Fcomments&post=3693"}],"version-history":[{"count":1,"href":"https:\/\/paginacero.com.uy\/index.php?rest_route=\/wp\/v2\/posts\/3693\/revisions"}],"predecessor-version":[{"id":3695,"href":"https:\/\/paginacero.com.uy\/index.php?rest_route=\/wp\/v2\/posts\/3693\/revisions\/3695"}],"wp:featuredmedia":[{"embeddable":true,"href":"https:\/\/paginacero.com.uy\/index.php?rest_route=\/wp\/v2\/media\/3694"}],"wp:attachment":[{"href":"https:\/\/paginacero.com.uy\/index.php?rest_route=%2Fwp%2Fv2%2Fmedia&parent=3693"}],"wp:term":[{"taxonomy":"category","embeddable":true,"href":"https:\/\/paginacero.com.uy\/index.php?rest_route=%2Fwp%2Fv2%2Fcategories&post=3693"},{"taxonomy":"post_tag","embeddable":true,"href":"https:\/\/paginacero.com.uy\/index.php?rest_route=%2Fwp%2Fv2%2Ftags&post=3693"}],"curies":[{"name":"wp","href":"https:\/\/api.w.org\/{rel}","templated":true}]}}